{"id":9200,"date":"2025-03-06T22:50:00","date_gmt":"2025-03-07T01:50:00","guid":{"rendered":"https:\/\/www.correiobraziliense.com.br\/cbradar\/?p=9200"},"modified":"2025-03-05T15:40:46","modified_gmt":"2025-03-05T18:40:46","slug":"como-e-viver-em-um-lugar-onde-seu-endereco-muda-todo-ano","status":"publish","type":"post","link":"https:\/\/www.correiobraziliense.com.br\/cbradar\/como-e-viver-em-um-lugar-onde-seu-endereco-muda-todo-ano\/","title":{"rendered":"Como \u00e9 viver em um lugar onde seu endere\u00e7o muda todo ano?"},"content":{"rendered":"\n<p>Imagine tentar encontrar um endere\u00e7o e descobrir que a rua j\u00e1 n\u00e3o tem mais o mesmo nome. Essa \u00e9 a realidade dos moradores de <strong>La Paz<\/strong>, na <strong>Bol\u00edvia<\/strong>, onde v\u00e1rias ruas t\u00eam seus nomes alterados periodicamente para homenagear figuras hist\u00f3ricas, l\u00edderes pol\u00edticos e eventos importantes. O sistema de endere\u00e7amento da cidade est\u00e1 sempre mudando, e o que hoje \u00e9 uma rua com nome de um her\u00f3i nacional, amanh\u00e3 pode ter a placa substitu\u00edda por outro homenageado.<\/p>\n\n\n\n<p>Essa tradi\u00e7\u00e3o surgiu como uma forma de reconhecer acontecimentos marcantes e personagens influentes na hist\u00f3ria do pa\u00eds. No entanto, ao longo dos anos, a pr\u00e1tica se intensificou, tornando a localiza\u00e7\u00e3o de ruas e avenidas um verdadeiro desafio, especialmente para turistas e entregadores. A cada novo governo ou mudan\u00e7a na pol\u00edtica, surgem novas homenagens e, consequentemente, novas placas com nomes in\u00e9ditos espalhadas pela cidade.<\/p>\n\n\n\n<h2 class=\"wp-block-heading\"><strong>Como os moradores lidam com as constantes mudan\u00e7as?<\/strong><\/h2>\n\n\n\n<p>Para os moradores, essa constante atualiza\u00e7\u00e3o dos nomes das ruas j\u00e1 faz parte da cultura local. Muitos j\u00e1 se acostumaram a usar pontos de refer\u00eancia para dar dire\u00e7\u00f5es, como pra\u00e7as, monumentos ou pr\u00e9dios conhecidos. Outra solu\u00e7\u00e3o comum \u00e9 continuar utilizando os nomes antigos das ruas, mesmo que oficialmente eles j\u00e1 tenham sido alterados. Dessa forma, algumas ruas acabam sendo conhecidas por dois ou mais nomes ao mesmo tempo, dependendo da gera\u00e7\u00e3o ou do h\u00e1bito de quem se refere a elas.<\/p>\n\n\n\n<p>No entanto, essa tradi\u00e7\u00e3o n\u00e3o est\u00e1 isenta de cr\u00edticas. Comerciantes e empresas enfrentam dificuldades para manter seus registros atualizados, pois endere\u00e7os podem mudar com frequ\u00eancia. Servi\u00e7os de entrega, como correspond\u00eancias e encomendas, tamb\u00e9m s\u00e3o afetados, j\u00e1 que mapas e cadastros nem sempre acompanham as mudan\u00e7as na velocidade necess\u00e1ria. Os pr\u00f3prios moradores, apesar de acostumados, \u00e0s vezes enfrentam dificuldades ao tentar localizar estabelecimentos ou encontrar uma rua com nome recentemente modificado.<\/p>\n\n\n\n<figure class=\"wp-block-image size-large\"><img decoding=\"async\" width=\"1024\" height=\"576\" src=\"https:\/\/www.correiobraziliense.com.br\/cbradar\/wp-content\/uploads\/2025\/03\/La-Paz_1741181254850-1024x576.jpg\" alt=\"Como \u00e9 viver em um lugar onde seu endere\u00e7o muda todo ano?\" class=\"wp-image-9202\" srcset=\"https:\/\/www.correiobraziliense.com.br\/cbradar\/wp-content\/uploads\/2025\/03\/La-Paz_1741181254850-1024x576.jpg 1024w, https:\/\/www.correiobraziliense.com.br\/cbradar\/wp-content\/uploads\/2025\/03\/La-Paz_1741181254850-300x169.jpg 300w, https:\/\/www.correiobraziliense.com.br\/cbradar\/wp-content\/uploads\/2025\/03\/La-Paz_1741181254850-768x432.jpg 768w, https:\/\/www.correiobraziliense.com.br\/cbradar\/wp-content\/uploads\/2025\/03\/La-Paz_1741181254850-750x422.jpg 750w, https:\/\/www.correiobraziliense.com.br\/cbradar\/wp-content\/uploads\/2025\/03\/La-Paz_1741181254850-1140x641.jpg 1140w, https:\/\/www.correiobraziliense.com.br\/cbradar\/wp-content\/uploads\/2025\/03\/La-Paz_1741181254850.jpg 1280w\" sizes=\"(max-width: 1024px) 100vw, 1024px\" \/><figcaption class=\"wp-element-caption\">La Paz. Cr\u00e9ditos: depositphotos.com \/ rmnunes<\/figcaption><\/figure>\n\n\n\n<h3 class=\"wp-block-heading\"><strong>Curiosidades sobre La Paz e suas ruas<\/strong><\/h3>\n\n\n\n<ul class=\"wp-block-list\">\n<li><strong>Uma das capitais mais altas do mundo<\/strong> \u2013 Localizada a 3.650 metros acima do n\u00edvel do mar, La Paz tem um dos terrenos urbanos mais inclinados do planeta.<\/li>\n\n\n\n<li><strong>O maior sistema de telef\u00e9ricos urbanos do mundo<\/strong> \u2013 Para compensar o relevo acidentado, a cidade investiu em um transporte p\u00fablico baseado em telef\u00e9ricos.<\/li>\n\n\n\n<li><strong>Nomes hist\u00f3ricos ef\u00eameros<\/strong> \u2013 Algumas ruas j\u00e1 tiveram mais de cinco nomes diferentes ao longo dos anos.<\/li>\n\n\n\n<li><strong>Placas desatualizadas<\/strong> \u2013 Em algumas regi\u00f5es, placas com os nomes antigos continuam vis\u00edveis ao lado das novas, gerando ainda mais confus\u00e3o.<\/li>\n\n\n\n<li><strong>Tradi\u00e7\u00e3o que reflete a pol\u00edtica<\/strong> \u2013 Muitas mudan\u00e7as nos nomes das ruas ocorrem por influ\u00eancia de novos governos, que desejam destacar figuras alinhadas \u00e0s suas ideologias.<\/li>\n<\/ul>\n\n\n\n<h2 class=\"wp-block-heading\"><strong>Mudan\u00e7a de nome: homenagem ou confus\u00e3o?<\/strong><\/h2>\n\n\n\n<p>A pr\u00e1tica de trocar os nomes das ruas de La Paz pode parecer ca\u00f3tica para quem n\u00e3o est\u00e1 acostumado, mas para muitos bolivianos, \u00e9 uma forma de manter viva a mem\u00f3ria hist\u00f3rica e pol\u00edtica do pa\u00eds. No entanto, essa tradi\u00e7\u00e3o tamb\u00e9m imp\u00f5e desafios pr\u00e1ticos, dificultando a vida de quem depende de endere\u00e7os fixos para trabalhar e se deslocar.<\/p>\n\n\n\n<p>Se, por um lado, renomear ruas pode ser uma forma de reconhecer e celebrar momentos importantes, por outro, a constante mudan\u00e7a cria um cen\u00e1rio de confus\u00e3o urbana. No fim, La Paz continua a carregar esse costume \u00fanico, provando que, em algumas cidades, nem mesmo o nome das ruas \u00e9 definitivo.<\/p>\n","protected":false},"excerpt":{"rendered":"<p>Existe uma cidade onde os nomes das ruas mudam constantemente para homenagear figuras hist\u00f3ricas. Como os moradores lidam com essa confus\u00e3o?<\/p>\n","protected":false},"author":3,"featured_media":9201,"comment_status":"open","ping_status":"open","sticky":false,"template":"","format":"standard","meta":{"_yoast_wpseo_focuskw":"cidade troca nome","_yoast_wpseo_title":"%%title%%","_yoast_wpseo_metadesc":"Existe uma cidade onde os nomes das ruas mudam constantemente para homenagear figuras hist\u00f3ricas. Como os moradores lidam com essa confus\u00e3o?","jnews-multi-image_gallery":[],"jnews_single_post":{"format":"standard"},"jnews_primary_category":[],"jnews_social_meta":[],"jnews_override_counter":[],"footnotes":""},"categories":[108],"post_tag":[109],"class_list":["post-9200","post","type-post","status-publish","format-standard","has-post-thumbnail","hentry","category-cidades","tag-cidades"],"yoast_head":"<!-- This site is optimized with the Yoast SEO plugin v24.6 - https:\/\/yoast.com\/wordpress\/plugins\/seo\/ -->\n<title>Como \u00e9 viver em um lugar onde seu endere\u00e7o muda todo ano?<\/title>\n<meta name=\"description\" content=\"Existe uma cidade onde os nomes das ruas mudam constantemente para homenagear figuras hist\u00f3ricas. Como os moradores lidam com essa confus\u00e3o?\" \/>\n<meta name=\"robots\" content=\"index, follow, max-snippet:-1, max-image-preview:large, max-video-preview:-1\" \/>\n<link rel=\"canonical\" href=\"https:\/\/www.correiobraziliense.com.br\/cbradar\/como-e-viver-em-um-lugar-onde-seu-endereco-muda-todo-ano\/\" \/>\n<meta property=\"og:locale\" content=\"pt_BR\" \/>\n<meta property=\"og:type\" content=\"article\" \/>\n<meta property=\"og:title\" content=\"Como \u00e9 viver em um lugar onde seu endere\u00e7o muda todo ano?\" \/>\n<meta property=\"og:description\" content=\"Existe uma cidade onde os nomes das ruas mudam constantemente para homenagear figuras hist\u00f3ricas. Como os moradores lidam com essa confus\u00e3o?\" \/>\n<meta property=\"og:url\" content=\"https:\/\/www.correiobraziliense.com.br\/cbradar\/como-e-viver-em-um-lugar-onde-seu-endereco-muda-todo-ano\/\" \/>\n<meta property=\"og:site_name\" content=\"Correio Braziliense - Radar\" \/>\n<meta property=\"article:published_time\" content=\"2025-03-07T01:50:00+00:00\" \/>\n<meta property=\"og:image\" content=\"https:\/\/www.correiobraziliense.com.br\/cbradar\/wp-content\/uploads\/2025\/03\/La-Paz_1741181140382.jpg\" \/>\n\t<meta property=\"og:image:width\" content=\"1280\" \/>\n\t<meta property=\"og:image:height\" content=\"720\" \/>\n\t<meta property=\"og:image:type\" content=\"image\/jpeg\" \/>\n<meta name=\"author\" content=\"Larissa Carvalho\" \/>\n<meta name=\"twitter:card\" content=\"summary_large_image\" \/>\n<meta name=\"twitter:label1\" content=\"Escrito por\" \/>\n\t<meta name=\"twitter:data1\" content=\"Larissa Carvalho\" \/>\n\t<meta name=\"twitter:label2\" content=\"Est. tempo de leitura\" \/>\n\t<meta name=\"twitter:data2\" content=\"4 minutos\" \/>\n<!-- \/ Yoast SEO plugin. -->","yoast_head_json":{"title":"Como \u00e9 viver em um lugar onde seu endere\u00e7o muda todo ano?","description":"Existe uma cidade onde os nomes das ruas mudam constantemente para homenagear figuras hist\u00f3ricas. Como os moradores lidam com essa confus\u00e3o?","robots":{"index":"index","follow":"follow","max-snippet":"max-snippet:-1","max-image-preview":"max-image-preview:large","max-video-preview":"max-video-preview:-1"},"canonical":"https:\/\/www.correiobraziliense.com.br\/cbradar\/como-e-viver-em-um-lugar-onde-seu-endereco-muda-todo-ano\/","og_locale":"pt_BR","og_type":"article","og_title":"Como \u00e9 viver em um lugar onde seu endere\u00e7o muda todo ano?","og_description":"Existe uma cidade onde os nomes das ruas mudam constantemente para homenagear figuras hist\u00f3ricas. Como os moradores lidam com essa confus\u00e3o?","og_url":"https:\/\/www.correiobraziliense.com.br\/cbradar\/como-e-viver-em-um-lugar-onde-seu-endereco-muda-todo-ano\/","og_site_name":"Correio Braziliense - Radar","article_published_time":"2025-03-07T01:50:00+00:00","og_image":[{"width":1280,"height":720,"url":"https:\/\/www.correiobraziliense.com.br\/cbradar\/wp-content\/uploads\/2025\/03\/La-Paz_1741181140382.jpg","type":"image\/jpeg"}],"author":"Larissa Carvalho","twitter_card":"summary_large_image","twitter_misc":{"Escrito por":"Larissa Carvalho","Est. tempo de leitura":"4 minutos"},"schema":{"@context":"https:\/\/schema.org","@graph":[{"@type":"WebPage","@id":"https:\/\/www.correiobraziliense.com.br\/cbradar\/como-e-viver-em-um-lugar-onde-seu-endereco-muda-todo-ano\/","url":"https:\/\/www.correiobraziliense.com.br\/cbradar\/como-e-viver-em-um-lugar-onde-seu-endereco-muda-todo-ano\/","name":"Como \u00e9 viver em um lugar onde seu endere\u00e7o muda todo ano?","isPartOf":{"@id":"https:\/\/www.correiobraziliense.com.br\/cbradar\/#website"},"primaryImageOfPage":{"@id":"https:\/\/www.correiobraziliense.com.br\/cbradar\/como-e-viver-em-um-lugar-onde-seu-endereco-muda-todo-ano\/#primaryimage"},"image":{"@id":"https:\/\/www.correiobraziliense.com.br\/cbradar\/como-e-viver-em-um-lugar-onde-seu-endereco-muda-todo-ano\/#primaryimage"},"thumbnailUrl":"https:\/\/www.correiobraziliense.com.br\/cbradar\/wp-content\/uploads\/2025\/03\/La-Paz_1741181140382.jpg","datePublished":"2025-03-07T01:50:00+00:00","author":{"@id":"https:\/\/www.correiobraziliense.com.br\/cbradar\/#\/schema\/person\/58422787644df994b53a19d3e56c1513"},"description":"Existe uma cidade onde os nomes das ruas mudam constantemente para homenagear figuras hist\u00f3ricas. Como os moradores lidam com essa confus\u00e3o?","breadcrumb":{"@id":"https:\/\/www.correiobraziliense.com.br\/cbradar\/como-e-viver-em-um-lugar-onde-seu-endereco-muda-todo-ano\/#breadcrumb"},"inLanguage":"pt-BR","potentialAction":[{"@type":"ReadAction","target":["https:\/\/www.correiobraziliense.com.br\/cbradar\/como-e-viver-em-um-lugar-onde-seu-endereco-muda-todo-ano\/"]}]},{"@type":"ImageObject","inLanguage":"pt-BR","@id":"https:\/\/www.correiobraziliense.com.br\/cbradar\/como-e-viver-em-um-lugar-onde-seu-endereco-muda-todo-ano\/#primaryimage","url":"https:\/\/www.correiobraziliense.com.br\/cbradar\/wp-content\/uploads\/2025\/03\/La-Paz_1741181140382.jpg","contentUrl":"https:\/\/www.correiobraziliense.com.br\/cbradar\/wp-content\/uploads\/2025\/03\/La-Paz_1741181140382.jpg","width":1280,"height":720,"caption":"La Paz. Cr\u00e9ditos: depositphotos.com \/ sunsinger"},{"@type":"BreadcrumbList","@id":"https:\/\/www.correiobraziliense.com.br\/cbradar\/como-e-viver-em-um-lugar-onde-seu-endereco-muda-todo-ano\/#breadcrumb","itemListElement":[{"@type":"ListItem","position":1,"name":"In\u00edcio","item":"https:\/\/www.correiobraziliense.com.br\/cbradar\/"},{"@type":"ListItem","position":2,"name":"Como \u00e9 viver em um lugar onde seu endere\u00e7o muda todo ano?"}]},{"@type":"WebSite","@id":"https:\/\/www.correiobraziliense.com.br\/cbradar\/#website","url":"https:\/\/www.correiobraziliense.com.br\/cbradar\/","name":"Correio Braziliense - Radar","description":"Acompanhe as \u00faltimas not\u00edcias e fique bem informado sobre tudo o que acontece no Brasil e no mundo.","potentialAction":[{"@type":"SearchAction","target":{"@type":"EntryPoint","urlTemplate":"https:\/\/www.correiobraziliense.com.br\/cbradar\/?s={search_term_string}"},"query-input":{"@type":"PropertyValueSpecification","valueRequired":true,"valueName":"search_term_string"}}],"inLanguage":"pt-BR"},{"@type":"Person","@id":"https:\/\/www.correiobraziliense.com.br\/cbradar\/#\/schema\/person\/58422787644df994b53a19d3e56c1513","name":"Larissa Carvalho","image":{"@type":"ImageObject","inLanguage":"pt-BR","@id":"https:\/\/www.correiobraziliense.com.br\/cbradar\/#\/schema\/person\/image\/","url":"https:\/\/secure.gravatar.com\/avatar\/fe4f91a0de32b52a838d0d612abdc1aa?s=96&d=mm&r=g","contentUrl":"https:\/\/secure.gravatar.com\/avatar\/fe4f91a0de32b52a838d0d612abdc1aa?s=96&d=mm&r=g","caption":"Larissa Carvalho"},"url":"https:\/\/www.correiobraziliense.com.br\/cbradar\/author\/larissamyth\/"}]}},"_links":{"self":[{"href":"https:\/\/www.correiobraziliense.com.br\/cbradar\/wp-json\/wp\/v2\/posts\/9200","targetHints":{"allow":["GET"]}}],"collection":[{"href":"https:\/\/www.correiobraziliense.com.br\/cbradar\/wp-json\/wp\/v2\/posts"}],"about":[{"href":"https:\/\/www.correiobraziliense.com.br\/cbradar\/wp-json\/wp\/v2\/types\/post"}],"author":[{"embeddable":true,"href":"https:\/\/www.correiobraziliense.com.br\/cbradar\/wp-json\/wp\/v2\/users\/3"}],"replies":[{"embeddable":true,"href":"https:\/\/www.correiobraziliense.com.br\/cbradar\/wp-json\/wp\/v2\/comments?post=9200"}],"version-history":[{"count":1,"href":"https:\/\/www.correiobraziliense.com.br\/cbradar\/wp-json\/wp\/v2\/posts\/9200\/revisions"}],"predecessor-version":[{"id":9203,"href":"https:\/\/www.correiobraziliense.com.br\/cbradar\/wp-json\/wp\/v2\/posts\/9200\/revisions\/9203"}],"wp:featuredmedia":[{"embeddable":true,"href":"https:\/\/www.correiobraziliense.com.br\/cbradar\/wp-json\/wp\/v2\/media\/9201"}],"wp:attachment":[{"href":"https:\/\/www.correiobraziliense.com.br\/cbradar\/wp-json\/wp\/v2\/media?parent=9200"}],"wp:term":[{"taxonomy":"category","embeddable":true,"href":"https:\/\/www.correiobraziliense.com.br\/cbradar\/wp-json\/wp\/v2\/categories?post=9200"},{"taxonomy":"post_tag","embeddable":true,"href":"https:\/\/www.correiobraziliense.com.br\/cbradar\/wp-json\/wp\/v2\/post_tag?post=9200"}],"curies":[{"name":"wp","href":"https:\/\/api.w.org\/{rel}","templated":true}]}}