{"id":92627,"date":"2025-08-27T16:03:00","date_gmt":"2025-08-27T19:03:00","guid":{"rendered":"https:\/\/www.correiobraziliense.com.br\/cbradar\/?p=92627"},"modified":"2025-08-24T19:20:40","modified_gmt":"2025-08-24T22:20:40","slug":"planeta-y-sinais-de-um-mundo-escondido-em-nosso-sistema-solar","status":"publish","type":"post","link":"https:\/\/www.correiobraziliense.com.br\/cbradar\/planeta-y-sinais-de-um-mundo-escondido-em-nosso-sistema-solar\/","title":{"rendered":"Planeta Y: sinais de um mundo escondido em nosso Sistema Solar"},"content":{"rendered":"\n<p>Por s\u00e9culos, os humanos contemplaram o c\u00e9u noturno, questionando o que reside al\u00e9m dos planetas conhecidos. Cada nova descoberta no <strong>Sistema Solar<\/strong> redefine nosso lugar no <strong>cosmos<\/strong>. Agora, astr\u00f4nomos est\u00e3o sugerindo a possibilidade de um mundo invis\u00edvel, potencialmente orbitando al\u00e9m de Netuno, chamado de <em>\u201cPlaneta Y\u201d<\/em>.<\/p>\n\n\n\n<ul class=\"wp-block-list\">\n<li>O conceito de planetas escondidos n\u00e3o \u00e9 novidade, com ideias como o Planeta X j\u00e1 surgindo anteriormente.<\/li>\n\n\n\n<li>Pesquisas recentes indicam um efeito de distor\u00e7\u00e3o nas \u00f3rbitas de objetos do Cintur\u00e3o de Kuiper.<\/li>\n\n\n\n<li>O Observat\u00f3rio Vera C. Rubin poder\u00e1 trazer respostas sobre o Planeta Y na pr\u00f3xima d\u00e9cada.<\/li>\n<\/ul>\n\n\n\n<h2 class=\"wp-block-heading\">O que \u00e9 o Planeta Y e por que ele \u00e9 importante?<\/h2>\n\n\n\n<p>A ideia de planetas ocultos, como o <strong>Planeta X<\/strong>, j\u00e1 foi debatida amplamente na astronomia. Embora grande parte dessas teorias tenham sido refutadas, novas evid\u00eancias est\u00e3o surgindo para uma outra hip\u00f3tese. Amir Siraj, da Universidade de Princeton, e colegas sugerem a exist\u00eancia do <strong>Planeta Y<\/strong> devido a um efeito de curvatura nas \u00f3rbitas de alguns objetos do Cintur\u00e3o de Kuiper.<\/p>\n\n\n\n<h2 class=\"wp-block-heading\">Por que o Cintur\u00e3o de Kuiper est\u00e1 inclinado?<\/h2>\n\n\n\n<p>A pesquisa indica que, na aus\u00eancia de planetas ocultos, o plano m\u00e9dio do <strong>Cintur\u00e3o de Kuiper<\/strong> deveria alinhar-se com o plano invariante do sistema solar. No entanto, h\u00e1 uma clara distor\u00e7\u00e3o entre 80 e 200 unidades astron\u00f4micas (UA). Essa curvatura n\u00e3o \u00e9 considerada primordial, pois a precess\u00e3o orbital natural a elimiaria em menos de 100 milh\u00f5es de anos.<\/p>\n\n\n\n<h2 class=\"wp-block-heading\">Quais s\u00e3o os cen\u00e1rios poss\u00edveis para o Planeta Y?<\/h2>\n\n\n\n<p>Jonti Horner, da Universidade do Sul de Queensland, acredita que h\u00e1 possibilidade para o Planeta Y. Ele sugere que planetas t\u00e3o longe do Sol poderiam ter sido dispersos para o exterior no in\u00edcio da hist\u00f3ria do Sistema Solar. Experimentos num\u00e9ricos sustentam a teoria de que um planeta entre as massas de Merc\u00fario e Terra poderia sustentar a deforma\u00e7\u00e3o observada.<\/p>\n\n\n\n<figure class=\"wp-block-image size-large\"><img decoding=\"async\" width=\"1024\" height=\"576\" src=\"https:\/\/www.correiobraziliense.com.br\/cbradar\/wp-content\/uploads\/2025\/08\/planetas_1756074007371-1024x576.jpg\" alt=\"Planeta Y: sinais de um mundo escondido em nosso Sistema Solar\" class=\"wp-image-92631\" srcset=\"https:\/\/www.correiobraziliense.com.br\/cbradar\/wp-content\/uploads\/2025\/08\/planetas_1756074007371-1024x576.jpg 1024w, https:\/\/www.correiobraziliense.com.br\/cbradar\/wp-content\/uploads\/2025\/08\/planetas_1756074007371-300x169.jpg 300w, https:\/\/www.correiobraziliense.com.br\/cbradar\/wp-content\/uploads\/2025\/08\/planetas_1756074007371-768x432.jpg 768w, https:\/\/www.correiobraziliense.com.br\/cbradar\/wp-content\/uploads\/2025\/08\/planetas_1756074007371-750x422.jpg 750w, https:\/\/www.correiobraziliense.com.br\/cbradar\/wp-content\/uploads\/2025\/08\/planetas_1756074007371-1140x641.jpg 1140w, https:\/\/www.correiobraziliense.com.br\/cbradar\/wp-content\/uploads\/2025\/08\/planetas_1756074007371.jpg 1280w\" sizes=\"(max-width: 1024px) 100vw, 1024px\" \/><figcaption class=\"wp-element-caption\">planetas. Cr\u00e9ditos: depositphotos.com \/ alexaldo<\/figcaption><\/figure>\n\n\n\n<h2 class=\"wp-block-heading\">O que podemos esperar do futuro da pesquisa no Sistema Solar?<\/h2>\n\n\n\n<p>O <strong>Observat\u00f3rio Vera C. Rubin<\/strong> em breve iniciar\u00e1 um levantamento de 10 anos, mapeando o c\u00e9u noturno com detalhes in\u00e9ditos. Ele poder\u00e1 detectar diretamente o Planeta Y ou confirmar sinais indiretos de sua influ\u00eancia. &#8220;O Rubin expandir\u00e1 rapidamente o cat\u00e1logo de objetos transnetunianos bem medidos&#8221;, diz Siraj.<\/p>\n\n\n\n<h2 class=\"wp-block-heading\">O que as evid\u00eancias nos dizem sobre o Planeta Y?<\/h2>\n\n\n\n<p>Por enquanto, o Planeta Y permanece hipot\u00e9tico, um ind\u00edcio obtido a partir de padr\u00f5es orbitais sutis. No entanto, a hist\u00f3ria nos mostra que aten\u00e7\u00e3o cuidadosa a pequenas irregularidades pode revelar grandes descobertas, desde a previs\u00e3o de Netuno no s\u00e9culo 19 at\u00e9 a identifica\u00e7\u00e3o de <strong>Plut\u00e3o<\/strong> no 20.<\/p>\n\n\n\n<h2 class=\"wp-block-heading\">Principais insights sobre a hip\u00f3tese do Planeta Y<\/h2>\n\n\n\n<ul class=\"wp-block-list\">\n<li>Evid\u00eancias sugerem que um planeta desconhecido poderia estar influenciando o Cintur\u00e3o de Kuiper.<\/li>\n\n\n\n<li>Planetas n\u00e3o podem ter se formado t\u00e3o longe do Sol sem algum mecanismo de dispers\u00e3o.<\/li>\n\n\n\n<li>O futuro das pesquisas com o Observat\u00f3rio Vera C. Rubin poder\u00e1 confirmar a exist\u00eancia do Planeta Y.<\/li>\n<\/ul>\n","protected":false},"excerpt":{"rendered":"<p>Artigo sobre as evid\u00eancias de um poss\u00edvel planeta desconhecido alm\u00e9 de Netuno, chamado Planeta Y. Descubra como astr\u00f4nomos buscam respostas.<\/p>\n","protected":false},"author":3,"featured_media":92630,"comment_status":"open","ping_status":"open","sticky":false,"template":"","format":"standard","meta":{"jnews-multi-image_gallery":[],"jnews_single_post":{"format":"standard"},"jnews_primary_category":[],"jnews_social_meta":[],"jnews_override_counter":[],"footnotes":""},"categories":[112],"post_tag":[179,736,144],"class_list":["post-92627","post","type-post","status-publish","format-standard","has-post-thumbnail","hentry","category-curiosidades","tag-astronomia","tag-ciencia","tag-curiosidades"],"yoast_head":"<!-- This site is optimized with the Yoast SEO plugin v24.6 - https:\/\/yoast.com\/wordpress\/plugins\/seo\/ -->\n<title>Planeta Y: sinais de um mundo escondido em nosso Sistema Solar<\/title>\n<meta name=\"description\" content=\"Artigo sobre as evid\u00eancias de um poss\u00edvel planeta desconhecido alm\u00e9 de Netuno, chamado Planeta Y. Descubra como astr\u00f4nomos buscam respostas.\" \/>\n<meta name=\"robots\" content=\"index, follow, max-snippet:-1, max-image-preview:large, max-video-preview:-1\" \/>\n<link rel=\"canonical\" href=\"https:\/\/www.correiobraziliense.com.br\/cbradar\/planeta-y-sinais-de-um-mundo-escondido-em-nosso-sistema-solar\/\" \/>\n<meta property=\"og:locale\" content=\"pt_BR\" \/>\n<meta property=\"og:type\" content=\"article\" \/>\n<meta property=\"og:title\" content=\"Planeta Y: sinais de um mundo escondido em nosso Sistema Solar\" \/>\n<meta property=\"og:description\" content=\"Artigo sobre as evid\u00eancias de um poss\u00edvel planeta desconhecido alm\u00e9 de Netuno, chamado Planeta Y. Descubra como astr\u00f4nomos buscam respostas.\" \/>\n<meta property=\"og:url\" content=\"https:\/\/www.correiobraziliense.com.br\/cbradar\/planeta-y-sinais-de-um-mundo-escondido-em-nosso-sistema-solar\/\" \/>\n<meta property=\"og:site_name\" content=\"Correio Braziliense - Radar\" \/>\n<meta property=\"article:published_time\" content=\"2025-08-27T19:03:00+00:00\" \/>\n<meta property=\"og:image\" content=\"https:\/\/www.correiobraziliense.com.br\/cbradar\/wp-content\/uploads\/2025\/08\/planetas_1756073958393.jpg\" \/>\n\t<meta property=\"og:image:width\" content=\"1280\" \/>\n\t<meta property=\"og:image:height\" content=\"720\" \/>\n\t<meta property=\"og:image:type\" content=\"image\/jpeg\" \/>\n<meta name=\"author\" content=\"Larissa Carvalho\" \/>\n<meta name=\"twitter:card\" content=\"summary_large_image\" \/>\n<meta name=\"twitter:label1\" content=\"Escrito por\" \/>\n\t<meta name=\"twitter:data1\" content=\"Larissa Carvalho\" \/>\n\t<meta name=\"twitter:label2\" content=\"Est. tempo de leitura\" \/>\n\t<meta name=\"twitter:data2\" content=\"4 minutos\" \/>\n<!-- \/ Yoast SEO plugin. -->","yoast_head_json":{"title":"Planeta Y: sinais de um mundo escondido em nosso Sistema Solar","description":"Artigo sobre as evid\u00eancias de um poss\u00edvel planeta desconhecido alm\u00e9 de Netuno, chamado Planeta Y. Descubra como astr\u00f4nomos buscam respostas.","robots":{"index":"index","follow":"follow","max-snippet":"max-snippet:-1","max-image-preview":"max-image-preview:large","max-video-preview":"max-video-preview:-1"},"canonical":"https:\/\/www.correiobraziliense.com.br\/cbradar\/planeta-y-sinais-de-um-mundo-escondido-em-nosso-sistema-solar\/","og_locale":"pt_BR","og_type":"article","og_title":"Planeta Y: sinais de um mundo escondido em nosso Sistema Solar","og_description":"Artigo sobre as evid\u00eancias de um poss\u00edvel planeta desconhecido alm\u00e9 de Netuno, chamado Planeta Y. Descubra como astr\u00f4nomos buscam respostas.","og_url":"https:\/\/www.correiobraziliense.com.br\/cbradar\/planeta-y-sinais-de-um-mundo-escondido-em-nosso-sistema-solar\/","og_site_name":"Correio Braziliense - Radar","article_published_time":"2025-08-27T19:03:00+00:00","og_image":[{"width":1280,"height":720,"url":"https:\/\/www.correiobraziliense.com.br\/cbradar\/wp-content\/uploads\/2025\/08\/planetas_1756073958393.jpg","type":"image\/jpeg"}],"author":"Larissa Carvalho","twitter_card":"summary_large_image","twitter_misc":{"Escrito por":"Larissa Carvalho","Est. tempo de leitura":"4 minutos"},"schema":{"@context":"https:\/\/schema.org","@graph":[{"@type":"WebPage","@id":"https:\/\/www.correiobraziliense.com.br\/cbradar\/planeta-y-sinais-de-um-mundo-escondido-em-nosso-sistema-solar\/","url":"https:\/\/www.correiobraziliense.com.br\/cbradar\/planeta-y-sinais-de-um-mundo-escondido-em-nosso-sistema-solar\/","name":"Planeta Y: sinais de um mundo escondido em nosso Sistema Solar","isPartOf":{"@id":"https:\/\/www.correiobraziliense.com.br\/cbradar\/#website"},"primaryImageOfPage":{"@id":"https:\/\/www.correiobraziliense.com.br\/cbradar\/planeta-y-sinais-de-um-mundo-escondido-em-nosso-sistema-solar\/#primaryimage"},"image":{"@id":"https:\/\/www.correiobraziliense.com.br\/cbradar\/planeta-y-sinais-de-um-mundo-escondido-em-nosso-sistema-solar\/#primaryimage"},"thumbnailUrl":"https:\/\/www.correiobraziliense.com.br\/cbradar\/wp-content\/uploads\/2025\/08\/planetas_1756073958393.jpg","datePublished":"2025-08-27T19:03:00+00:00","author":{"@id":"https:\/\/www.correiobraziliense.com.br\/cbradar\/#\/schema\/person\/58422787644df994b53a19d3e56c1513"},"description":"Artigo sobre as evid\u00eancias de um poss\u00edvel planeta desconhecido alm\u00e9 de Netuno, chamado Planeta Y. Descubra como astr\u00f4nomos buscam respostas.","breadcrumb":{"@id":"https:\/\/www.correiobraziliense.com.br\/cbradar\/planeta-y-sinais-de-um-mundo-escondido-em-nosso-sistema-solar\/#breadcrumb"},"inLanguage":"pt-BR","potentialAction":[{"@type":"ReadAction","target":["https:\/\/www.correiobraziliense.com.br\/cbradar\/planeta-y-sinais-de-um-mundo-escondido-em-nosso-sistema-solar\/"]}]},{"@type":"ImageObject","inLanguage":"pt-BR","@id":"https:\/\/www.correiobraziliense.com.br\/cbradar\/planeta-y-sinais-de-um-mundo-escondido-em-nosso-sistema-solar\/#primaryimage","url":"https:\/\/www.correiobraziliense.com.br\/cbradar\/wp-content\/uploads\/2025\/08\/planetas_1756073958393.jpg","contentUrl":"https:\/\/www.correiobraziliense.com.br\/cbradar\/wp-content\/uploads\/2025\/08\/planetas_1756073958393.jpg","width":1280,"height":720,"caption":"planetas. Cr\u00e9ditos: depositphotos.com \/ mozzyb"},{"@type":"BreadcrumbList","@id":"https:\/\/www.correiobraziliense.com.br\/cbradar\/planeta-y-sinais-de-um-mundo-escondido-em-nosso-sistema-solar\/#breadcrumb","itemListElement":[{"@type":"ListItem","position":1,"name":"In\u00edcio","item":"https:\/\/www.correiobraziliense.com.br\/cbradar\/"},{"@type":"ListItem","position":2,"name":"Planeta Y: sinais de um mundo escondido em nosso Sistema Solar"}]},{"@type":"WebSite","@id":"https:\/\/www.correiobraziliense.com.br\/cbradar\/#website","url":"https:\/\/www.correiobraziliense.com.br\/cbradar\/","name":"Correio Braziliense - Radar","description":"Acompanhe as \u00faltimas not\u00edcias e fique bem informado sobre tudo o que acontece no Brasil e no mundo.","potentialAction":[{"@type":"SearchAction","target":{"@type":"EntryPoint","urlTemplate":"https:\/\/www.correiobraziliense.com.br\/cbradar\/?s={search_term_string}"},"query-input":{"@type":"PropertyValueSpecification","valueRequired":true,"valueName":"search_term_string"}}],"inLanguage":"pt-BR"},{"@type":"Person","@id":"https:\/\/www.correiobraziliense.com.br\/cbradar\/#\/schema\/person\/58422787644df994b53a19d3e56c1513","name":"Larissa Carvalho","image":{"@type":"ImageObject","inLanguage":"pt-BR","@id":"https:\/\/www.correiobraziliense.com.br\/cbradar\/#\/schema\/person\/image\/","url":"https:\/\/secure.gravatar.com\/avatar\/fe4f91a0de32b52a838d0d612abdc1aa?s=96&d=mm&r=g","contentUrl":"https:\/\/secure.gravatar.com\/avatar\/fe4f91a0de32b52a838d0d612abdc1aa?s=96&d=mm&r=g","caption":"Larissa Carvalho"},"url":"https:\/\/www.correiobraziliense.com.br\/cbradar\/author\/larissamyth\/"}]}},"_links":{"self":[{"href":"https:\/\/www.correiobraziliense.com.br\/cbradar\/wp-json\/wp\/v2\/posts\/92627","targetHints":{"allow":["GET"]}}],"collection":[{"href":"https:\/\/www.correiobraziliense.com.br\/cbradar\/wp-json\/wp\/v2\/posts"}],"about":[{"href":"https:\/\/www.correiobraziliense.com.br\/cbradar\/wp-json\/wp\/v2\/types\/post"}],"author":[{"embeddable":true,"href":"https:\/\/www.correiobraziliense.com.br\/cbradar\/wp-json\/wp\/v2\/users\/3"}],"replies":[{"embeddable":true,"href":"https:\/\/www.correiobraziliense.com.br\/cbradar\/wp-json\/wp\/v2\/comments?post=92627"}],"version-history":[{"count":2,"href":"https:\/\/www.correiobraziliense.com.br\/cbradar\/wp-json\/wp\/v2\/posts\/92627\/revisions"}],"predecessor-version":[{"id":92632,"href":"https:\/\/www.correiobraziliense.com.br\/cbradar\/wp-json\/wp\/v2\/posts\/92627\/revisions\/92632"}],"wp:featuredmedia":[{"embeddable":true,"href":"https:\/\/www.correiobraziliense.com.br\/cbradar\/wp-json\/wp\/v2\/media\/92630"}],"wp:attachment":[{"href":"https:\/\/www.correiobraziliense.com.br\/cbradar\/wp-json\/wp\/v2\/media?parent=92627"}],"wp:term":[{"taxonomy":"category","embeddable":true,"href":"https:\/\/www.correiobraziliense.com.br\/cbradar\/wp-json\/wp\/v2\/categories?post=92627"},{"taxonomy":"post_tag","embeddable":true,"href":"https:\/\/www.correiobraziliense.com.br\/cbradar\/wp-json\/wp\/v2\/post_tag?post=92627"}],"curies":[{"name":"wp","href":"https:\/\/api.w.org\/{rel}","templated":true}]}}