{"id":92878,"date":"2025-08-27T20:33:00","date_gmt":"2025-08-27T23:33:00","guid":{"rendered":"https:\/\/www.correiobraziliense.com.br\/cbradar\/?p=92878"},"modified":"2025-08-25T08:15:09","modified_gmt":"2025-08-25T11:15:09","slug":"os-comportamentos-que-denunciam-uma-pessoa-introvertida-segundo-a-psicologia","status":"publish","type":"post","link":"https:\/\/www.correiobraziliense.com.br\/cbradar\/os-comportamentos-que-denunciam-uma-pessoa-introvertida-segundo-a-psicologia\/","title":{"rendered":"Os comportamentos que denunciam uma pessoa introvertida segundo a psicologia"},"content":{"rendered":"\n<p>Voc\u00ea j\u00e1 se perguntou como <strong>identificar uma pessoa introvertida<\/strong> entre seus amigos e colegas? A psicologia oferece diversas pistas sobre o comportamento das pessoas introvertidas que podem ser \u00fateis no nosso dia a dia. Neste artigo, vamos explorar as caracter\u00edsticas de introvertidos e como voc\u00ea pode reconhec\u00ea-las.<\/p>\n\n\n\n<ul class=\"wp-block-list\">\n<li>Entenda as <strong>caracter\u00edsticas principais<\/strong> dos introvertidos<\/li>\n\n\n\n<li>Descubra como a <strong>introvers\u00e3o<\/strong> se manifesta em diferentes situa\u00e7\u00f5es sociais<\/li>\n\n\n\n<li>Aprenda a respeitar e valorizar a <strong>personalidade introvertida<\/strong><\/li>\n<\/ul>\n\n\n\n<h2 class=\"wp-block-heading\">Quais s\u00e3o as principais caracter\u00edsticas de uma pessoa introvertida?<\/h2>\n\n\n\n<p>Pessoas introvertidas s\u00e3o geralmente mais focadas em seus pr\u00f3prios pensamentos e sentimentos. Elas tendem a buscar situa\u00e7\u00f5es mais quietas e calmas para <strong>recarregar suas energias<\/strong>. Introvertidos preferem intera\u00e7\u00f5es sociais significativas a grandes grupos.<\/p>\n\n\n\n<p>Outro <strong>tra\u00e7o comum<\/strong> \u00e9 a habilidade de escutar atentamente, processando informa\u00e7\u00f5es de maneira profunda antes de responder.<\/p>\n\n\n\n<h2 class=\"wp-block-heading\">Como a introvers\u00e3o se manifesta socialmente?<\/h2>\n\n\n\n<p>Na maioria dos casos, <strong>pessoas introvertidas<\/strong> evitam se expor em eventos sociais lotados. Elas podem parecer reservadas ou t\u00edmidas em ambientes novos, mas em grupos pequenos, sua verdadeira personalidade brilha.<\/p>\n\n\n\n<p>\u00c9 importante notar que, embora introvertidos prefiram menos intera\u00e7\u00f5es, <strong>isso n\u00e3o significa<\/strong> que n\u00e3o gostem de socializa\u00e7\u00e3o; eles apenas valorizam ambientes mais controlados.<\/p>\n\n\n\n<figure class=\"wp-block-image size-large\"><img decoding=\"async\" width=\"1024\" height=\"576\" src=\"https:\/\/www.correiobraziliense.com.br\/cbradar\/wp-content\/uploads\/2025\/08\/pessoa-introvertida_1756120487448-1024x576.jpg\" alt=\"Os comportamentos que denunciam uma pessoa introvertida segundo a psicologia\" class=\"wp-image-92881\" srcset=\"https:\/\/www.correiobraziliense.com.br\/cbradar\/wp-content\/uploads\/2025\/08\/pessoa-introvertida_1756120487448-1024x576.jpg 1024w, https:\/\/www.correiobraziliense.com.br\/cbradar\/wp-content\/uploads\/2025\/08\/pessoa-introvertida_1756120487448-300x169.jpg 300w, https:\/\/www.correiobraziliense.com.br\/cbradar\/wp-content\/uploads\/2025\/08\/pessoa-introvertida_1756120487448-768x432.jpg 768w, https:\/\/www.correiobraziliense.com.br\/cbradar\/wp-content\/uploads\/2025\/08\/pessoa-introvertida_1756120487448-750x422.jpg 750w, https:\/\/www.correiobraziliense.com.br\/cbradar\/wp-content\/uploads\/2025\/08\/pessoa-introvertida_1756120487448-1140x641.jpg 1140w, https:\/\/www.correiobraziliense.com.br\/cbradar\/wp-content\/uploads\/2025\/08\/pessoa-introvertida_1756120487448.jpg 1280w\" sizes=\"(max-width: 1024px) 100vw, 1024px\" \/><figcaption class=\"wp-element-caption\">pessoa introvertida. Cr\u00e9ditos: depositphotos.com \/ Koldunova_Anna<\/figcaption><\/figure>\n\n\n\n<h2 class=\"wp-block-heading\">\u00c9 poss\u00edvel mudar de introvertido para extrovertido?<\/h2>\n\n\n\n<p>A introvers\u00e3o \u00e9 uma caracter\u00edstica de personalidade que faz parte do espectro humano natural. Embora algumas pessoas descubram maneiras de <strong>se tornarem mais sociais<\/strong>, a mudan\u00e7a completa de introvers\u00e3o para extrovers\u00e3o \u00e9 rara.<\/p>\n\n\n\n<p>Dica r\u00e1pida: Aceitar sua pr\u00f3pria personalidade pode levar a um autodesenvolvimento mais harmonioso.<\/p>\n\n\n\n<p>Leia tamb\u00e9m: <a href=\"https:\/\/www.correiobraziliense.com.br\/cbradar\/o-que-significa-beber-sempre-cafe-sem-acucar-ou-adocante-segundo-a-psicologia\/\" target=\"_blank\" rel=\"noreferrer noopener\">O que significa beber sempre caf\u00e9 sem a\u00e7\u00facar ou ado\u00e7ante, segundo a psicologia<\/a><\/p>\n\n\n\n<h2 class=\"wp-block-heading\"><strong>Valorizando a introvers\u00e3o<\/strong><\/h2>\n\n\n\n<p>Celebrar as diferentes personalidades \u00e9 essencial para a cria\u00e7\u00e3o de ambientes sociais e de trabalho mais ricos e inclusivos.<\/p>\n\n\n\n<ul class=\"wp-block-list\">\n<li>Introvertidos possuem habilidades \u00fanicas, como escuta ativa e aten\u00e7\u00e3o aos detalhes.<\/li>\n\n\n\n<li>Entender a introvers\u00e3o ajuda nas rela\u00e7\u00f5es interpessoais e no autoconhecimento.<\/li>\n\n\n\n<li>Respeitar o espa\u00e7o dos introvertidos pode fortalecer la\u00e7os sociais e profissionais.<\/li>\n<\/ul>\n","protected":false},"excerpt":{"rendered":"<p>Entenda as caracter\u00edsticas de pessoas introvertidas e como identific\u00e1-las. Descubra a manifesta\u00e7\u00e3o social e a import\u00e2ncia de respeitar essa personalidade.<\/p>\n","protected":false},"author":3,"featured_media":92880,"comment_status":"open","ping_status":"open","sticky":false,"template":"","format":"standard","meta":{"_yoast_wpseo_focuskw":"pessoa introvertida","_yoast_wpseo_title":"%%title%%","_yoast_wpseo_metadesc":"Entenda as caracter\u00edsticas de pessoas introvertidas e como identific\u00e1-las. Descubra a manifesta\u00e7\u00e3o social e a import\u00e2ncia de respeitar essa personalidade.","jnews-multi-image_gallery":[],"jnews_single_post":{"format":"standard"},"jnews_primary_category":[],"jnews_social_meta":[],"jnews_override_counter":[],"footnotes":""},"categories":[112],"tags":[144,404],"class_list":["post-92878","post","type-post","status-publish","format-standard","has-post-thumbnail","hentry","category-curiosidades","tag-curiosidades","tag-psicologia"],"yoast_head":"<!-- This site is optimized with the Yoast SEO plugin v24.6 - https:\/\/yoast.com\/wordpress\/plugins\/seo\/ -->\n<title>Os comportamentos que denunciam uma pessoa introvertida segundo a psicologia<\/title>\n<meta name=\"description\" content=\"Entenda as caracter\u00edsticas de pessoas introvertidas e como identific\u00e1-las. Descubra a manifesta\u00e7\u00e3o social e a import\u00e2ncia de respeitar essa personalidade.\" \/>\n<meta name=\"robots\" content=\"index, follow, max-snippet:-1, max-image-preview:large, max-video-preview:-1\" \/>\n<link rel=\"canonical\" href=\"https:\/\/www.correiobraziliense.com.br\/cbradar\/os-comportamentos-que-denunciam-uma-pessoa-introvertida-segundo-a-psicologia\/\" \/>\n<meta property=\"og:locale\" content=\"pt_BR\" \/>\n<meta property=\"og:type\" content=\"article\" \/>\n<meta property=\"og:title\" content=\"Os comportamentos que denunciam uma pessoa introvertida segundo a psicologia\" \/>\n<meta property=\"og:description\" content=\"Entenda as caracter\u00edsticas de pessoas introvertidas e como identific\u00e1-las. Descubra a manifesta\u00e7\u00e3o social e a import\u00e2ncia de respeitar essa personalidade.\" \/>\n<meta property=\"og:url\" content=\"https:\/\/www.correiobraziliense.com.br\/cbradar\/os-comportamentos-que-denunciam-uma-pessoa-introvertida-segundo-a-psicologia\/\" \/>\n<meta property=\"og:site_name\" content=\"Correio Braziliense - Radar\" \/>\n<meta property=\"article:published_time\" content=\"2025-08-27T23:33:00+00:00\" \/>\n<meta property=\"og:image\" content=\"https:\/\/www.correiobraziliense.com.br\/cbradar\/wp-content\/uploads\/2025\/08\/pessoa-introvertida_1756120438322.jpg\" \/>\n\t<meta property=\"og:image:width\" content=\"1280\" \/>\n\t<meta property=\"og:image:height\" content=\"720\" \/>\n\t<meta property=\"og:image:type\" content=\"image\/jpeg\" \/>\n<meta name=\"author\" content=\"Larissa Carvalho\" \/>\n<meta name=\"twitter:card\" content=\"summary_large_image\" \/>\n<meta name=\"twitter:label1\" content=\"Escrito por\" \/>\n\t<meta name=\"twitter:data1\" content=\"Larissa Carvalho\" \/>\n\t<meta name=\"twitter:label2\" content=\"Est. tempo de leitura\" \/>\n\t<meta name=\"twitter:data2\" content=\"3 minutos\" \/>\n<!-- \/ Yoast SEO plugin. -->","yoast_head_json":{"title":"Os comportamentos que denunciam uma pessoa introvertida segundo a psicologia","description":"Entenda as caracter\u00edsticas de pessoas introvertidas e como identific\u00e1-las. Descubra a manifesta\u00e7\u00e3o social e a import\u00e2ncia de respeitar essa personalidade.","robots":{"index":"index","follow":"follow","max-snippet":"max-snippet:-1","max-image-preview":"max-image-preview:large","max-video-preview":"max-video-preview:-1"},"canonical":"https:\/\/www.correiobraziliense.com.br\/cbradar\/os-comportamentos-que-denunciam-uma-pessoa-introvertida-segundo-a-psicologia\/","og_locale":"pt_BR","og_type":"article","og_title":"Os comportamentos que denunciam uma pessoa introvertida segundo a psicologia","og_description":"Entenda as caracter\u00edsticas de pessoas introvertidas e como identific\u00e1-las. Descubra a manifesta\u00e7\u00e3o social e a import\u00e2ncia de respeitar essa personalidade.","og_url":"https:\/\/www.correiobraziliense.com.br\/cbradar\/os-comportamentos-que-denunciam-uma-pessoa-introvertida-segundo-a-psicologia\/","og_site_name":"Correio Braziliense - Radar","article_published_time":"2025-08-27T23:33:00+00:00","og_image":[{"width":1280,"height":720,"url":"https:\/\/www.correiobraziliense.com.br\/cbradar\/wp-content\/uploads\/2025\/08\/pessoa-introvertida_1756120438322.jpg","type":"image\/jpeg"}],"author":"Larissa Carvalho","twitter_card":"summary_large_image","twitter_misc":{"Escrito por":"Larissa Carvalho","Est. tempo de leitura":"3 minutos"},"schema":{"@context":"https:\/\/schema.org","@graph":[{"@type":"WebPage","@id":"https:\/\/www.correiobraziliense.com.br\/cbradar\/os-comportamentos-que-denunciam-uma-pessoa-introvertida-segundo-a-psicologia\/","url":"https:\/\/www.correiobraziliense.com.br\/cbradar\/os-comportamentos-que-denunciam-uma-pessoa-introvertida-segundo-a-psicologia\/","name":"Os comportamentos que denunciam uma pessoa introvertida segundo a psicologia","isPartOf":{"@id":"https:\/\/www.correiobraziliense.com.br\/cbradar\/#website"},"primaryImageOfPage":{"@id":"https:\/\/www.correiobraziliense.com.br\/cbradar\/os-comportamentos-que-denunciam-uma-pessoa-introvertida-segundo-a-psicologia\/#primaryimage"},"image":{"@id":"https:\/\/www.correiobraziliense.com.br\/cbradar\/os-comportamentos-que-denunciam-uma-pessoa-introvertida-segundo-a-psicologia\/#primaryimage"},"thumbnailUrl":"https:\/\/www.correiobraziliense.com.br\/cbradar\/wp-content\/uploads\/2025\/08\/pessoa-introvertida_1756120438322.jpg","datePublished":"2025-08-27T23:33:00+00:00","author":{"@id":"https:\/\/www.correiobraziliense.com.br\/cbradar\/#\/schema\/person\/58422787644df994b53a19d3e56c1513"},"description":"Entenda as caracter\u00edsticas de pessoas introvertidas e como identific\u00e1-las. Descubra a manifesta\u00e7\u00e3o social e a import\u00e2ncia de respeitar essa personalidade.","breadcrumb":{"@id":"https:\/\/www.correiobraziliense.com.br\/cbradar\/os-comportamentos-que-denunciam-uma-pessoa-introvertida-segundo-a-psicologia\/#breadcrumb"},"inLanguage":"pt-BR","potentialAction":[{"@type":"ReadAction","target":["https:\/\/www.correiobraziliense.com.br\/cbradar\/os-comportamentos-que-denunciam-uma-pessoa-introvertida-segundo-a-psicologia\/"]}]},{"@type":"ImageObject","inLanguage":"pt-BR","@id":"https:\/\/www.correiobraziliense.com.br\/cbradar\/os-comportamentos-que-denunciam-uma-pessoa-introvertida-segundo-a-psicologia\/#primaryimage","url":"https:\/\/www.correiobraziliense.com.br\/cbradar\/wp-content\/uploads\/2025\/08\/pessoa-introvertida_1756120438322.jpg","contentUrl":"https:\/\/www.correiobraziliense.com.br\/cbradar\/wp-content\/uploads\/2025\/08\/pessoa-introvertida_1756120438322.jpg","width":1280,"height":720,"caption":"pessoa introvertida. Cr\u00e9ditos: depositphotos.com \/ Koldunova_Anna"},{"@type":"BreadcrumbList","@id":"https:\/\/www.correiobraziliense.com.br\/cbradar\/os-comportamentos-que-denunciam-uma-pessoa-introvertida-segundo-a-psicologia\/#breadcrumb","itemListElement":[{"@type":"ListItem","position":1,"name":"In\u00edcio","item":"https:\/\/www.correiobraziliense.com.br\/cbradar\/"},{"@type":"ListItem","position":2,"name":"Os comportamentos que denunciam uma pessoa introvertida segundo a psicologia"}]},{"@type":"WebSite","@id":"https:\/\/www.correiobraziliense.com.br\/cbradar\/#website","url":"https:\/\/www.correiobraziliense.com.br\/cbradar\/","name":"Correio Braziliense - Radar","description":"Acompanhe as \u00faltimas not\u00edcias e fique bem informado sobre tudo o que acontece no Brasil e no mundo.","potentialAction":[{"@type":"SearchAction","target":{"@type":"EntryPoint","urlTemplate":"https:\/\/www.correiobraziliense.com.br\/cbradar\/?s={search_term_string}"},"query-input":{"@type":"PropertyValueSpecification","valueRequired":true,"valueName":"search_term_string"}}],"inLanguage":"pt-BR"},{"@type":"Person","@id":"https:\/\/www.correiobraziliense.com.br\/cbradar\/#\/schema\/person\/58422787644df994b53a19d3e56c1513","name":"Larissa Carvalho","image":{"@type":"ImageObject","inLanguage":"pt-BR","@id":"https:\/\/www.correiobraziliense.com.br\/cbradar\/#\/schema\/person\/image\/","url":"https:\/\/secure.gravatar.com\/avatar\/fe4f91a0de32b52a838d0d612abdc1aa?s=96&d=mm&r=g","contentUrl":"https:\/\/secure.gravatar.com\/avatar\/fe4f91a0de32b52a838d0d612abdc1aa?s=96&d=mm&r=g","caption":"Larissa Carvalho"},"url":"https:\/\/www.correiobraziliense.com.br\/cbradar\/author\/larissamyth\/"}]}},"_links":{"self":[{"href":"https:\/\/www.correiobraziliense.com.br\/cbradar\/wp-json\/wp\/v2\/posts\/92878","targetHints":{"allow":["GET"]}}],"collection":[{"href":"https:\/\/www.correiobraziliense.com.br\/cbradar\/wp-json\/wp\/v2\/posts"}],"about":[{"href":"https:\/\/www.correiobraziliense.com.br\/cbradar\/wp-json\/wp\/v2\/types\/post"}],"author":[{"embeddable":true,"href":"https:\/\/www.correiobraziliense.com.br\/cbradar\/wp-json\/wp\/v2\/users\/3"}],"replies":[{"embeddable":true,"href":"https:\/\/www.correiobraziliense.com.br\/cbradar\/wp-json\/wp\/v2\/comments?post=92878"}],"version-history":[{"count":2,"href":"https:\/\/www.correiobraziliense.com.br\/cbradar\/wp-json\/wp\/v2\/posts\/92878\/revisions"}],"predecessor-version":[{"id":92882,"href":"https:\/\/www.correiobraziliense.com.br\/cbradar\/wp-json\/wp\/v2\/posts\/92878\/revisions\/92882"}],"wp:featuredmedia":[{"embeddable":true,"href":"https:\/\/www.correiobraziliense.com.br\/cbradar\/wp-json\/wp\/v2\/media\/92880"}],"wp:attachment":[{"href":"https:\/\/www.correiobraziliense.com.br\/cbradar\/wp-json\/wp\/v2\/media?parent=92878"}],"wp:term":[{"taxonomy":"category","embeddable":true,"href":"https:\/\/www.correiobraziliense.com.br\/cbradar\/wp-json\/wp\/v2\/categories?post=92878"},{"taxonomy":"post_tag","embeddable":true,"href":"https:\/\/www.correiobraziliense.com.br\/cbradar\/wp-json\/wp\/v2\/tags?post=92878"}],"curies":[{"name":"wp","href":"https:\/\/api.w.org\/{rel}","templated":true}]}}