{"id":92925,"date":"2025-08-26T19:03:00","date_gmt":"2025-08-26T22:03:00","guid":{"rendered":"https:\/\/www.correiobraziliense.com.br\/cbradar\/?p=92925"},"modified":"2025-08-25T11:04:57","modified_gmt":"2025-08-25T14:04:57","slug":"os-metodos-caseiros-mais-rapidos-para-aliviar-dor-de-cabeca","status":"publish","type":"post","link":"https:\/\/www.correiobraziliense.com.br\/cbradar\/os-metodos-caseiros-mais-rapidos-para-aliviar-dor-de-cabeca\/","title":{"rendered":"Os m\u00e9todos caseiros mais r\u00e1pidos para aliviar dor de cabe\u00e7a"},"content":{"rendered":"\n<p>A <strong>Dor de Cabe\u00e7a<\/strong> \u00e9 um sintoma bastante frequente que afeta pessoas em todo o mundo. As causas variam bastante, desde estresse at\u00e9 problemas mais complexos como condi\u00e7\u00f5es neurol\u00f3gicas. No dia a dia, muitas pessoas tendem a recorrer a solu\u00e7\u00f5es caseiras e pr\u00e1ticas simples para al\u00edvio imediato. No entanto, enquanto algumas medidas podem ser eficazes, \u00e9 importante saber quando procurar ajuda m\u00e9dica.<\/p>\n\n\n\n<p>Para muitos, a Dor de Cabe\u00e7a \u00e9 uma resposta ao cansa\u00e7o, m\u00e1 alimenta\u00e7\u00e3o ou at\u00e9 mesmo desidrata\u00e7\u00e3o. Nessas situa\u00e7\u00f5es, m\u00e9todos r\u00e1pidos como aplicar compressas frias na testa podem oferecer al\u00edvio moment\u00e2neo. \u00c9 crucial, por\u00e9m, identificar a origem da dor para escolher a melhor estrat\u00e9gia. Al\u00e9m das compressas, beber um ch\u00e1 de gengibre pode surtir efeito calmante, devido \u00e0s suas propriedades analg\u00e9sicas e anti-inflamat\u00f3rias.<\/p>\n\n\n\n<h2 class=\"wp-block-heading\">Como aliviar naturalmente a Dor de Cabe\u00e7a?<\/h2>\n\n\n\n<p>Existem diversas maneiras de aliviar a Dor de Cabe\u00e7a utilizando m\u00e9todos <a href=\"https:\/\/www.gov.br\/saude\/pt-br\" target=\"_blank\" rel=\"noreferrer noopener\">naturais<\/a>. Primeiramente, \u00e9 preciso entender se a dor \u00e9 causada por tens\u00e3o, migra\u00e7\u00e3o ou outro fator. No caso da enxaqueca, por exemplo, compressas frias ajudam a contrair os vasos sangu\u00edneos, reduzindo a intensidade da dor. Por outro lado, uma dor tensional pode ser amenizada com compressas mornas, que relaxam os m\u00fasculos e promovem a dilata\u00e7\u00e3o dos vasos.<\/p>\n\n\n\n<h2 class=\"wp-block-heading\">Quais h\u00e1bitos podem auxiliar no combate \u00e0 Dor de Cabe\u00e7a?<\/h2>\n\n\n\n<figure class=\"wp-block-image aligncenter size-large\"><img decoding=\"async\" width=\"1024\" height=\"576\" src=\"https:\/\/www.correiobraziliense.com.br\/cbradar\/wp-content\/uploads\/2025\/05\/dor-de-cabeca_1747071873040-1024x576.jpg\" alt=\"\" class=\"wp-image-35908\" srcset=\"https:\/\/www.correiobraziliense.com.br\/cbradar\/wp-content\/uploads\/2025\/05\/dor-de-cabeca_1747071873040-1024x576.jpg 1024w, https:\/\/www.correiobraziliense.com.br\/cbradar\/wp-content\/uploads\/2025\/05\/dor-de-cabeca_1747071873040-300x169.jpg 300w, https:\/\/www.correiobraziliense.com.br\/cbradar\/wp-content\/uploads\/2025\/05\/dor-de-cabeca_1747071873040-768x432.jpg 768w, https:\/\/www.correiobraziliense.com.br\/cbradar\/wp-content\/uploads\/2025\/05\/dor-de-cabeca_1747071873040-750x422.jpg 750w, https:\/\/www.correiobraziliense.com.br\/cbradar\/wp-content\/uploads\/2025\/05\/dor-de-cabeca_1747071873040-1140x641.jpg 1140w, https:\/\/www.correiobraziliense.com.br\/cbradar\/wp-content\/uploads\/2025\/05\/dor-de-cabeca_1747071873040.jpg 1280w\" sizes=\"(max-width: 1024px) 100vw, 1024px\" \/><figcaption class=\"wp-element-caption\">Dor de cabe\u00e7a &#8211; Cr\u00e9ditos: depositphotos.com \/ AndrewLozovyi\n\n\n\n<\/figcaption><\/figure>\n\n\n\n<p>Al\u00e9m das abordagens imediatas, alguns h\u00e1bitos podem ser eficazes na preven\u00e7\u00e3o e controle das crises de Dor de Cabe\u00e7a. Um bom exemplo \u00e9 manter uma rotina de sono regular e de qualidade. Dormir bem e em hor\u00e1rios regulares ajuda o corpo a se restabelecer e a evitar poss\u00edveis disparadores de dor. Beber \u00e1gua de maneira regular ao longo do dia tamb\u00e9m \u00e9 essencial, j\u00e1 que a desidrata\u00e7\u00e3o \u00e9 um dos principais fatores que podem desencadear dores de cabe\u00e7a.<\/p>\n\n\n\n<h2 class=\"wp-block-heading\">Quais alimentos que ajudam no combate \u00e0 Dor de Cabe\u00e7a?<\/h2>\n\n\n\n<p>Uma dieta balanceada contribui significativamente para a redu\u00e7\u00e3o e preven\u00e7\u00e3o da Dor de Cabe\u00e7a. Alimentos ricos em magn\u00e9sio, como bananas, sementes e castanhas, auxiliam na melhoria da circula\u00e7\u00e3o sangu\u00ednea e t\u00eam efeitos calmantes. Por outro lado, \u00e9 importante evitar ingredientes que possam potencializar a dor, como os presentes em produtos industrializados e alimentos condimentados.<\/p>\n\n\n\n<h2 class=\"wp-block-heading\">Quando procurar ajuda m\u00e9dica?<\/h2>\n\n\n\n<p>Embora medidas caseiras sejam eficazes em muitos casos, a consulta m\u00e9dica \u00e9 imprescind\u00edvel quando a Dor de Cabe\u00e7a persiste ou \u00e9 acompanhada de outros sintomas, como febre e n\u00e1useas. Dores que duram mais de tr\u00eas dias ou que n\u00e3o respondem \u00e0s medidas iniciais requerem aten\u00e7\u00e3o especial. O m\u00e9dico, atrav\u00e9s de exames apropriados, poder\u00e1 diagnosticar a causa precisa da dor e recomendar tratamentos adequados, que podem incluir medica\u00e7\u00f5es especificas.<\/p>\n\n\n\n<p>Lembre-se, a <a href=\"https:\/\/www.correiobraziliense.com.br\/cbradar\/a-diferenca-crucial-entre-envelhecimento-normal-e-demencia\/\" target=\"_blank\" rel=\"noreferrer noopener\">sa\u00fade <\/a>\u00e9 uma combina\u00e7\u00e3o de aten\u00e7\u00e3o aos sinais do corpo e de h\u00e1bitos saud\u00e1veis. Interven\u00e7\u00f5es simples associadas a uma dieta equilibrada e boa higiene do sono podem ser suas melhores aliadas contra as dores de cabe\u00e7a comuns.<\/p>\n\n\n<a href=\"https:\/\/www.instagram.com\/dra.annaluisabf\/\" target=\"_blank\" rel=\"noopener\" style=\"text-decoration: none; color: inherit;\">\n    <span style=\"display: inline-block; border: 1px solid #ccc; border-radius: 10px; padding: 15px; max-width: 550px; font-family: sans-serif; box-shadow: 0 2px 5px rgba(0,0,0,0.1); width: 100%;\">\n\n      <!-- T\u00edtulo -->\n      <span style=\"display: block; margin: 0 0 15px 0; font-weight: bold; color: #2c3e50; text-align: center;\">\n        Entre em contato:\n      <\/span>\n\n      <!-- Linha do perfil -->\n      <span style=\"display: flex; align-items: center; gap: 15px;\">\n        <img decoding=\"async\"\n          src=\"https:\/\/www.correiobraziliense.com.br\/cbradar\/wp-content\/uploads\/2025\/08\/dra_anna_luisa.jpeg\"\n          alt=\"Foto da Dra. Anna Lu\u00edsa\"\n          style=\"border-radius: 50%; width: 80px; height: 80px; object-fit: cover;\"\n        \/>\n        <span style=\"display: flex; flex-direction: column;\">\n          <span style=\"font-size: 18px; font-weight: 700; color: #2c3e50;\">Dra. Anna Lu\u00edsa Barbosa Fernandes<\/span>\n          <span style=\"color: #555;\">CRM-GO 33.271<\/span>\n        <\/span>\n      <\/span>\n\n      <!-- Redes -->\n      <span style=\"display: flex; align-items: center; gap: 10px; margin-top: 12px;\">\n        <img decoding=\"async\" src=\"https:\/\/cdn-icons-png.flaticon.com\/24\/1384\/1384063.png\" alt=\"Instagram\" width=\"24\" height=\"24\" \/>\n        <span style=\"text-decoration: underline; color: #2c3e50;\">@dra.annaluisabf<\/span>\n      <\/span>\n\n    <\/span>\n  <\/a>","protected":false},"excerpt":{"rendered":"<p>A Dor de Cabe\u00e7a \u00e9 um sintoma bastante frequente que afeta pessoas em todo o mundo. As causas variam bastante, desde estresse at\u00e9 problemas mais complexos como condi\u00e7\u00f5es neurol\u00f3gicas. No dia a dia, muitas pessoas tendem a recorrer a solu\u00e7\u00f5es caseiras e pr\u00e1ticas simples para al\u00edvio imediato. No entanto, enquanto algumas medidas podem ser eficazes, [&hellip;]<\/p>\n","protected":false},"author":14,"featured_media":35909,"comment_status":"open","ping_status":"open","sticky":false,"template":"","format":"standard","meta":{"_yoast_wpseo_focuskw":"Dor de Cabe\u00e7a","_yoast_wpseo_title":"","_yoast_wpseo_metadesc":"Dor de cabe\u00e7a pode ter al\u00edvio r\u00e1pido com m\u00e9todos naturais. Descubra truques caseiros e saiba quando procurar ajuda m\u00e9dica.","jnews-multi-image_gallery":[],"jnews_single_post":{"format":"standard"},"jnews_primary_category":[],"jnews_social_meta":[],"jnews_override_counter":[],"footnotes":""},"categories":[4404],"tags":[281,120,1318],"class_list":["post-92925","post","type-post","status-publish","format-standard","has-post-thumbnail","hentry","category-saude","tag-alimentacao","tag-bem-estar","tag-saude-2"],"yoast_head":"<!-- This site is optimized with the Yoast SEO plugin v24.6 - https:\/\/yoast.com\/wordpress\/plugins\/seo\/ -->\n<title>Os m\u00e9todos caseiros mais r\u00e1pidos para aliviar dor de cabe\u00e7a - Correio Braziliense - Radar<\/title>\n<meta name=\"description\" content=\"Dor de cabe\u00e7a pode ter al\u00edvio r\u00e1pido com m\u00e9todos naturais. Descubra truques caseiros e saiba quando procurar ajuda m\u00e9dica.\" \/>\n<meta name=\"robots\" content=\"index, follow, max-snippet:-1, max-image-preview:large, max-video-preview:-1\" \/>\n<link rel=\"canonical\" href=\"https:\/\/www.correiobraziliense.com.br\/cbradar\/os-metodos-caseiros-mais-rapidos-para-aliviar-dor-de-cabeca\/\" \/>\n<meta property=\"og:locale\" content=\"pt_BR\" \/>\n<meta property=\"og:type\" content=\"article\" \/>\n<meta property=\"og:title\" content=\"Os m\u00e9todos caseiros mais r\u00e1pidos para aliviar dor de cabe\u00e7a - Correio Braziliense - Radar\" \/>\n<meta property=\"og:description\" content=\"Dor de cabe\u00e7a pode ter al\u00edvio r\u00e1pido com m\u00e9todos naturais. Descubra truques caseiros e saiba quando procurar ajuda m\u00e9dica.\" \/>\n<meta property=\"og:url\" content=\"https:\/\/www.correiobraziliense.com.br\/cbradar\/os-metodos-caseiros-mais-rapidos-para-aliviar-dor-de-cabeca\/\" \/>\n<meta property=\"og:site_name\" content=\"Correio Braziliense - Radar\" \/>\n<meta property=\"article:published_time\" content=\"2025-08-26T22:03:00+00:00\" \/>\n<meta property=\"og:image\" content=\"https:\/\/www.correiobraziliense.com.br\/cbradar\/wp-content\/uploads\/2025\/05\/dor-de-cabeca_1747071913097.jpg\" \/>\n\t<meta property=\"og:image:width\" content=\"1280\" \/>\n\t<meta property=\"og:image:height\" content=\"720\" \/>\n\t<meta property=\"og:image:type\" content=\"image\/jpeg\" \/>\n<meta name=\"author\" content=\"guilherme_saude\" \/>\n<meta name=\"twitter:card\" content=\"summary_large_image\" \/>\n<meta name=\"twitter:label1\" content=\"Escrito por\" \/>\n\t<meta name=\"twitter:data1\" content=\"guilherme_saude\" \/>\n\t<meta name=\"twitter:label2\" content=\"Est. tempo de leitura\" \/>\n\t<meta name=\"twitter:data2\" content=\"4 minutos\" \/>\n<!-- \/ Yoast SEO plugin. -->","yoast_head_json":{"title":"Os m\u00e9todos caseiros mais r\u00e1pidos para aliviar dor de cabe\u00e7a - Correio Braziliense - Radar","description":"Dor de cabe\u00e7a pode ter al\u00edvio r\u00e1pido com m\u00e9todos naturais. Descubra truques caseiros e saiba quando procurar ajuda m\u00e9dica.","robots":{"index":"index","follow":"follow","max-snippet":"max-snippet:-1","max-image-preview":"max-image-preview:large","max-video-preview":"max-video-preview:-1"},"canonical":"https:\/\/www.correiobraziliense.com.br\/cbradar\/os-metodos-caseiros-mais-rapidos-para-aliviar-dor-de-cabeca\/","og_locale":"pt_BR","og_type":"article","og_title":"Os m\u00e9todos caseiros mais r\u00e1pidos para aliviar dor de cabe\u00e7a - Correio Braziliense - Radar","og_description":"Dor de cabe\u00e7a pode ter al\u00edvio r\u00e1pido com m\u00e9todos naturais. Descubra truques caseiros e saiba quando procurar ajuda m\u00e9dica.","og_url":"https:\/\/www.correiobraziliense.com.br\/cbradar\/os-metodos-caseiros-mais-rapidos-para-aliviar-dor-de-cabeca\/","og_site_name":"Correio Braziliense - Radar","article_published_time":"2025-08-26T22:03:00+00:00","og_image":[{"width":1280,"height":720,"url":"https:\/\/www.correiobraziliense.com.br\/cbradar\/wp-content\/uploads\/2025\/05\/dor-de-cabeca_1747071913097.jpg","type":"image\/jpeg"}],"author":"guilherme_saude","twitter_card":"summary_large_image","twitter_misc":{"Escrito por":"guilherme_saude","Est. tempo de leitura":"4 minutos"},"schema":{"@context":"https:\/\/schema.org","@graph":[{"@type":"WebPage","@id":"https:\/\/www.correiobraziliense.com.br\/cbradar\/os-metodos-caseiros-mais-rapidos-para-aliviar-dor-de-cabeca\/","url":"https:\/\/www.correiobraziliense.com.br\/cbradar\/os-metodos-caseiros-mais-rapidos-para-aliviar-dor-de-cabeca\/","name":"Os m\u00e9todos caseiros mais r\u00e1pidos para aliviar dor de cabe\u00e7a - Correio Braziliense - Radar","isPartOf":{"@id":"https:\/\/www.correiobraziliense.com.br\/cbradar\/#website"},"primaryImageOfPage":{"@id":"https:\/\/www.correiobraziliense.com.br\/cbradar\/os-metodos-caseiros-mais-rapidos-para-aliviar-dor-de-cabeca\/#primaryimage"},"image":{"@id":"https:\/\/www.correiobraziliense.com.br\/cbradar\/os-metodos-caseiros-mais-rapidos-para-aliviar-dor-de-cabeca\/#primaryimage"},"thumbnailUrl":"https:\/\/www.correiobraziliense.com.br\/cbradar\/wp-content\/uploads\/2025\/05\/dor-de-cabeca_1747071913097.jpg","datePublished":"2025-08-26T22:03:00+00:00","author":{"@id":"https:\/\/www.correiobraziliense.com.br\/cbradar\/#\/schema\/person\/5aa4bf3c8fa699c267933611de12978b"},"description":"Dor de cabe\u00e7a pode ter al\u00edvio r\u00e1pido com m\u00e9todos naturais. Descubra truques caseiros e saiba quando procurar ajuda m\u00e9dica.","breadcrumb":{"@id":"https:\/\/www.correiobraziliense.com.br\/cbradar\/os-metodos-caseiros-mais-rapidos-para-aliviar-dor-de-cabeca\/#breadcrumb"},"inLanguage":"pt-BR","potentialAction":[{"@type":"ReadAction","target":["https:\/\/www.correiobraziliense.com.br\/cbradar\/os-metodos-caseiros-mais-rapidos-para-aliviar-dor-de-cabeca\/"]}]},{"@type":"ImageObject","inLanguage":"pt-BR","@id":"https:\/\/www.correiobraziliense.com.br\/cbradar\/os-metodos-caseiros-mais-rapidos-para-aliviar-dor-de-cabeca\/#primaryimage","url":"https:\/\/www.correiobraziliense.com.br\/cbradar\/wp-content\/uploads\/2025\/05\/dor-de-cabeca_1747071913097.jpg","contentUrl":"https:\/\/www.correiobraziliense.com.br\/cbradar\/wp-content\/uploads\/2025\/05\/dor-de-cabeca_1747071913097.jpg","width":1280,"height":720,"caption":"Dor de Cabe\u00e7a Constante: O Que Pode Ser e Como Aliviar Sem Rem\u00e9dio - Cr\u00e9ditos: depositphotos.com \/ piotr_marcinski"},{"@type":"BreadcrumbList","@id":"https:\/\/www.correiobraziliense.com.br\/cbradar\/os-metodos-caseiros-mais-rapidos-para-aliviar-dor-de-cabeca\/#breadcrumb","itemListElement":[{"@type":"ListItem","position":1,"name":"In\u00edcio","item":"https:\/\/www.correiobraziliense.com.br\/cbradar\/"},{"@type":"ListItem","position":2,"name":"Os m\u00e9todos caseiros mais r\u00e1pidos para aliviar dor de cabe\u00e7a"}]},{"@type":"WebSite","@id":"https:\/\/www.correiobraziliense.com.br\/cbradar\/#website","url":"https:\/\/www.correiobraziliense.com.br\/cbradar\/","name":"Correio Braziliense - Radar","description":"Acompanhe as \u00faltimas not\u00edcias e fique bem informado sobre tudo o que acontece no Brasil e no mundo.","potentialAction":[{"@type":"SearchAction","target":{"@type":"EntryPoint","urlTemplate":"https:\/\/www.correiobraziliense.com.br\/cbradar\/?s={search_term_string}"},"query-input":{"@type":"PropertyValueSpecification","valueRequired":true,"valueName":"search_term_string"}}],"inLanguage":"pt-BR"},{"@type":"Person","@id":"https:\/\/www.correiobraziliense.com.br\/cbradar\/#\/schema\/person\/5aa4bf3c8fa699c267933611de12978b","name":"guilherme_saude","image":{"@type":"ImageObject","inLanguage":"pt-BR","@id":"https:\/\/www.correiobraziliense.com.br\/cbradar\/#\/schema\/person\/image\/","url":"https:\/\/secure.gravatar.com\/avatar\/df9adfb835d344bc0af109d41756253f?s=96&d=mm&r=g","contentUrl":"https:\/\/secure.gravatar.com\/avatar\/df9adfb835d344bc0af109d41756253f?s=96&d=mm&r=g","caption":"guilherme_saude"},"url":"https:\/\/www.correiobraziliense.com.br\/cbradar\/author\/guilherme_saude\/"}]}},"_links":{"self":[{"href":"https:\/\/www.correiobraziliense.com.br\/cbradar\/wp-json\/wp\/v2\/posts\/92925","targetHints":{"allow":["GET"]}}],"collection":[{"href":"https:\/\/www.correiobraziliense.com.br\/cbradar\/wp-json\/wp\/v2\/posts"}],"about":[{"href":"https:\/\/www.correiobraziliense.com.br\/cbradar\/wp-json\/wp\/v2\/types\/post"}],"author":[{"embeddable":true,"href":"https:\/\/www.correiobraziliense.com.br\/cbradar\/wp-json\/wp\/v2\/users\/14"}],"replies":[{"embeddable":true,"href":"https:\/\/www.correiobraziliense.com.br\/cbradar\/wp-json\/wp\/v2\/comments?post=92925"}],"version-history":[{"count":1,"href":"https:\/\/www.correiobraziliense.com.br\/cbradar\/wp-json\/wp\/v2\/posts\/92925\/revisions"}],"predecessor-version":[{"id":92926,"href":"https:\/\/www.correiobraziliense.com.br\/cbradar\/wp-json\/wp\/v2\/posts\/92925\/revisions\/92926"}],"wp:featuredmedia":[{"embeddable":true,"href":"https:\/\/www.correiobraziliense.com.br\/cbradar\/wp-json\/wp\/v2\/media\/35909"}],"wp:attachment":[{"href":"https:\/\/www.correiobraziliense.com.br\/cbradar\/wp-json\/wp\/v2\/media?parent=92925"}],"wp:term":[{"taxonomy":"category","embeddable":true,"href":"https:\/\/www.correiobraziliense.com.br\/cbradar\/wp-json\/wp\/v2\/categories?post=92925"},{"taxonomy":"post_tag","embeddable":true,"href":"https:\/\/www.correiobraziliense.com.br\/cbradar\/wp-json\/wp\/v2\/tags?post=92925"}],"curies":[{"name":"wp","href":"https:\/\/api.w.org\/{rel}","templated":true}]}}