{"id":9308,"date":"2025-03-06T19:30:00","date_gmt":"2025-03-06T22:30:00","guid":{"rendered":"https:\/\/www.correiobraziliense.com.br\/cbradar\/?p=9308"},"modified":"2025-03-05T16:30:13","modified_gmt":"2025-03-05T19:30:13","slug":"serie-dirigida-por-bruna-marquezine-vira-queridinha-dos-estados-unidos","status":"publish","type":"post","link":"https:\/\/www.correiobraziliense.com.br\/cbradar\/serie-dirigida-por-bruna-marquezine-vira-queridinha-dos-estados-unidos\/","title":{"rendered":"S\u00e9rie dirigida por Bruna Marquezine vira queridinha dos Estados Unidos"},"content":{"rendered":"\n<p>A s\u00e9rie &#8220;<strong>Amor da Minha Vida<\/strong>&#8220;, protagonizada e dirigida por <strong>Bruna Marquezine<\/strong>, foi renovada para uma segunda temporada pela Disney. A produ\u00e7\u00e3o, que conquistou o p\u00fablico tanto no Brasil quanto nos Estados Unidos, ter\u00e1 seus roteiros desenvolvidos a partir de maio deste ano. Os atores foram informados sobre a renova\u00e7\u00e3o recentemente e demonstraram entusiasmo com a continuidade do projeto.<\/p>\n\n\n\n<p>A decis\u00e3o de renovar a s\u00e9rie foi fortemente influenciada pela recep\u00e7\u00e3o positiva do p\u00fablico americano, especialmente na plataforma <strong>Hulu<\/strong>, onde &#8220;Amor da Minha Vida&#8221; figurou entre as tr\u00eas produ\u00e7\u00f5es mais assistidas. No <strong>Brasil<\/strong>, a s\u00e9rie tamb\u00e9m alcan\u00e7ou grande sucesso, tornando-se a produ\u00e7\u00e3o nacional mais vista no <strong>Disney+<\/strong>.<\/p>\n\n\n\n<h2 class=\"wp-block-heading\"><strong>Qual \u00e9 a trama de &#8220;Amor da Minha Vida&#8221;?<\/strong><\/h2>\n\n\n\n<p>&#8220;Amor da Minha Vida&#8221; gira em torno de <strong>Bia<\/strong>, interpretada por Bruna Marquezine, e <strong>Victor<\/strong>, vivido por <strong>S\u00e9rgio Malheiros<\/strong>. Os dois s\u00e3o melhores amigos que compartilham segredos e confid\u00eancias. Enquanto Victor est\u00e1 preso em um relacionamento de longa data que perdeu o encanto, Bia se envolve em relacionamentos breves, mantendo uma vis\u00e3o c\u00e9tica sobre o amor.<\/p>\n\n\n\n<p>O enredo explora as desilus\u00f5es amorosas de ambos, at\u00e9 que, em meio a essas experi\u00eancias, eles descobrem uma nova din\u00e2mica em sua amizade, que pode evoluir para um romance inesperado. A s\u00e9rie aborda temas como a amizade, o amor e as complexidades dos relacionamentos modernos.<\/p>\n\n\n\n<iframe loading=\"lazy\" width=\"560\" height=\"315\" src=\"https:\/\/www.youtube.com\/embed\/5or5ZBxgqX0?si=HiCVW0aTIyUjYqYT\" title=\"YouTube video player\" frameborder=\"0\" allow=\"accelerometer; autoplay; clipboard-write; encrypted-media; gyroscope; picture-in-picture; web-share\" referrerpolicy=\"strict-origin-when-cross-origin\" allowfullscreen><\/iframe>\n\n\n\n<h2 class=\"wp-block-heading\"><strong>Quem comp\u00f5e o elenco de &#8220;Amor da Minha Vida&#8221;?<\/strong><\/h2>\n\n\n\n<p>Al\u00e9m de Bruna Marquezine e S\u00e9rgio Malheiros, o elenco da s\u00e9rie conta com diversos talentos, incluindo <strong>Sophia Abrah\u00e3o, Rayssa Bratillieri, Malu Rodrigues, Danilo Mesquita, Fernanda Paes Leme, Ana Hikari e Agda Couto<\/strong>. A diversidade do elenco contribui para a riqueza das hist\u00f3rias e a complexidade dos personagens apresentados na s\u00e9rie.<\/p>\n\n\n\n<h2 class=\"wp-block-heading\"><strong>O papel de Bruna Marquezine como diretora<\/strong><\/h2>\n\n\n\n<p>Bruna Marquezine n\u00e3o apenas protagoniza &#8220;Amor da Minha Vida&#8221;, mas tamb\u00e9m estreou como diretora na s\u00e9rie. Sua atua\u00e7\u00e3o como diretora foi bem recebida, e ela continuar\u00e1 desempenhando essa fun\u00e7\u00e3o na segunda temporada. A experi\u00eancia de Marquezine como diretora adiciona uma camada adicional de autenticidade e profundidade \u00e0 s\u00e9rie, refletindo sua vis\u00e3o art\u00edstica e compreens\u00e3o dos personagens.<\/p>\n\n\n\n<figure class=\"wp-block-image size-large\"><img decoding=\"async\" width=\"1024\" height=\"576\" src=\"https:\/\/www.correiobraziliense.com.br\/cbradar\/wp-content\/uploads\/2025\/03\/Bruna-Marquezine_1741199886264-1024x576.jpg\" alt=\"S\u00e9rie dirigida por Bruna Marquezine vira queridinha dos Estados Unidos\" class=\"wp-image-9327\" srcset=\"https:\/\/www.correiobraziliense.com.br\/cbradar\/wp-content\/uploads\/2025\/03\/Bruna-Marquezine_1741199886264-1024x576.jpg 1024w, https:\/\/www.correiobraziliense.com.br\/cbradar\/wp-content\/uploads\/2025\/03\/Bruna-Marquezine_1741199886264-300x169.jpg 300w, https:\/\/www.correiobraziliense.com.br\/cbradar\/wp-content\/uploads\/2025\/03\/Bruna-Marquezine_1741199886264-768x432.jpg 768w, https:\/\/www.correiobraziliense.com.br\/cbradar\/wp-content\/uploads\/2025\/03\/Bruna-Marquezine_1741199886264-750x422.jpg 750w, https:\/\/www.correiobraziliense.com.br\/cbradar\/wp-content\/uploads\/2025\/03\/Bruna-Marquezine_1741199886264-1140x641.jpg 1140w, https:\/\/www.correiobraziliense.com.br\/cbradar\/wp-content\/uploads\/2025\/03\/Bruna-Marquezine_1741199886264.jpg 1280w\" sizes=\"(max-width: 1024px) 100vw, 1024px\" \/><figcaption class=\"wp-element-caption\">Bruna Marquezine. Cr\u00e9ditos: depositphotos.com \/ arp<\/figcaption><\/figure>\n\n\n\n<h2 class=\"wp-block-heading\"><strong>O que esperar da segunda temporada?<\/strong><\/h2>\n\n\n\n<p>Com a renova\u00e7\u00e3o confirmada, a expectativa \u00e9 que a segunda temporada de &#8220;Amor da Minha Vida&#8221; continue a explorar as nuances dos relacionamentos de Bia e Victor, aprofundando-se nas complexidades emocionais e nas novas din\u00e2micas que surgem. Os f\u00e3s podem esperar por mais desenvolvimento dos personagens e hist\u00f3rias envolventes que capturam a ess\u00eancia das experi\u00eancias amorosas contempor\u00e2neas.<\/p>\n","protected":false},"excerpt":{"rendered":"<p>A s\u00e9rie brasileira protagonizada por Bruna Marquezine e S\u00e9rgio Malheiros, \u00e9 uma com\u00e9dia rom\u00e2ntica sobre dois amigos.<\/p>\n","protected":false},"author":3,"featured_media":9326,"comment_status":"open","ping_status":"open","sticky":false,"template":"","format":"standard","meta":{"_yoast_wpseo_focuskw":"s\u00e9rie Bruna Marquezine","_yoast_wpseo_title":"%%title%%","_yoast_wpseo_metadesc":"A s\u00e9rie brasileira protagonizada por Bruna Marquezine e S\u00e9rgio Malheiros, \u00e9 uma com\u00e9dia rom\u00e2ntica sobre dois amigos.","jnews-multi-image_gallery":[],"jnews_single_post":{"format":"standard"},"jnews_primary_category":[],"jnews_social_meta":[],"jnews_override_counter":[],"footnotes":""},"categories":[140],"tags":[1548,568],"class_list":["post-9308","post","type-post","status-publish","format-standard","has-post-thumbnail","hentry","category-entretenimento","tag-bruna-marquezine","tag-series-e-filmes"],"yoast_head":"<!-- This site is optimized with the Yoast SEO plugin v24.6 - https:\/\/yoast.com\/wordpress\/plugins\/seo\/ -->\n<title>S\u00e9rie dirigida por Bruna Marquezine vira queridinha dos Estados Unidos<\/title>\n<meta name=\"description\" content=\"A s\u00e9rie brasileira protagonizada por Bruna Marquezine e S\u00e9rgio Malheiros, \u00e9 uma com\u00e9dia rom\u00e2ntica sobre dois amigos.\" \/>\n<meta name=\"robots\" content=\"index, follow, max-snippet:-1, max-image-preview:large, max-video-preview:-1\" \/>\n<link rel=\"canonical\" href=\"https:\/\/www.correiobraziliense.com.br\/cbradar\/serie-dirigida-por-bruna-marquezine-vira-queridinha-dos-estados-unidos\/\" \/>\n<meta property=\"og:locale\" content=\"pt_BR\" \/>\n<meta property=\"og:type\" content=\"article\" \/>\n<meta property=\"og:title\" content=\"S\u00e9rie dirigida por Bruna Marquezine vira queridinha dos Estados Unidos\" \/>\n<meta property=\"og:description\" content=\"A s\u00e9rie brasileira protagonizada por Bruna Marquezine e S\u00e9rgio Malheiros, \u00e9 uma com\u00e9dia rom\u00e2ntica sobre dois amigos.\" \/>\n<meta property=\"og:url\" content=\"https:\/\/www.correiobraziliense.com.br\/cbradar\/serie-dirigida-por-bruna-marquezine-vira-queridinha-dos-estados-unidos\/\" \/>\n<meta property=\"og:site_name\" content=\"Correio Braziliense - Radar\" \/>\n<meta property=\"article:published_time\" content=\"2025-03-06T22:30:00+00:00\" \/>\n<meta property=\"og:image\" content=\"https:\/\/www.correiobraziliense.com.br\/cbradar\/wp-content\/uploads\/2025\/03\/Bruna-Marquezine_1741199818391-2.jpg\" \/>\n\t<meta property=\"og:image:width\" content=\"1280\" \/>\n\t<meta property=\"og:image:height\" content=\"720\" \/>\n\t<meta property=\"og:image:type\" content=\"image\/jpeg\" \/>\n<meta name=\"author\" content=\"Larissa Carvalho\" \/>\n<meta name=\"twitter:card\" content=\"summary_large_image\" \/>\n<meta name=\"twitter:label1\" content=\"Escrito por\" \/>\n\t<meta name=\"twitter:data1\" content=\"Larissa Carvalho\" \/>\n\t<meta name=\"twitter:label2\" content=\"Est. tempo de leitura\" \/>\n\t<meta name=\"twitter:data2\" content=\"3 minutos\" \/>\n<!-- \/ Yoast SEO plugin. -->","yoast_head_json":{"title":"S\u00e9rie dirigida por Bruna Marquezine vira queridinha dos Estados Unidos","description":"A s\u00e9rie brasileira protagonizada por Bruna Marquezine e S\u00e9rgio Malheiros, \u00e9 uma com\u00e9dia rom\u00e2ntica sobre dois amigos.","robots":{"index":"index","follow":"follow","max-snippet":"max-snippet:-1","max-image-preview":"max-image-preview:large","max-video-preview":"max-video-preview:-1"},"canonical":"https:\/\/www.correiobraziliense.com.br\/cbradar\/serie-dirigida-por-bruna-marquezine-vira-queridinha-dos-estados-unidos\/","og_locale":"pt_BR","og_type":"article","og_title":"S\u00e9rie dirigida por Bruna Marquezine vira queridinha dos Estados Unidos","og_description":"A s\u00e9rie brasileira protagonizada por Bruna Marquezine e S\u00e9rgio Malheiros, \u00e9 uma com\u00e9dia rom\u00e2ntica sobre dois amigos.","og_url":"https:\/\/www.correiobraziliense.com.br\/cbradar\/serie-dirigida-por-bruna-marquezine-vira-queridinha-dos-estados-unidos\/","og_site_name":"Correio Braziliense - Radar","article_published_time":"2025-03-06T22:30:00+00:00","og_image":[{"width":1280,"height":720,"url":"https:\/\/www.correiobraziliense.com.br\/cbradar\/wp-content\/uploads\/2025\/03\/Bruna-Marquezine_1741199818391-2.jpg","type":"image\/jpeg"}],"author":"Larissa Carvalho","twitter_card":"summary_large_image","twitter_misc":{"Escrito por":"Larissa Carvalho","Est. tempo de leitura":"3 minutos"},"schema":{"@context":"https:\/\/schema.org","@graph":[{"@type":"WebPage","@id":"https:\/\/www.correiobraziliense.com.br\/cbradar\/serie-dirigida-por-bruna-marquezine-vira-queridinha-dos-estados-unidos\/","url":"https:\/\/www.correiobraziliense.com.br\/cbradar\/serie-dirigida-por-bruna-marquezine-vira-queridinha-dos-estados-unidos\/","name":"S\u00e9rie dirigida por Bruna Marquezine vira queridinha dos Estados Unidos","isPartOf":{"@id":"https:\/\/www.correiobraziliense.com.br\/cbradar\/#website"},"primaryImageOfPage":{"@id":"https:\/\/www.correiobraziliense.com.br\/cbradar\/serie-dirigida-por-bruna-marquezine-vira-queridinha-dos-estados-unidos\/#primaryimage"},"image":{"@id":"https:\/\/www.correiobraziliense.com.br\/cbradar\/serie-dirigida-por-bruna-marquezine-vira-queridinha-dos-estados-unidos\/#primaryimage"},"thumbnailUrl":"https:\/\/www.correiobraziliense.com.br\/cbradar\/wp-content\/uploads\/2025\/03\/Bruna-Marquezine_1741199818391-2.jpg","datePublished":"2025-03-06T22:30:00+00:00","author":{"@id":"https:\/\/www.correiobraziliense.com.br\/cbradar\/#\/schema\/person\/58422787644df994b53a19d3e56c1513"},"description":"A s\u00e9rie brasileira protagonizada por Bruna Marquezine e S\u00e9rgio Malheiros, \u00e9 uma com\u00e9dia rom\u00e2ntica sobre dois amigos.","breadcrumb":{"@id":"https:\/\/www.correiobraziliense.com.br\/cbradar\/serie-dirigida-por-bruna-marquezine-vira-queridinha-dos-estados-unidos\/#breadcrumb"},"inLanguage":"pt-BR","potentialAction":[{"@type":"ReadAction","target":["https:\/\/www.correiobraziliense.com.br\/cbradar\/serie-dirigida-por-bruna-marquezine-vira-queridinha-dos-estados-unidos\/"]}]},{"@type":"ImageObject","inLanguage":"pt-BR","@id":"https:\/\/www.correiobraziliense.com.br\/cbradar\/serie-dirigida-por-bruna-marquezine-vira-queridinha-dos-estados-unidos\/#primaryimage","url":"https:\/\/www.correiobraziliense.com.br\/cbradar\/wp-content\/uploads\/2025\/03\/Bruna-Marquezine_1741199818391-2.jpg","contentUrl":"https:\/\/www.correiobraziliense.com.br\/cbradar\/wp-content\/uploads\/2025\/03\/Bruna-Marquezine_1741199818391-2.jpg","width":1280,"height":720,"caption":"Bruna Marquezine. Cr\u00e9ditos: depositphotos.com \/ arp"},{"@type":"BreadcrumbList","@id":"https:\/\/www.correiobraziliense.com.br\/cbradar\/serie-dirigida-por-bruna-marquezine-vira-queridinha-dos-estados-unidos\/#breadcrumb","itemListElement":[{"@type":"ListItem","position":1,"name":"In\u00edcio","item":"https:\/\/www.correiobraziliense.com.br\/cbradar\/"},{"@type":"ListItem","position":2,"name":"S\u00e9rie dirigida por Bruna Marquezine vira queridinha dos Estados Unidos"}]},{"@type":"WebSite","@id":"https:\/\/www.correiobraziliense.com.br\/cbradar\/#website","url":"https:\/\/www.correiobraziliense.com.br\/cbradar\/","name":"Correio Braziliense - Radar","description":"Acompanhe as \u00faltimas not\u00edcias e fique bem informado sobre tudo o que acontece no Brasil e no mundo.","potentialAction":[{"@type":"SearchAction","target":{"@type":"EntryPoint","urlTemplate":"https:\/\/www.correiobraziliense.com.br\/cbradar\/?s={search_term_string}"},"query-input":{"@type":"PropertyValueSpecification","valueRequired":true,"valueName":"search_term_string"}}],"inLanguage":"pt-BR"},{"@type":"Person","@id":"https:\/\/www.correiobraziliense.com.br\/cbradar\/#\/schema\/person\/58422787644df994b53a19d3e56c1513","name":"Larissa Carvalho","image":{"@type":"ImageObject","inLanguage":"pt-BR","@id":"https:\/\/www.correiobraziliense.com.br\/cbradar\/#\/schema\/person\/image\/","url":"https:\/\/secure.gravatar.com\/avatar\/fe4f91a0de32b52a838d0d612abdc1aa?s=96&d=mm&r=g","contentUrl":"https:\/\/secure.gravatar.com\/avatar\/fe4f91a0de32b52a838d0d612abdc1aa?s=96&d=mm&r=g","caption":"Larissa Carvalho"},"url":"https:\/\/www.correiobraziliense.com.br\/cbradar\/author\/larissamyth\/"}]}},"_links":{"self":[{"href":"https:\/\/www.correiobraziliense.com.br\/cbradar\/wp-json\/wp\/v2\/posts\/9308","targetHints":{"allow":["GET"]}}],"collection":[{"href":"https:\/\/www.correiobraziliense.com.br\/cbradar\/wp-json\/wp\/v2\/posts"}],"about":[{"href":"https:\/\/www.correiobraziliense.com.br\/cbradar\/wp-json\/wp\/v2\/types\/post"}],"author":[{"embeddable":true,"href":"https:\/\/www.correiobraziliense.com.br\/cbradar\/wp-json\/wp\/v2\/users\/3"}],"replies":[{"embeddable":true,"href":"https:\/\/www.correiobraziliense.com.br\/cbradar\/wp-json\/wp\/v2\/comments?post=9308"}],"version-history":[{"count":1,"href":"https:\/\/www.correiobraziliense.com.br\/cbradar\/wp-json\/wp\/v2\/posts\/9308\/revisions"}],"predecessor-version":[{"id":9328,"href":"https:\/\/www.correiobraziliense.com.br\/cbradar\/wp-json\/wp\/v2\/posts\/9308\/revisions\/9328"}],"wp:featuredmedia":[{"embeddable":true,"href":"https:\/\/www.correiobraziliense.com.br\/cbradar\/wp-json\/wp\/v2\/media\/9326"}],"wp:attachment":[{"href":"https:\/\/www.correiobraziliense.com.br\/cbradar\/wp-json\/wp\/v2\/media?parent=9308"}],"wp:term":[{"taxonomy":"category","embeddable":true,"href":"https:\/\/www.correiobraziliense.com.br\/cbradar\/wp-json\/wp\/v2\/categories?post=9308"},{"taxonomy":"post_tag","embeddable":true,"href":"https:\/\/www.correiobraziliense.com.br\/cbradar\/wp-json\/wp\/v2\/tags?post=9308"}],"curies":[{"name":"wp","href":"https:\/\/api.w.org\/{rel}","templated":true}]}}