{"id":9329,"date":"2025-03-06T22:10:00","date_gmt":"2025-03-07T01:10:00","guid":{"rendered":"https:\/\/www.correiobraziliense.com.br\/cbradar\/?p=9329"},"modified":"2025-03-05T16:29:35","modified_gmt":"2025-03-05T19:29:35","slug":"mais-de-40-das-empresas-querem-trocar-trabalhadores-por-ia","status":"publish","type":"post","link":"https:\/\/www.correiobraziliense.com.br\/cbradar\/mais-de-40-das-empresas-querem-trocar-trabalhadores-por-ia\/","title":{"rendered":"Mais de 40% das empresas querem trocar trabalhadores por IA"},"content":{"rendered":"\n<p>A Intelig\u00eancia Artificial (IA) tem transformado rapidamente o cen\u00e1rio corporativo, impulsionando mudan\u00e7as significativas na forma como as empresas operam. Com o avan\u00e7o dessa tecnologia, muitas organiza\u00e7\u00f5es est\u00e3o reconsiderando seus processos e explorando a automa\u00e7\u00e3o como uma alternativa para otimizar fun\u00e7\u00f5es espec\u00edficas. Este movimento tem gerado debates sobre o futuro do emprego e como os trabalhadores podem se adaptar a essas transforma\u00e7\u00f5es.<\/p>\n\n\n\n<p>Um relat\u00f3rio do <strong><a href=\"https:\/\/www.weforum.org\/\" target=\"_blank\" rel=\"noreferrer noopener\">F\u00f3rum Econ\u00f4mico Mundial<\/a><\/strong>, publicado em 2023, revelou que 41% das empresas globais planejam reduzir ou substituir parte de seus funcion\u00e1rios devido \u00e0 automa\u00e7\u00e3o e \u00e0 IA nos pr\u00f3ximos anos. Nos<strong> Estados Unidos,<\/strong> esse percentual pode chegar a 48%, destacando a crescente digitaliza\u00e7\u00e3o no ambiente corporativo. Apesar das preocupa\u00e7\u00f5es, especialistas acreditam que a tecnologia n\u00e3o causar\u00e1 um colapso no mercado de trabalho, mas sim uma evolu\u00e7\u00e3o nas fun\u00e7\u00f5es existentes.<\/p>\n\n\n\n<h2 class=\"wp-block-heading\"><strong>Como a IA est\u00e1 transformando as fun\u00e7\u00f5es tradicionais?<\/strong><\/h2>\n\n\n\n<p>Embora o avan\u00e7o da IA possa gerar preocupa\u00e7\u00f5es sobre a substitui\u00e7\u00e3o da m\u00e3o de obra humana, a tend\u00eancia \u00e9 que as fun\u00e7\u00f5es passem por adapta\u00e7\u00f5es e mudan\u00e7as. De acordo com <strong>Till Leopold<\/strong>, do F\u00f3rum Econ\u00f4mico Mundial, a tecnologia n\u00e3o eliminar\u00e1 empregos, mas exigir\u00e1 que os trabalhadores desenvolvam novas habilidades para acompanhar as mudan\u00e7as. O relat\u00f3rio indica que 77% das empresas pretendem capacitar seus funcion\u00e1rios para atuar em conjunto com a IA, enquanto 47% planejam realocar empregados para \u00e1reas em crescimento.<\/p>\n\n\n\n<p>As fun\u00e7\u00f5es que dependem de entrada e an\u00e1lise de dados, como trabalhos administrativos, contabilidade e servi\u00e7os jur\u00eddicos, est\u00e3o entre as mais impactadas. O setor de design gr\u00e1fico tamb\u00e9m deve sentir mudan\u00e7as, com ferramentas de IA generativa mostrando efici\u00eancia na cria\u00e7\u00e3o de imagens e conte\u00fados visuais.<\/p>\n\n\n\n<figure class=\"wp-block-image size-large\"><img decoding=\"async\" width=\"1024\" height=\"576\" src=\"https:\/\/www.correiobraziliense.com.br\/cbradar\/wp-content\/uploads\/2025\/03\/inteligencia-artificial_1741200217585-1024x576.jpg\" alt=\"Mais de 40% das empresas querem trocar trabalhadores por IA\" class=\"wp-image-9332\" srcset=\"https:\/\/www.correiobraziliense.com.br\/cbradar\/wp-content\/uploads\/2025\/03\/inteligencia-artificial_1741200217585-1024x576.jpg 1024w, https:\/\/www.correiobraziliense.com.br\/cbradar\/wp-content\/uploads\/2025\/03\/inteligencia-artificial_1741200217585-300x169.jpg 300w, https:\/\/www.correiobraziliense.com.br\/cbradar\/wp-content\/uploads\/2025\/03\/inteligencia-artificial_1741200217585-768x432.jpg 768w, https:\/\/www.correiobraziliense.com.br\/cbradar\/wp-content\/uploads\/2025\/03\/inteligencia-artificial_1741200217585-750x422.jpg 750w, https:\/\/www.correiobraziliense.com.br\/cbradar\/wp-content\/uploads\/2025\/03\/inteligencia-artificial_1741200217585-1140x641.jpg 1140w, https:\/\/www.correiobraziliense.com.br\/cbradar\/wp-content\/uploads\/2025\/03\/inteligencia-artificial_1741200217585.jpg 1280w\" sizes=\"(max-width: 1024px) 100vw, 1024px\" \/><figcaption class=\"wp-element-caption\">Intelig\u00eancia Artificial. Cr\u00e9ditos: depositphotos.com \/ BiancoBlue<\/figcaption><\/figure>\n\n\n\n<h2 class=\"wp-block-heading\"><strong>Quais setores ser\u00e3o mais impactados pela automa\u00e7\u00e3o?<\/strong><\/h2>\n\n\n\n<p>O setor financeiro \u00e9 um dos mais afetados pela automa\u00e7\u00e3o. Um estudo da Bloomberg Intelligence estima que os bancos podem reduzir at\u00e9 200 mil empregos nos pr\u00f3ximos cinco anos devido \u00e0 ado\u00e7\u00e3o da IA. Aproximadamente 25% das institui\u00e7\u00f5es banc\u00e1rias acreditam que poder\u00e3o cortar de 5% a 10% da for\u00e7a de trabalho, gra\u00e7as \u00e0 capacidade da IA de analisar grandes volumes de dados rapidamente, tornando muitos processos mais eficientes.<\/p>\n\n\n\n<p>Apesar disso, a substitui\u00e7\u00e3o dos funcion\u00e1rios por IA pode ocorrer de forma mais gradual do que muitos imaginam. John Graham, professor de finan\u00e7as da Universidade Duke, sugere que, no curto prazo, as empresas devem usar a IA para otimizar processos e evitar novas contrata\u00e7\u00f5es, em vez de realizar cortes imediatos de funcion\u00e1rios.<\/p>\n\n\n\n<h2 class=\"wp-block-heading\"><strong>Quais habilidades ser\u00e3o valorizadas no futuro?<\/strong><\/h2>\n\n\n\n<p>Com a IA ganhando espa\u00e7o nas empresas, os trabalhadores precisar\u00e3o desenvolver habilidades que a tecnologia n\u00e3o pode substituir. Entre as compet\u00eancias mais importantes para o futuro, destacam-se:<\/p>\n\n\n\n<ul class=\"wp-block-list\">\n<li><strong>Criatividade:<\/strong>\u00a0A capacidade humana de inovar e pensar fora da caixa ainda \u00e9 insubstitu\u00edvel.<\/li>\n\n\n\n<li><strong>Colabora\u00e7\u00e3o:<\/strong>\u00a0O trabalho em equipe continuar\u00e1 sendo essencial para empresas que buscam crescimento e inova\u00e7\u00e3o.<\/li>\n\n\n\n<li><strong>Adaptabilidade:<\/strong>\u00a0Com as mudan\u00e7as constantes, os profissionais precisar\u00e3o se ajustar rapidamente \u00e0s novas demandas do mercado.<\/li>\n<\/ul>\n\n\n\n<p>A IA n\u00e3o substituir\u00e1 completamente a m\u00e3o de obra tradicional, mas exigir\u00e1 que as pessoas se adaptem a um novo cen\u00e1rio. Aqueles que souberem integrar a tecnologia ao seu trabalho ter\u00e3o mais oportunidades e maior estabilidade no mercado. As empresas, por sua vez, precisar\u00e3o investir em treinamento e desenvolvimento para garantir que seus funcion\u00e1rios estejam preparados para essas mudan\u00e7as.<\/p>\n","protected":false},"excerpt":{"rendered":"<p>Intelig\u00eancia Artificial impactando o mercado de trabalho: veja como ela muda fun\u00e7\u00f5es tradicionais, quais setores ser\u00e3o mais afetados.<\/p>\n","protected":false},"author":3,"featured_media":9331,"comment_status":"open","ping_status":"open","sticky":false,"template":"","format":"standard","meta":{"_yoast_wpseo_focuskw":"empresas IA","_yoast_wpseo_title":"%%title%%","_yoast_wpseo_metadesc":"Intelig\u00eancia Artificial impactando o mercado de trabalho: veja como ela muda fun\u00e7\u00f5es tradicionais, quais setores ser\u00e3o mais afetados.","jnews-multi-image_gallery":[],"jnews_single_post":{"format":"standard"},"jnews_primary_category":[],"jnews_social_meta":[],"jnews_override_counter":[],"footnotes":""},"categories":[112],"post_tag":[210,114],"class_list":["post-9329","post","type-post","status-publish","format-standard","has-post-thumbnail","hentry","category-curiosidades","tag-inteligencia-artificial","tag-tecnologia"],"yoast_head":"<!-- This site is optimized with the Yoast SEO plugin v24.6 - https:\/\/yoast.com\/wordpress\/plugins\/seo\/ -->\n<title>Mais de 40% das empresas querem trocar trabalhadores por IA<\/title>\n<meta name=\"description\" content=\"Intelig\u00eancia Artificial impactando o mercado de trabalho: veja como ela muda fun\u00e7\u00f5es tradicionais, quais setores ser\u00e3o mais afetados.\" \/>\n<meta name=\"robots\" content=\"index, follow, max-snippet:-1, max-image-preview:large, max-video-preview:-1\" \/>\n<link rel=\"canonical\" href=\"https:\/\/www.correiobraziliense.com.br\/cbradar\/mais-de-40-das-empresas-querem-trocar-trabalhadores-por-ia\/\" \/>\n<meta property=\"og:locale\" content=\"pt_BR\" \/>\n<meta property=\"og:type\" content=\"article\" \/>\n<meta property=\"og:title\" content=\"Mais de 40% das empresas querem trocar trabalhadores por IA\" \/>\n<meta property=\"og:description\" content=\"Intelig\u00eancia Artificial impactando o mercado de trabalho: veja como ela muda fun\u00e7\u00f5es tradicionais, quais setores ser\u00e3o mais afetados.\" \/>\n<meta property=\"og:url\" content=\"https:\/\/www.correiobraziliense.com.br\/cbradar\/mais-de-40-das-empresas-querem-trocar-trabalhadores-por-ia\/\" \/>\n<meta property=\"og:site_name\" content=\"Correio Braziliense - Radar\" \/>\n<meta property=\"article:published_time\" content=\"2025-03-07T01:10:00+00:00\" \/>\n<meta property=\"og:image\" content=\"https:\/\/www.correiobraziliense.com.br\/cbradar\/wp-content\/uploads\/2025\/03\/inteligencia-artificial_1741200192973.jpg\" \/>\n\t<meta property=\"og:image:width\" content=\"1279\" \/>\n\t<meta property=\"og:image:height\" content=\"720\" \/>\n\t<meta property=\"og:image:type\" content=\"image\/jpeg\" \/>\n<meta name=\"author\" content=\"Larissa Carvalho\" \/>\n<meta name=\"twitter:card\" content=\"summary_large_image\" \/>\n<meta name=\"twitter:label1\" content=\"Escrito por\" \/>\n\t<meta name=\"twitter:data1\" content=\"Larissa Carvalho\" \/>\n\t<meta name=\"twitter:label2\" content=\"Est. tempo de leitura\" \/>\n\t<meta name=\"twitter:data2\" content=\"4 minutos\" \/>\n<!-- \/ Yoast SEO plugin. -->","yoast_head_json":{"title":"Mais de 40% das empresas querem trocar trabalhadores por IA","description":"Intelig\u00eancia Artificial impactando o mercado de trabalho: veja como ela muda fun\u00e7\u00f5es tradicionais, quais setores ser\u00e3o mais afetados.","robots":{"index":"index","follow":"follow","max-snippet":"max-snippet:-1","max-image-preview":"max-image-preview:large","max-video-preview":"max-video-preview:-1"},"canonical":"https:\/\/www.correiobraziliense.com.br\/cbradar\/mais-de-40-das-empresas-querem-trocar-trabalhadores-por-ia\/","og_locale":"pt_BR","og_type":"article","og_title":"Mais de 40% das empresas querem trocar trabalhadores por IA","og_description":"Intelig\u00eancia Artificial impactando o mercado de trabalho: veja como ela muda fun\u00e7\u00f5es tradicionais, quais setores ser\u00e3o mais afetados.","og_url":"https:\/\/www.correiobraziliense.com.br\/cbradar\/mais-de-40-das-empresas-querem-trocar-trabalhadores-por-ia\/","og_site_name":"Correio Braziliense - Radar","article_published_time":"2025-03-07T01:10:00+00:00","og_image":[{"width":1279,"height":720,"url":"https:\/\/www.correiobraziliense.com.br\/cbradar\/wp-content\/uploads\/2025\/03\/inteligencia-artificial_1741200192973.jpg","type":"image\/jpeg"}],"author":"Larissa Carvalho","twitter_card":"summary_large_image","twitter_misc":{"Escrito por":"Larissa Carvalho","Est. tempo de leitura":"4 minutos"},"schema":{"@context":"https:\/\/schema.org","@graph":[{"@type":"WebPage","@id":"https:\/\/www.correiobraziliense.com.br\/cbradar\/mais-de-40-das-empresas-querem-trocar-trabalhadores-por-ia\/","url":"https:\/\/www.correiobraziliense.com.br\/cbradar\/mais-de-40-das-empresas-querem-trocar-trabalhadores-por-ia\/","name":"Mais de 40% das empresas querem trocar trabalhadores por IA","isPartOf":{"@id":"https:\/\/www.correiobraziliense.com.br\/cbradar\/#website"},"primaryImageOfPage":{"@id":"https:\/\/www.correiobraziliense.com.br\/cbradar\/mais-de-40-das-empresas-querem-trocar-trabalhadores-por-ia\/#primaryimage"},"image":{"@id":"https:\/\/www.correiobraziliense.com.br\/cbradar\/mais-de-40-das-empresas-querem-trocar-trabalhadores-por-ia\/#primaryimage"},"thumbnailUrl":"https:\/\/www.correiobraziliense.com.br\/cbradar\/wp-content\/uploads\/2025\/03\/inteligencia-artificial_1741200192973.jpg","datePublished":"2025-03-07T01:10:00+00:00","author":{"@id":"https:\/\/www.correiobraziliense.com.br\/cbradar\/#\/schema\/person\/58422787644df994b53a19d3e56c1513"},"description":"Intelig\u00eancia Artificial impactando o mercado de trabalho: veja como ela muda fun\u00e7\u00f5es tradicionais, quais setores ser\u00e3o mais afetados.","breadcrumb":{"@id":"https:\/\/www.correiobraziliense.com.br\/cbradar\/mais-de-40-das-empresas-querem-trocar-trabalhadores-por-ia\/#breadcrumb"},"inLanguage":"pt-BR","potentialAction":[{"@type":"ReadAction","target":["https:\/\/www.correiobraziliense.com.br\/cbradar\/mais-de-40-das-empresas-querem-trocar-trabalhadores-por-ia\/"]}]},{"@type":"ImageObject","inLanguage":"pt-BR","@id":"https:\/\/www.correiobraziliense.com.br\/cbradar\/mais-de-40-das-empresas-querem-trocar-trabalhadores-por-ia\/#primaryimage","url":"https:\/\/www.correiobraziliense.com.br\/cbradar\/wp-content\/uploads\/2025\/03\/inteligencia-artificial_1741200192973.jpg","contentUrl":"https:\/\/www.correiobraziliense.com.br\/cbradar\/wp-content\/uploads\/2025\/03\/inteligencia-artificial_1741200192973.jpg","width":1279,"height":720,"caption":"Intelig\u00eancia Artificial. Cr\u00e9ditos: depositphotos.com \/ agsandrew"},{"@type":"BreadcrumbList","@id":"https:\/\/www.correiobraziliense.com.br\/cbradar\/mais-de-40-das-empresas-querem-trocar-trabalhadores-por-ia\/#breadcrumb","itemListElement":[{"@type":"ListItem","position":1,"name":"In\u00edcio","item":"https:\/\/www.correiobraziliense.com.br\/cbradar\/"},{"@type":"ListItem","position":2,"name":"Mais de 40% das empresas querem trocar trabalhadores por IA"}]},{"@type":"WebSite","@id":"https:\/\/www.correiobraziliense.com.br\/cbradar\/#website","url":"https:\/\/www.correiobraziliense.com.br\/cbradar\/","name":"Correio Braziliense - Radar","description":"Acompanhe as \u00faltimas not\u00edcias e fique bem informado sobre tudo o que acontece no Brasil e no mundo.","potentialAction":[{"@type":"SearchAction","target":{"@type":"EntryPoint","urlTemplate":"https:\/\/www.correiobraziliense.com.br\/cbradar\/?s={search_term_string}"},"query-input":{"@type":"PropertyValueSpecification","valueRequired":true,"valueName":"search_term_string"}}],"inLanguage":"pt-BR"},{"@type":"Person","@id":"https:\/\/www.correiobraziliense.com.br\/cbradar\/#\/schema\/person\/58422787644df994b53a19d3e56c1513","name":"Larissa Carvalho","image":{"@type":"ImageObject","inLanguage":"pt-BR","@id":"https:\/\/www.correiobraziliense.com.br\/cbradar\/#\/schema\/person\/image\/","url":"https:\/\/secure.gravatar.com\/avatar\/fe4f91a0de32b52a838d0d612abdc1aa?s=96&d=mm&r=g","contentUrl":"https:\/\/secure.gravatar.com\/avatar\/fe4f91a0de32b52a838d0d612abdc1aa?s=96&d=mm&r=g","caption":"Larissa Carvalho"},"url":"https:\/\/www.correiobraziliense.com.br\/cbradar\/author\/larissamyth\/"}]}},"_links":{"self":[{"href":"https:\/\/www.correiobraziliense.com.br\/cbradar\/wp-json\/wp\/v2\/posts\/9329","targetHints":{"allow":["GET"]}}],"collection":[{"href":"https:\/\/www.correiobraziliense.com.br\/cbradar\/wp-json\/wp\/v2\/posts"}],"about":[{"href":"https:\/\/www.correiobraziliense.com.br\/cbradar\/wp-json\/wp\/v2\/types\/post"}],"author":[{"embeddable":true,"href":"https:\/\/www.correiobraziliense.com.br\/cbradar\/wp-json\/wp\/v2\/users\/3"}],"replies":[{"embeddable":true,"href":"https:\/\/www.correiobraziliense.com.br\/cbradar\/wp-json\/wp\/v2\/comments?post=9329"}],"version-history":[{"count":1,"href":"https:\/\/www.correiobraziliense.com.br\/cbradar\/wp-json\/wp\/v2\/posts\/9329\/revisions"}],"predecessor-version":[{"id":9333,"href":"https:\/\/www.correiobraziliense.com.br\/cbradar\/wp-json\/wp\/v2\/posts\/9329\/revisions\/9333"}],"wp:featuredmedia":[{"embeddable":true,"href":"https:\/\/www.correiobraziliense.com.br\/cbradar\/wp-json\/wp\/v2\/media\/9331"}],"wp:attachment":[{"href":"https:\/\/www.correiobraziliense.com.br\/cbradar\/wp-json\/wp\/v2\/media?parent=9329"}],"wp:term":[{"taxonomy":"category","embeddable":true,"href":"https:\/\/www.correiobraziliense.com.br\/cbradar\/wp-json\/wp\/v2\/categories?post=9329"},{"taxonomy":"post_tag","embeddable":true,"href":"https:\/\/www.correiobraziliense.com.br\/cbradar\/wp-json\/wp\/v2\/post_tag?post=9329"}],"curies":[{"name":"wp","href":"https:\/\/api.w.org\/{rel}","templated":true}]}}