{"id":9334,"date":"2025-03-06T21:10:00","date_gmt":"2025-03-07T00:10:00","guid":{"rendered":"https:\/\/www.correiobraziliense.com.br\/cbradar\/?p=9334"},"modified":"2025-03-05T16:29:58","modified_gmt":"2025-03-05T19:29:58","slug":"novo-audi-a6-chega-surpreendendo-o-mercado-veja-detalhes","status":"publish","type":"post","link":"https:\/\/www.correiobraziliense.com.br\/cbradar\/novo-audi-a6-chega-surpreendendo-o-mercado-veja-detalhes\/","title":{"rendered":"Novo Audi A6 chega surpreendendo o mercado, veja detalhes"},"content":{"rendered":"\n<p>O mercado automotivo europeu continua a valorizar as peruas, e a <strong><a href=\"https:\/\/www.audi.com.br\/pt\/\" target=\"_blank\" rel=\"noreferrer noopener\">Audi<\/a><\/strong> n\u00e3o ficou para tr\u00e1s ao apresentar a nova gera\u00e7\u00e3o do <strong>Audi A6 Avant 2026<\/strong>. Este modelo, que mant\u00e9m a tradi\u00e7\u00e3o das <strong>station wagons<\/strong>, chega com inova\u00e7\u00f5es significativas, tanto em design quanto em tecnologia. A revela\u00e7\u00e3o ocorreu no in\u00edcio de 2025, destacando-se por ser uma das poucas op\u00e7\u00f5es de peruas dispon\u00edveis atualmente.<\/p>\n\n\n\n<p>Constru\u00eddo sobre a plataforma <strong>PPC (Premium Platform Combustion)<\/strong>, o Audi A6 Avant 2026 compartilha espa\u00e7o com o A6 e-tron, que utiliza a plataforma PPE dedicada a ve\u00edculos el\u00e9tricos. Inicialmente, a expectativa era que o modelo a combust\u00e3o fosse renomeado para A7, mas a Audi optou por manter a nomenclatura tradicional, seguindo a l\u00f3gica de que n\u00fameros pares seriam para el\u00e9tricos e \u00edmpares para combust\u00e3o ou h\u00edbridos.<\/p>\n\n\n\n<h2 class=\"wp-block-heading\"><strong>Quais s\u00e3o as novidades no design do Audi A6 Avant 2026?<\/strong><\/h2>\n\n\n\n<p>O design do novo Audi A6 Avant reflete a evolu\u00e7\u00e3o est\u00e9tica da marca, incorporando elementos modernos e sofisticados. A frente do ve\u00edculo exibe far\u00f3is com tecnologia LED matrix, que s\u00e3o mais afilados e esportivos, al\u00e9m de uma grade frontal ampliada. Essas caracter\u00edsticas conferem ao carro uma apar\u00eancia mais agressiva, lembrando modelos como o A7 e o RS6.<\/p>\n\n\n\n<p>Na lateral, as rodas variam de 18 a 21 polegadas, complementando os vincos marcantes nos para-lamas traseiros que acentuam a robustez da carroceria. O coeficiente aerodin\u00e2mico \u00e9 de apenas 0,25, auxiliado por ma\u00e7anetas embutidas que reduzem a resist\u00eancia ao ar. A traseira \u00e9 adornada com lanternas OLED interligadas, oferecendo m\u00faltiplas assinaturas visuais e funcionalidades inteligentes.<\/p>\n\n\n\n<figure class=\"wp-block-image size-large\"><img decoding=\"async\" width=\"1024\" height=\"576\" src=\"https:\/\/www.correiobraziliense.com.br\/cbradar\/wp-content\/uploads\/2025\/03\/Audi-A6-1024x576.png\" alt=\"Novo Audi A6 chega surpreendendo o mercado, veja detalhes\" class=\"wp-image-9337\" srcset=\"https:\/\/www.correiobraziliense.com.br\/cbradar\/wp-content\/uploads\/2025\/03\/Audi-A6-1024x576.png 1024w, https:\/\/www.correiobraziliense.com.br\/cbradar\/wp-content\/uploads\/2025\/03\/Audi-A6-300x169.png 300w, https:\/\/www.correiobraziliense.com.br\/cbradar\/wp-content\/uploads\/2025\/03\/Audi-A6-768x432.png 768w, https:\/\/www.correiobraziliense.com.br\/cbradar\/wp-content\/uploads\/2025\/03\/Audi-A6-750x422.png 750w, https:\/\/www.correiobraziliense.com.br\/cbradar\/wp-content\/uploads\/2025\/03\/Audi-A6-1140x641.png 1140w, https:\/\/www.correiobraziliense.com.br\/cbradar\/wp-content\/uploads\/2025\/03\/Audi-A6.png 1280w\" sizes=\"(max-width: 1024px) 100vw, 1024px\" \/><figcaption class=\"wp-element-caption\">Audi A6. Fonte: divulga\u00e7\u00e3o \/ Audi<\/figcaption><\/figure>\n\n\n\n<figure class=\"wp-block-image size-large\"><img decoding=\"async\" width=\"1024\" height=\"576\" src=\"https:\/\/www.correiobraziliense.com.br\/cbradar\/wp-content\/uploads\/2025\/03\/Audi-A6-3-1024x576.png\" alt=\"Novo Audi A6 chega surpreendendo o mercado, veja detalhes\" class=\"wp-image-9339\" srcset=\"https:\/\/www.correiobraziliense.com.br\/cbradar\/wp-content\/uploads\/2025\/03\/Audi-A6-3-1024x576.png 1024w, https:\/\/www.correiobraziliense.com.br\/cbradar\/wp-content\/uploads\/2025\/03\/Audi-A6-3-300x169.png 300w, https:\/\/www.correiobraziliense.com.br\/cbradar\/wp-content\/uploads\/2025\/03\/Audi-A6-3-768x432.png 768w, https:\/\/www.correiobraziliense.com.br\/cbradar\/wp-content\/uploads\/2025\/03\/Audi-A6-3-750x422.png 750w, https:\/\/www.correiobraziliense.com.br\/cbradar\/wp-content\/uploads\/2025\/03\/Audi-A6-3-1140x641.png 1140w, https:\/\/www.correiobraziliense.com.br\/cbradar\/wp-content\/uploads\/2025\/03\/Audi-A6-3.png 1280w\" sizes=\"(max-width: 1024px) 100vw, 1024px\" \/><figcaption class=\"wp-element-caption\">Audi A6. Fonte: divulga\u00e7\u00e3o \/ Audi<\/figcaption><\/figure>\n\n\n\n<figure class=\"wp-block-image size-large\"><img decoding=\"async\" width=\"1024\" height=\"576\" src=\"https:\/\/www.correiobraziliense.com.br\/cbradar\/wp-content\/uploads\/2025\/03\/Audi-A6-3-1024x576.png\" alt=\"Novo Audi A6 chega surpreendendo o mercado, veja detalhes\" class=\"wp-image-9339\" srcset=\"https:\/\/www.correiobraziliense.com.br\/cbradar\/wp-content\/uploads\/2025\/03\/Audi-A6-3-1024x576.png 1024w, https:\/\/www.correiobraziliense.com.br\/cbradar\/wp-content\/uploads\/2025\/03\/Audi-A6-3-300x169.png 300w, https:\/\/www.correiobraziliense.com.br\/cbradar\/wp-content\/uploads\/2025\/03\/Audi-A6-3-768x432.png 768w, https:\/\/www.correiobraziliense.com.br\/cbradar\/wp-content\/uploads\/2025\/03\/Audi-A6-3-750x422.png 750w, https:\/\/www.correiobraziliense.com.br\/cbradar\/wp-content\/uploads\/2025\/03\/Audi-A6-3-1140x641.png 1140w, https:\/\/www.correiobraziliense.com.br\/cbradar\/wp-content\/uploads\/2025\/03\/Audi-A6-3.png 1280w\" sizes=\"(max-width: 1024px) 100vw, 1024px\" \/><figcaption class=\"wp-element-caption\">Audi A6. Fonte: divulga\u00e7\u00e3o \/ Audi<\/figcaption><\/figure>\n\n\n\n<h2 class=\"wp-block-heading\"><strong>Como \u00e9 o interior do Audi A6 Avant 2026?<\/strong><\/h2>\n\n\n\n<p>O interior do Audi A6 Avant 2026 \u00e9 um verdadeiro espet\u00e1culo de tecnologia e conforto. O destaque vai para a central multim\u00eddia de 14,5 polegadas, compat\u00edvel com Android Auto e Apple CarPlay, al\u00e9m de uma terceira tela de 10,9 polegadas para o passageiro. O painel digital de 11,9 polegadas utiliza displays OLED, proporcionando uma experi\u00eancia visual de alta qualidade.<\/p>\n\n\n\n<p>O acabamento interno utiliza materiais emborrachados e detalhes em black piano, com um isolamento ac\u00fastico aprimorado em 30%. Entre as op\u00e7\u00f5es de luxo, est\u00e3o o teto panor\u00e2mico com tecnologia Smart Glass e o sistema de som premium Bang &amp; Olufsen 3D. Recursos de condu\u00e7\u00e3o semi-aut\u00f4noma, como o ACC e park assist, tamb\u00e9m est\u00e3o presentes, integrando-se ao sistema de intelig\u00eancia artificial Chat GPT.<\/p>\n\n\n\n<figure class=\"wp-block-image size-large\"><img decoding=\"async\" width=\"1024\" height=\"576\" src=\"https:\/\/www.correiobraziliense.com.br\/cbradar\/wp-content\/uploads\/2025\/03\/Audi-A6-4-1024x576.png\" alt=\"Novo Audi A6 chega surpreendendo o mercado, veja detalhes\" class=\"wp-image-9338\" srcset=\"https:\/\/www.correiobraziliense.com.br\/cbradar\/wp-content\/uploads\/2025\/03\/Audi-A6-4-1024x576.png 1024w, https:\/\/www.correiobraziliense.com.br\/cbradar\/wp-content\/uploads\/2025\/03\/Audi-A6-4-300x169.png 300w, https:\/\/www.correiobraziliense.com.br\/cbradar\/wp-content\/uploads\/2025\/03\/Audi-A6-4-768x432.png 768w, https:\/\/www.correiobraziliense.com.br\/cbradar\/wp-content\/uploads\/2025\/03\/Audi-A6-4-750x422.png 750w, https:\/\/www.correiobraziliense.com.br\/cbradar\/wp-content\/uploads\/2025\/03\/Audi-A6-4-1140x641.png 1140w, https:\/\/www.correiobraziliense.com.br\/cbradar\/wp-content\/uploads\/2025\/03\/Audi-A6-4.png 1280w\" sizes=\"(max-width: 1024px) 100vw, 1024px\" \/><figcaption class=\"wp-element-caption\">Audi A6. Fonte: divulga\u00e7\u00e3o \/ Audi<\/figcaption><\/figure>\n\n\n\n<h2 class=\"wp-block-heading\"><strong>Quais s\u00e3o as op\u00e7\u00f5es de motoriza\u00e7\u00e3o do Audi A6 Avant 2026?<\/strong><\/h2>\n\n\n\n<p>O Audi A6 Avant 2026 oferece uma gama de op\u00e7\u00f5es de motoriza\u00e7\u00e3o, incluindo vers\u00f5es a diesel e gasolina micro-h\u00edbridas. O destaque \u00e9 o motor 3.0 turbo de seis cilindros com sistema MHEV de 48V, que entrega 367 cv e 550 Nm de torque. Essa configura\u00e7\u00e3o permite que o ve\u00edculo acelere de 0 a 100 km\/h em apenas 4,7 segundos, atingindo uma velocidade m\u00e1xima de 250 km\/h.<\/p>\n\n\n\n<p>O c\u00e2mbio \u00e9 automatizado de dupla embreagem com sete marchas, e a tra\u00e7\u00e3o pode ser integral ou apenas nas rodas dianteiras, dependendo da vers\u00e3o escolhida. Futuramente, a Audi planeja lan\u00e7ar vers\u00f5es adicionais, incluindo a superesportiva RS6 e possivelmente h\u00edbridos plug-in.<\/p>\n\n\n\n<h2 class=\"wp-block-heading\"><strong>Quando o Audi A6 Avant 2026 estar\u00e1 dispon\u00edvel?<\/strong><\/h2>\n\n\n\n<p>O novo Audi A6 Avant j\u00e1 est\u00e1 dispon\u00edvel para encomenda na Europa, com pre\u00e7os a partir de 58.000 euros. As primeiras entregas est\u00e3o previstas para maio de 2025. No Brasil, a expectativa \u00e9 que o modelo seja comercializado na vers\u00e3o RS6 a partir de 2026, oferecendo aos consumidores brasileiros uma op\u00e7\u00e3o de perua de alto desempenho e tecnologia avan\u00e7ada.<\/p>\n","protected":false},"excerpt":{"rendered":"<p>O novo Audi A6 Avant 2026 traz inova\u00e7\u00f5es est\u00e9ticas e tecnol\u00f3gicas, mantendo a tradi\u00e7\u00e3o das station wagons. Saiba mais!<\/p>\n","protected":false},"author":3,"featured_media":9337,"comment_status":"open","ping_status":"open","sticky":false,"template":"","format":"standard","meta":{"_yoast_wpseo_focuskw":"Audi A6","_yoast_wpseo_title":"%%title%%","_yoast_wpseo_metadesc":"O novo Audi A6 Avant 2026 traz inova\u00e7\u00f5es est\u00e9ticas e tecnol\u00f3gicas, mantendo a tradi\u00e7\u00e3o das station wagons. Saiba mais!","jnews-multi-image_gallery":[],"jnews_single_post":{"format":"standard"},"jnews_primary_category":[],"jnews_social_meta":[],"jnews_override_counter":[],"footnotes":""},"categories":[122],"post_tag":[1547],"class_list":["post-9334","post","type-post","status-publish","format-standard","has-post-thumbnail","hentry","category-automobilismo","tag-audi-a6-audi"],"yoast_head":"<!-- This site is optimized with the Yoast SEO plugin v24.6 - https:\/\/yoast.com\/wordpress\/plugins\/seo\/ -->\n<title>Novo Audi A6 chega surpreendendo o mercado, veja detalhes<\/title>\n<meta name=\"description\" content=\"O novo Audi A6 Avant 2026 traz inova\u00e7\u00f5es est\u00e9ticas e tecnol\u00f3gicas, mantendo a tradi\u00e7\u00e3o das station wagons. Saiba mais!\" \/>\n<meta name=\"robots\" content=\"index, follow, max-snippet:-1, max-image-preview:large, max-video-preview:-1\" \/>\n<link rel=\"canonical\" href=\"https:\/\/www.correiobraziliense.com.br\/cbradar\/novo-audi-a6-chega-surpreendendo-o-mercado-veja-detalhes\/\" \/>\n<meta property=\"og:locale\" content=\"pt_BR\" \/>\n<meta property=\"og:type\" content=\"article\" \/>\n<meta property=\"og:title\" content=\"Novo Audi A6 chega surpreendendo o mercado, veja detalhes\" \/>\n<meta property=\"og:description\" content=\"O novo Audi A6 Avant 2026 traz inova\u00e7\u00f5es est\u00e9ticas e tecnol\u00f3gicas, mantendo a tradi\u00e7\u00e3o das station wagons. Saiba mais!\" \/>\n<meta property=\"og:url\" content=\"https:\/\/www.correiobraziliense.com.br\/cbradar\/novo-audi-a6-chega-surpreendendo-o-mercado-veja-detalhes\/\" \/>\n<meta property=\"og:site_name\" content=\"Correio Braziliense - Radar\" \/>\n<meta property=\"article:published_time\" content=\"2025-03-07T00:10:00+00:00\" \/>\n<meta property=\"og:image\" content=\"https:\/\/www.correiobraziliense.com.br\/cbradar\/wp-content\/uploads\/2025\/03\/Audi-A6.png\" \/>\n\t<meta property=\"og:image:width\" content=\"1280\" \/>\n\t<meta property=\"og:image:height\" content=\"720\" \/>\n\t<meta property=\"og:image:type\" content=\"image\/png\" \/>\n<meta name=\"author\" content=\"Larissa Carvalho\" \/>\n<meta name=\"twitter:card\" content=\"summary_large_image\" \/>\n<meta name=\"twitter:label1\" content=\"Escrito por\" \/>\n\t<meta name=\"twitter:data1\" content=\"Larissa Carvalho\" \/>\n\t<meta name=\"twitter:label2\" content=\"Est. tempo de leitura\" \/>\n\t<meta name=\"twitter:data2\" content=\"5 minutos\" \/>\n<!-- \/ Yoast SEO plugin. -->","yoast_head_json":{"title":"Novo Audi A6 chega surpreendendo o mercado, veja detalhes","description":"O novo Audi A6 Avant 2026 traz inova\u00e7\u00f5es est\u00e9ticas e tecnol\u00f3gicas, mantendo a tradi\u00e7\u00e3o das station wagons. Saiba mais!","robots":{"index":"index","follow":"follow","max-snippet":"max-snippet:-1","max-image-preview":"max-image-preview:large","max-video-preview":"max-video-preview:-1"},"canonical":"https:\/\/www.correiobraziliense.com.br\/cbradar\/novo-audi-a6-chega-surpreendendo-o-mercado-veja-detalhes\/","og_locale":"pt_BR","og_type":"article","og_title":"Novo Audi A6 chega surpreendendo o mercado, veja detalhes","og_description":"O novo Audi A6 Avant 2026 traz inova\u00e7\u00f5es est\u00e9ticas e tecnol\u00f3gicas, mantendo a tradi\u00e7\u00e3o das station wagons. Saiba mais!","og_url":"https:\/\/www.correiobraziliense.com.br\/cbradar\/novo-audi-a6-chega-surpreendendo-o-mercado-veja-detalhes\/","og_site_name":"Correio Braziliense - Radar","article_published_time":"2025-03-07T00:10:00+00:00","og_image":[{"width":1280,"height":720,"url":"https:\/\/www.correiobraziliense.com.br\/cbradar\/wp-content\/uploads\/2025\/03\/Audi-A6.png","type":"image\/png"}],"author":"Larissa Carvalho","twitter_card":"summary_large_image","twitter_misc":{"Escrito por":"Larissa Carvalho","Est. tempo de leitura":"5 minutos"},"schema":{"@context":"https:\/\/schema.org","@graph":[{"@type":"WebPage","@id":"https:\/\/www.correiobraziliense.com.br\/cbradar\/novo-audi-a6-chega-surpreendendo-o-mercado-veja-detalhes\/","url":"https:\/\/www.correiobraziliense.com.br\/cbradar\/novo-audi-a6-chega-surpreendendo-o-mercado-veja-detalhes\/","name":"Novo Audi A6 chega surpreendendo o mercado, veja detalhes","isPartOf":{"@id":"https:\/\/www.correiobraziliense.com.br\/cbradar\/#website"},"primaryImageOfPage":{"@id":"https:\/\/www.correiobraziliense.com.br\/cbradar\/novo-audi-a6-chega-surpreendendo-o-mercado-veja-detalhes\/#primaryimage"},"image":{"@id":"https:\/\/www.correiobraziliense.com.br\/cbradar\/novo-audi-a6-chega-surpreendendo-o-mercado-veja-detalhes\/#primaryimage"},"thumbnailUrl":"https:\/\/www.correiobraziliense.com.br\/cbradar\/wp-content\/uploads\/2025\/03\/Audi-A6.png","datePublished":"2025-03-07T00:10:00+00:00","author":{"@id":"https:\/\/www.correiobraziliense.com.br\/cbradar\/#\/schema\/person\/58422787644df994b53a19d3e56c1513"},"description":"O novo Audi A6 Avant 2026 traz inova\u00e7\u00f5es est\u00e9ticas e tecnol\u00f3gicas, mantendo a tradi\u00e7\u00e3o das station wagons. Saiba mais!","breadcrumb":{"@id":"https:\/\/www.correiobraziliense.com.br\/cbradar\/novo-audi-a6-chega-surpreendendo-o-mercado-veja-detalhes\/#breadcrumb"},"inLanguage":"pt-BR","potentialAction":[{"@type":"ReadAction","target":["https:\/\/www.correiobraziliense.com.br\/cbradar\/novo-audi-a6-chega-surpreendendo-o-mercado-veja-detalhes\/"]}]},{"@type":"ImageObject","inLanguage":"pt-BR","@id":"https:\/\/www.correiobraziliense.com.br\/cbradar\/novo-audi-a6-chega-surpreendendo-o-mercado-veja-detalhes\/#primaryimage","url":"https:\/\/www.correiobraziliense.com.br\/cbradar\/wp-content\/uploads\/2025\/03\/Audi-A6.png","contentUrl":"https:\/\/www.correiobraziliense.com.br\/cbradar\/wp-content\/uploads\/2025\/03\/Audi-A6.png","width":1280,"height":720,"caption":"Audi A6. Fonte: divulga\u00e7\u00e3o \/ Audi"},{"@type":"BreadcrumbList","@id":"https:\/\/www.correiobraziliense.com.br\/cbradar\/novo-audi-a6-chega-surpreendendo-o-mercado-veja-detalhes\/#breadcrumb","itemListElement":[{"@type":"ListItem","position":1,"name":"In\u00edcio","item":"https:\/\/www.correiobraziliense.com.br\/cbradar\/"},{"@type":"ListItem","position":2,"name":"Novo Audi A6 chega surpreendendo o mercado, veja detalhes"}]},{"@type":"WebSite","@id":"https:\/\/www.correiobraziliense.com.br\/cbradar\/#website","url":"https:\/\/www.correiobraziliense.com.br\/cbradar\/","name":"Correio Braziliense - Radar","description":"Acompanhe as \u00faltimas not\u00edcias e fique bem informado sobre tudo o que acontece no Brasil e no mundo.","potentialAction":[{"@type":"SearchAction","target":{"@type":"EntryPoint","urlTemplate":"https:\/\/www.correiobraziliense.com.br\/cbradar\/?s={search_term_string}"},"query-input":{"@type":"PropertyValueSpecification","valueRequired":true,"valueName":"search_term_string"}}],"inLanguage":"pt-BR"},{"@type":"Person","@id":"https:\/\/www.correiobraziliense.com.br\/cbradar\/#\/schema\/person\/58422787644df994b53a19d3e56c1513","name":"Larissa Carvalho","image":{"@type":"ImageObject","inLanguage":"pt-BR","@id":"https:\/\/www.correiobraziliense.com.br\/cbradar\/#\/schema\/person\/image\/","url":"https:\/\/secure.gravatar.com\/avatar\/fe4f91a0de32b52a838d0d612abdc1aa?s=96&d=mm&r=g","contentUrl":"https:\/\/secure.gravatar.com\/avatar\/fe4f91a0de32b52a838d0d612abdc1aa?s=96&d=mm&r=g","caption":"Larissa Carvalho"},"url":"https:\/\/www.correiobraziliense.com.br\/cbradar\/author\/larissamyth\/"}]}},"_links":{"self":[{"href":"https:\/\/www.correiobraziliense.com.br\/cbradar\/wp-json\/wp\/v2\/posts\/9334","targetHints":{"allow":["GET"]}}],"collection":[{"href":"https:\/\/www.correiobraziliense.com.br\/cbradar\/wp-json\/wp\/v2\/posts"}],"about":[{"href":"https:\/\/www.correiobraziliense.com.br\/cbradar\/wp-json\/wp\/v2\/types\/post"}],"author":[{"embeddable":true,"href":"https:\/\/www.correiobraziliense.com.br\/cbradar\/wp-json\/wp\/v2\/users\/3"}],"replies":[{"embeddable":true,"href":"https:\/\/www.correiobraziliense.com.br\/cbradar\/wp-json\/wp\/v2\/comments?post=9334"}],"version-history":[{"count":1,"href":"https:\/\/www.correiobraziliense.com.br\/cbradar\/wp-json\/wp\/v2\/posts\/9334\/revisions"}],"predecessor-version":[{"id":9343,"href":"https:\/\/www.correiobraziliense.com.br\/cbradar\/wp-json\/wp\/v2\/posts\/9334\/revisions\/9343"}],"wp:featuredmedia":[{"embeddable":true,"href":"https:\/\/www.correiobraziliense.com.br\/cbradar\/wp-json\/wp\/v2\/media\/9337"}],"wp:attachment":[{"href":"https:\/\/www.correiobraziliense.com.br\/cbradar\/wp-json\/wp\/v2\/media?parent=9334"}],"wp:term":[{"taxonomy":"category","embeddable":true,"href":"https:\/\/www.correiobraziliense.com.br\/cbradar\/wp-json\/wp\/v2\/categories?post=9334"},{"taxonomy":"post_tag","embeddable":true,"href":"https:\/\/www.correiobraziliense.com.br\/cbradar\/wp-json\/wp\/v2\/post_tag?post=9334"}],"curies":[{"name":"wp","href":"https:\/\/api.w.org\/{rel}","templated":true}]}}