{"id":94046,"date":"2025-08-30T19:43:00","date_gmt":"2025-08-30T22:43:00","guid":{"rendered":"https:\/\/www.correiobraziliense.com.br\/cbradar\/?p=94046"},"modified":"2025-08-27T13:13:54","modified_gmt":"2025-08-27T16:13:54","slug":"novo-habito-famoso-melhora-a-qualidade-do-ar-e-ajuda-na-sua-saude","status":"publish","type":"post","link":"https:\/\/www.correiobraziliense.com.br\/cbradar\/novo-habito-famoso-melhora-a-qualidade-do-ar-e-ajuda-na-sua-saude\/","title":{"rendered":"Novo h\u00e1bito famoso melhora a qualidade do ar e ajuda na sua sa\u00fade"},"content":{"rendered":"\n<p>A\u00a0<strong><a href=\"https:\/\/pt.wikipedia.org\/wiki\/Aromaterapia\" target=\"_blank\" rel=\"noreferrer noopener\">aromaterapia<\/a><\/strong>\u00a0com\u00a0<strong>eucalipto<\/strong>\u00a0\u00e9 uma pr\u00e1tica popular para promover sa\u00fade respirat\u00f3ria.\u00a0Utilizada em diversos tratamentos, essa t\u00e9cnica tem benef\u00edcios comprovados e \u00e9 amplamente procurada por suas propriedades medicinais.\u00a0Veja, a seguir, alguns destaques sobre o tema.<\/p>\n\n\n\n<ul class=\"wp-block-list\">\n<li>Benef\u00edcios do eucalipto para o sistema respirat\u00f3rio.<\/li>\n\n\n\n<li>Como usar o \u00f3leo essencial de eucalipto de forma eficaz.<\/li>\n\n\n\n<li>Sugest\u00f5es pr\u00e1ticas para integrar o eucalipto na sua rotina.<\/li>\n<\/ul>\n\n\n\n<h2 class=\"wp-block-heading\">O que torna o eucalipto eficaz para a respira\u00e7\u00e3o?<\/h2>\n\n\n<div class=\"wp-block-image\">\n<figure class=\"aligncenter size-large\"><img decoding=\"async\" width=\"1024\" height=\"576\" src=\"https:\/\/www.correiobraziliense.com.br\/cbradar\/wp-content\/uploads\/2025\/08\/eucalipto-_1756303319428-1024x576.jpg\" alt=\"Novo h\u00e1bito famoso melhora a qualidade do ar e ajuda na sua sa\u00fade\" class=\"wp-image-94047\" srcset=\"https:\/\/www.correiobraziliense.com.br\/cbradar\/wp-content\/uploads\/2025\/08\/eucalipto-_1756303319428-1024x576.jpg 1024w, https:\/\/www.correiobraziliense.com.br\/cbradar\/wp-content\/uploads\/2025\/08\/eucalipto-_1756303319428-300x169.jpg 300w, https:\/\/www.correiobraziliense.com.br\/cbradar\/wp-content\/uploads\/2025\/08\/eucalipto-_1756303319428-768x432.jpg 768w, https:\/\/www.correiobraziliense.com.br\/cbradar\/wp-content\/uploads\/2025\/08\/eucalipto-_1756303319428-750x422.jpg 750w, https:\/\/www.correiobraziliense.com.br\/cbradar\/wp-content\/uploads\/2025\/08\/eucalipto-_1756303319428-1140x641.jpg 1140w, https:\/\/www.correiobraziliense.com.br\/cbradar\/wp-content\/uploads\/2025\/08\/eucalipto-_1756303319428.jpg 1280w\" sizes=\"(max-width: 1024px) 100vw, 1024px\" \/><figcaption class=\"wp-element-caption\">Eucalipto &#8211; Cr\u00e9ditos: depositphotos.com \/ AntonMatyukha<\/figcaption><\/figure><\/div>\n\n\n<p>O&nbsp;<strong>eucalipto<\/strong>&nbsp;possui compostos que promovem a\u00e7\u00e3o descongestionante e anti-inflamat\u00f3ria.&nbsp;Esses atributos fazem dele um aliado para melhorar a&nbsp;<strong>qualidade do ar<\/strong>&nbsp;e abrir as vias respirat\u00f3rias de forma natural.<\/p>\n\n\n\n<p>Al\u00e9m disso, o uso do \u00f3leo essencial de eucalipto em&nbsp;<strong>difusores<\/strong>&nbsp;pode melhorar a atmosfera em ambientes fechados.&nbsp;Misture com outros \u00f3leos complementares para potencializar seus efeitos.<\/p>\n\n\n\n<p>Muitas pessoas optam pelo eucalipto para aliviar sintomas de resfriados, dadas as suas propriedades antibacterianas e antioxidantes, que ajudam na recupera\u00e7\u00e3o do bem-estar.<\/p>\n\n\n\n<h2 class=\"wp-block-heading\">Como utilizar o \u00f3leo essencial de eucalipto corretamente?<\/h2>\n\n\n\n<p>Para obter os melhores resultados, utilize algumas gotas de&nbsp;<strong>\u00f3leo essencial de eucalipto<\/strong>&nbsp;em um difusor ou inalador.&nbsp;Esse processo \u00e9 eficaz em lares e espa\u00e7os de trabalho, ajudando a purificar o ar que se respira.<\/p>\n\n\n\n<p>Evite a ingest\u00e3o direta ou aplica\u00e7\u00e3o de grandes quantidades na pele, pois o&nbsp;<em>eucalipto<\/em>&nbsp;\u00e9 altamente concentrado. Dilui\u00e7\u00e3o \u00e9 fundamental para seguran\u00e7a e efic\u00e1cia.<\/p>\n\n\n\n<p>A aplica\u00e7\u00e3o moderada nos ambientes, especialmente \u00e0 noite, pode promover um sono tranquilo, aliviando congestionamentos e melhorando a qualidade respirat\u00f3ria.<\/p>\n\n\n\n<h2 class=\"wp-block-heading\">Quais s\u00e3o os benef\u00edcios adicionais do eucalipto na sa\u00fade respirat\u00f3ria?<\/h2>\n\n\n\n<p>Al\u00e9m de melhorar a respira\u00e7\u00e3o, o&nbsp;<strong>eucalipto<\/strong>&nbsp;oferece uma s\u00e9rie de outros benef\u00edcios, incluindo propriedades&nbsp;<strong>anti-infecciosas<\/strong>&nbsp;e de fortalecimento do sistema imunol\u00f3gico. Ele tamb\u00e9m ajuda a repelir insetos naturalmente quando utilizado de forma adequada.<\/p>\n\n\n\n<p>Seu efeito calmante pode reduzir o estresse, um fator que contribui indiretamente para a sa\u00fade pulmonar e para a&nbsp;<strong>qualidade de vida<\/strong>.<\/p>\n\n\n\n<p>Leia tamb\u00e9m: <a href=\"https:\/\/www.correiobraziliense.com.br\/cbradar\/o-que-acontece-no-seu-corpo-quando-voce-toma-muitas-bebidas-doces\" target=\"_blank\" rel=\"noreferrer noopener\">O que acontece no seu corpo quando voc\u00ea toma muitas bebidas doces?<\/a><\/p>\n\n\n\n<h2 class=\"wp-block-heading\">Dicas pr\u00e1ticas para integrar o eucalipto no seu dia a dia<\/h2>\n\n\n\n<p>Comece adicionando algumas gotas de \u00f3leo de&nbsp;<strong>eucalipto<\/strong>&nbsp;ao detergente da m\u00e1quina de lavar. Isso n\u00e3o apenas traz um perfume fresco \u00e0s roupas, mas tamb\u00e9m potencializa os benef\u00edcios contra agentes bacterianos.<\/p>\n\n\n\n<p>Inalar vapor com algumas folhas de eucalipto ajuda a limpar os sinos paranasais e proporciona conforto imediato.&nbsp;Essa \u00e9 uma dica pr\u00e1tica para dias frios ou resfriados.<\/p>\n\n\n\n<p>Para intensificar os benef\u00edcios, associe o eucalipto a uma rotina de exerc\u00edcios de&nbsp;<strong>respira\u00e7\u00e3o<\/strong>&nbsp;profunda para maximizar a oxigena\u00e7\u00e3o dos pulm\u00f5es.<\/p>\n\n\n\n<p>Leia tamb\u00e9m: <a href=\"https:\/\/www.correiobraziliense.com.br\/cbradar\/habito-simples-antes-de-dormir-que-aumenta-a-producao-de-melatonina\" target=\"_blank\" rel=\"noreferrer noopener\">H\u00e1bito simples antes de dormir que aumenta a produ\u00e7\u00e3o de melatonina<\/a><\/p>\n\n\n\n<h2 class=\"wp-block-heading\">Aproveitando ao m\u00e1ximo os benef\u00edcios do eucalipto<\/h2>\n\n\n\n<ul class=\"wp-block-list\">\n<li>O eucalipto \u00e9 uma solu\u00e7\u00e3o natural para o bem-estar respirat\u00f3rio.<\/li>\n\n\n\n<li>Utilize o \u00f3leo essencial de forma segura e dilu\u00edda para melhores resultados.<\/li>\n\n\n\n<li>Adapte h\u00e1bitos par aumentar a efic\u00e1cia, como incorporar o eucalipto em pr\u00e1tica di\u00e1rias.<\/li>\n<\/ul>\n","protected":false},"excerpt":{"rendered":"<p>A\u00a0aromaterapia\u00a0com\u00a0eucalipto\u00a0\u00e9 uma pr\u00e1tica popular para promover sa\u00fade respirat\u00f3ria.\u00a0Utilizada em diversos tratamentos, essa t\u00e9cnica tem benef\u00edcios comprovados e \u00e9 amplamente procurada por suas propriedades medicinais.\u00a0Veja, a seguir, alguns destaques sobre o tema. O que torna o eucalipto eficaz para a respira\u00e7\u00e3o? O&nbsp;eucalipto&nbsp;possui compostos que promovem a\u00e7\u00e3o descongestionante e anti-inflamat\u00f3ria.&nbsp;Esses atributos fazem dele um aliado para melhorar [&hellip;]<\/p>\n","protected":false},"author":11,"featured_media":94048,"comment_status":"open","ping_status":"open","sticky":false,"template":"","format":"standard","meta":{"_yoast_wpseo_focuskw":"eucalipto","_yoast_wpseo_title":"","_yoast_wpseo_metadesc":"Novo h\u00e1bito famoso melhora a qualidade do ar e beneficia a sa\u00fade promovendo mais bem-estar e equil\u00edbrio no cotidiano.","jnews-multi-image_gallery":[],"jnews_single_post":{"format":"standard"},"jnews_primary_category":[],"jnews_social_meta":[],"jnews_override_counter":[],"footnotes":""},"categories":[119],"post_tag":[7465,9848],"class_list":["post-94046","post","type-post","status-publish","format-standard","has-post-thumbnail","hentry","category-bem-estar","tag-eucalipto","tag-qualidade-do-ar"],"yoast_head":"<!-- This site is optimized with the Yoast SEO plugin v24.6 - https:\/\/yoast.com\/wordpress\/plugins\/seo\/ -->\n<title>Novo h\u00e1bito famoso melhora a qualidade do ar e ajuda na sua sa\u00fade - Correio Braziliense - Radar<\/title>\n<meta name=\"description\" content=\"Novo h\u00e1bito famoso melhora a qualidade do ar e beneficia a sa\u00fade promovendo mais bem-estar e equil\u00edbrio no cotidiano.\" \/>\n<meta name=\"robots\" content=\"index, follow, max-snippet:-1, max-image-preview:large, max-video-preview:-1\" \/>\n<link rel=\"canonical\" href=\"https:\/\/www.correiobraziliense.com.br\/cbradar\/novo-habito-famoso-melhora-a-qualidade-do-ar-e-ajuda-na-sua-saude\/\" \/>\n<meta property=\"og:locale\" content=\"pt_BR\" \/>\n<meta property=\"og:type\" content=\"article\" \/>\n<meta property=\"og:title\" content=\"Novo h\u00e1bito famoso melhora a qualidade do ar e ajuda na sua sa\u00fade - Correio Braziliense - Radar\" \/>\n<meta property=\"og:description\" content=\"Novo h\u00e1bito famoso melhora a qualidade do ar e beneficia a sa\u00fade promovendo mais bem-estar e equil\u00edbrio no cotidiano.\" \/>\n<meta property=\"og:url\" content=\"https:\/\/www.correiobraziliense.com.br\/cbradar\/novo-habito-famoso-melhora-a-qualidade-do-ar-e-ajuda-na-sua-saude\/\" \/>\n<meta property=\"og:site_name\" content=\"Correio Braziliense - Radar\" \/>\n<meta property=\"article:published_time\" content=\"2025-08-30T22:43:00+00:00\" \/>\n<meta property=\"og:image\" content=\"https:\/\/www.correiobraziliense.com.br\/cbradar\/wp-content\/uploads\/2025\/08\/eucalipto-_1756303399164.jpg\" \/>\n\t<meta property=\"og:image:width\" content=\"1280\" \/>\n\t<meta property=\"og:image:height\" content=\"720\" \/>\n\t<meta property=\"og:image:type\" content=\"image\/jpeg\" \/>\n<meta name=\"author\" content=\"Paulo Custodio\" \/>\n<meta name=\"twitter:card\" content=\"summary_large_image\" \/>\n<meta name=\"twitter:label1\" content=\"Escrito por\" \/>\n\t<meta name=\"twitter:data1\" content=\"Paulo Custodio\" \/>\n\t<meta name=\"twitter:label2\" content=\"Est. tempo de leitura\" \/>\n\t<meta name=\"twitter:data2\" content=\"3 minutos\" \/>\n<!-- \/ Yoast SEO plugin. -->","yoast_head_json":{"title":"Novo h\u00e1bito famoso melhora a qualidade do ar e ajuda na sua sa\u00fade - Correio Braziliense - Radar","description":"Novo h\u00e1bito famoso melhora a qualidade do ar e beneficia a sa\u00fade promovendo mais bem-estar e equil\u00edbrio no cotidiano.","robots":{"index":"index","follow":"follow","max-snippet":"max-snippet:-1","max-image-preview":"max-image-preview:large","max-video-preview":"max-video-preview:-1"},"canonical":"https:\/\/www.correiobraziliense.com.br\/cbradar\/novo-habito-famoso-melhora-a-qualidade-do-ar-e-ajuda-na-sua-saude\/","og_locale":"pt_BR","og_type":"article","og_title":"Novo h\u00e1bito famoso melhora a qualidade do ar e ajuda na sua sa\u00fade - Correio Braziliense - Radar","og_description":"Novo h\u00e1bito famoso melhora a qualidade do ar e beneficia a sa\u00fade promovendo mais bem-estar e equil\u00edbrio no cotidiano.","og_url":"https:\/\/www.correiobraziliense.com.br\/cbradar\/novo-habito-famoso-melhora-a-qualidade-do-ar-e-ajuda-na-sua-saude\/","og_site_name":"Correio Braziliense - Radar","article_published_time":"2025-08-30T22:43:00+00:00","og_image":[{"width":1280,"height":720,"url":"https:\/\/www.correiobraziliense.com.br\/cbradar\/wp-content\/uploads\/2025\/08\/eucalipto-_1756303399164.jpg","type":"image\/jpeg"}],"author":"Paulo Custodio","twitter_card":"summary_large_image","twitter_misc":{"Escrito por":"Paulo Custodio","Est. tempo de leitura":"3 minutos"},"schema":{"@context":"https:\/\/schema.org","@graph":[{"@type":"WebPage","@id":"https:\/\/www.correiobraziliense.com.br\/cbradar\/novo-habito-famoso-melhora-a-qualidade-do-ar-e-ajuda-na-sua-saude\/","url":"https:\/\/www.correiobraziliense.com.br\/cbradar\/novo-habito-famoso-melhora-a-qualidade-do-ar-e-ajuda-na-sua-saude\/","name":"Novo h\u00e1bito famoso melhora a qualidade do ar e ajuda na sua sa\u00fade - Correio Braziliense - Radar","isPartOf":{"@id":"https:\/\/www.correiobraziliense.com.br\/cbradar\/#website"},"primaryImageOfPage":{"@id":"https:\/\/www.correiobraziliense.com.br\/cbradar\/novo-habito-famoso-melhora-a-qualidade-do-ar-e-ajuda-na-sua-saude\/#primaryimage"},"image":{"@id":"https:\/\/www.correiobraziliense.com.br\/cbradar\/novo-habito-famoso-melhora-a-qualidade-do-ar-e-ajuda-na-sua-saude\/#primaryimage"},"thumbnailUrl":"https:\/\/www.correiobraziliense.com.br\/cbradar\/wp-content\/uploads\/2025\/08\/eucalipto-_1756303399164.jpg","datePublished":"2025-08-30T22:43:00+00:00","author":{"@id":"https:\/\/www.correiobraziliense.com.br\/cbradar\/#\/schema\/person\/4cec7857301a9a1a2ef249893cd908d3"},"description":"Novo h\u00e1bito famoso melhora a qualidade do ar e beneficia a sa\u00fade promovendo mais bem-estar e equil\u00edbrio no cotidiano.","breadcrumb":{"@id":"https:\/\/www.correiobraziliense.com.br\/cbradar\/novo-habito-famoso-melhora-a-qualidade-do-ar-e-ajuda-na-sua-saude\/#breadcrumb"},"inLanguage":"pt-BR","potentialAction":[{"@type":"ReadAction","target":["https:\/\/www.correiobraziliense.com.br\/cbradar\/novo-habito-famoso-melhora-a-qualidade-do-ar-e-ajuda-na-sua-saude\/"]}]},{"@type":"ImageObject","inLanguage":"pt-BR","@id":"https:\/\/www.correiobraziliense.com.br\/cbradar\/novo-habito-famoso-melhora-a-qualidade-do-ar-e-ajuda-na-sua-saude\/#primaryimage","url":"https:\/\/www.correiobraziliense.com.br\/cbradar\/wp-content\/uploads\/2025\/08\/eucalipto-_1756303399164.jpg","contentUrl":"https:\/\/www.correiobraziliense.com.br\/cbradar\/wp-content\/uploads\/2025\/08\/eucalipto-_1756303399164.jpg","width":1280,"height":720,"caption":"Eucalipto - Cr\u00e9ditos: depositphotos.com \/ AntonMatyukha"},{"@type":"BreadcrumbList","@id":"https:\/\/www.correiobraziliense.com.br\/cbradar\/novo-habito-famoso-melhora-a-qualidade-do-ar-e-ajuda-na-sua-saude\/#breadcrumb","itemListElement":[{"@type":"ListItem","position":1,"name":"In\u00edcio","item":"https:\/\/www.correiobraziliense.com.br\/cbradar\/"},{"@type":"ListItem","position":2,"name":"Novo h\u00e1bito famoso melhora a qualidade do ar e ajuda na sua sa\u00fade"}]},{"@type":"WebSite","@id":"https:\/\/www.correiobraziliense.com.br\/cbradar\/#website","url":"https:\/\/www.correiobraziliense.com.br\/cbradar\/","name":"Correio Braziliense - Radar","description":"Acompanhe as \u00faltimas not\u00edcias e fique bem informado sobre tudo o que acontece no Brasil e no mundo.","potentialAction":[{"@type":"SearchAction","target":{"@type":"EntryPoint","urlTemplate":"https:\/\/www.correiobraziliense.com.br\/cbradar\/?s={search_term_string}"},"query-input":{"@type":"PropertyValueSpecification","valueRequired":true,"valueName":"search_term_string"}}],"inLanguage":"pt-BR"},{"@type":"Person","@id":"https:\/\/www.correiobraziliense.com.br\/cbradar\/#\/schema\/person\/4cec7857301a9a1a2ef249893cd908d3","name":"Paulo Custodio","image":{"@type":"ImageObject","inLanguage":"pt-BR","@id":"https:\/\/www.correiobraziliense.com.br\/cbradar\/#\/schema\/person\/image\/","url":"https:\/\/secure.gravatar.com\/avatar\/bcd67168d1534e8fcf4f45c726a87cea?s=96&d=mm&r=g","contentUrl":"https:\/\/secure.gravatar.com\/avatar\/bcd67168d1534e8fcf4f45c726a87cea?s=96&d=mm&r=g","caption":"Paulo Custodio"},"sameAs":["https:\/\/www.correiobraziliense.com.br\/cbradar"],"url":"https:\/\/www.correiobraziliense.com.br\/cbradar\/author\/paulomyth\/"}]}},"_links":{"self":[{"href":"https:\/\/www.correiobraziliense.com.br\/cbradar\/wp-json\/wp\/v2\/posts\/94046","targetHints":{"allow":["GET"]}}],"collection":[{"href":"https:\/\/www.correiobraziliense.com.br\/cbradar\/wp-json\/wp\/v2\/posts"}],"about":[{"href":"https:\/\/www.correiobraziliense.com.br\/cbradar\/wp-json\/wp\/v2\/types\/post"}],"author":[{"embeddable":true,"href":"https:\/\/www.correiobraziliense.com.br\/cbradar\/wp-json\/wp\/v2\/users\/11"}],"replies":[{"embeddable":true,"href":"https:\/\/www.correiobraziliense.com.br\/cbradar\/wp-json\/wp\/v2\/comments?post=94046"}],"version-history":[{"count":1,"href":"https:\/\/www.correiobraziliense.com.br\/cbradar\/wp-json\/wp\/v2\/posts\/94046\/revisions"}],"predecessor-version":[{"id":94049,"href":"https:\/\/www.correiobraziliense.com.br\/cbradar\/wp-json\/wp\/v2\/posts\/94046\/revisions\/94049"}],"wp:featuredmedia":[{"embeddable":true,"href":"https:\/\/www.correiobraziliense.com.br\/cbradar\/wp-json\/wp\/v2\/media\/94048"}],"wp:attachment":[{"href":"https:\/\/www.correiobraziliense.com.br\/cbradar\/wp-json\/wp\/v2\/media?parent=94046"}],"wp:term":[{"taxonomy":"category","embeddable":true,"href":"https:\/\/www.correiobraziliense.com.br\/cbradar\/wp-json\/wp\/v2\/categories?post=94046"},{"taxonomy":"post_tag","embeddable":true,"href":"https:\/\/www.correiobraziliense.com.br\/cbradar\/wp-json\/wp\/v2\/post_tag?post=94046"}],"curies":[{"name":"wp","href":"https:\/\/api.w.org\/{rel}","templated":true}]}}