{"id":94058,"date":"2025-08-31T18:23:00","date_gmt":"2025-08-31T21:23:00","guid":{"rendered":"https:\/\/www.correiobraziliense.com.br\/cbradar\/?p=94058"},"modified":"2025-08-27T13:30:10","modified_gmt":"2025-08-27T16:30:10","slug":"o-que-significa-para-o-seu-corpo-quando-voce-caminha-descalco-na-areia","status":"publish","type":"post","link":"https:\/\/www.correiobraziliense.com.br\/cbradar\/o-que-significa-para-o-seu-corpo-quando-voce-caminha-descalco-na-areia\/","title":{"rendered":"O que significa para o seu corpo quando voc\u00ea caminha descal\u00e7o na areia?"},"content":{"rendered":"\n<p>Caminhar descal\u00e7o na <a href=\"https:\/\/pt.wikipedia.org\/wiki\/Areia\" target=\"_blank\" rel=\"noreferrer noopener\">areia <\/a>pode ser mais do que apenas uma atividade relaxante na praia.\u00a0Este simples ato oferece benef\u00edcios surpreendentes para a\u00a0<strong>circula\u00e7\u00e3o<\/strong>\u00a0e a\u00a0<strong>postura corporal<\/strong>.\u00a0Neste artigo, exploramos como essa pr\u00e1tica impacta a sa\u00fade do corpo.<\/p>\n\n\n\n<ul class=\"wp-block-list\">\n<li>Melhora a sa\u00fade cardiovascular ao estimular o fluxo sangu\u00edneo.<\/li>\n\n\n\n<li>Fortalece os m\u00fasculos que suportam a coluna.<\/li>\n\n\n\n<li>Promove o equil\u00edbrio f\u00edsico e mental.<\/li>\n<\/ul>\n\n\n\n<h2 class=\"wp-block-heading\">Como caminhar na areia afeta a circula\u00e7\u00e3o?<\/h2>\n\n\n<div class=\"wp-block-image\">\n<figure class=\"aligncenter size-large\"><img decoding=\"async\" width=\"1024\" height=\"576\" src=\"https:\/\/www.correiobraziliense.com.br\/cbradar\/wp-content\/uploads\/2025\/08\/areia-caminhar_1756312166268-1024x576.jpg\" alt=\"O que significa para o seu corpo quando voc\u00ea caminha descal\u00e7o na areia?\" class=\"wp-image-94063\" srcset=\"https:\/\/www.correiobraziliense.com.br\/cbradar\/wp-content\/uploads\/2025\/08\/areia-caminhar_1756312166268-1024x576.jpg 1024w, https:\/\/www.correiobraziliense.com.br\/cbradar\/wp-content\/uploads\/2025\/08\/areia-caminhar_1756312166268-300x169.jpg 300w, https:\/\/www.correiobraziliense.com.br\/cbradar\/wp-content\/uploads\/2025\/08\/areia-caminhar_1756312166268-768x432.jpg 768w, https:\/\/www.correiobraziliense.com.br\/cbradar\/wp-content\/uploads\/2025\/08\/areia-caminhar_1756312166268-750x422.jpg 750w, https:\/\/www.correiobraziliense.com.br\/cbradar\/wp-content\/uploads\/2025\/08\/areia-caminhar_1756312166268-1140x641.jpg 1140w, https:\/\/www.correiobraziliense.com.br\/cbradar\/wp-content\/uploads\/2025\/08\/areia-caminhar_1756312166268.jpg 1280w\" sizes=\"(max-width: 1024px) 100vw, 1024px\" \/><figcaption class=\"wp-element-caption\">Caminhada na areia &#8211; Cr\u00e9ditos: depositphotos.com \/ AllaSerebrina<\/figcaption><\/figure><\/div>\n\n\n<p>A textura irregular da&nbsp;<strong>areia<\/strong>&nbsp;move a planta dos p\u00e9s de forma natural, auxiliando na ativa\u00e7\u00e3o do&nbsp;<strong>fluxo sangu\u00edneo<\/strong>. Este est\u00edmulo constante \u00e9 ben\u00e9fico para o sistema cardiovascular, reduzindo o risco de doen\u00e7as relacionadas.<\/p>\n\n\n\n<p>Caminhar na areia tamb\u00e9m promove a vasodilata\u00e7\u00e3o, uma vez que os p\u00e9s ao contato direto com a superf\u00edcie fria e \u00famida induzem a circula\u00e7\u00e3o. Esse processo \u00e9 crucial para&nbsp;<strong>eliminar toxinas<\/strong>&nbsp;e melhorar a sa\u00fade geral.<\/p>\n\n\n\n<p>Al\u00e9m disso, essa pr\u00e1tica pode auxiliar na preven\u00e7\u00e3o de varizes, pois fortalece as paredes dos vasos sangu\u00edneos com exerc\u00edcios de resist\u00eancia de baixo impacto.<\/p>\n\n\n\n<h2 class=\"wp-block-heading\">O papel da areia no fortalecimento postural<\/h2>\n\n\n\n<p>A instabilidade da areia exige que o corpo se adapte constantemente, o que resulta no fortalecimento dos m\u00fasculos estabilizadores. Isso favorece a&nbsp;<strong>postura<\/strong>&nbsp;e a alinhamento da coluna.<\/p>\n\n\n\n<p>Ao caminhar descal\u00e7o, sem o suporte de cal\u00e7ados, os m\u00fasculos dos p\u00e9s e tornozelos trabalham mais intensamente, promovendo um fortalecimento natural destas \u00e1reas cr\u00edticas.<\/p>\n\n\n\n<p>Esse exerc\u00edcio auxilia na preven\u00e7\u00e3o de les\u00f5es relacionadas \u00e0 postura inadequada, dado que os movimentos contribuem para um equil\u00edbrio muscular mais eficiente.<\/p>\n\n\n\n<p>Leia tamb\u00e9m: <a href=\"https:\/\/www.correiobraziliense.com.br\/cbradar\/habito-simples-antes-de-dormir-que-aumenta-a-producao-de-melatonina\" target=\"_blank\" rel=\"noreferrer noopener\">H\u00e1bito simples antes de dormir que aumenta a produ\u00e7\u00e3o de melatonina<\/a><\/p>\n\n\n\n<h2 class=\"wp-block-heading\">Benef\u00edcios psicol\u00f3gicos do contato direto com a natureza<\/h2>\n\n\n\n<p>Estar em contato direto com a areia e o mar proporciona um efeito calmante, reduzindo&nbsp;<strong>n\u00edveis de estresse<\/strong>&nbsp;e promovendo bem-estar.<\/p>\n\n\n\n<p>A caminhada descal\u00e7a na areia tamb\u00e9m estimula&nbsp;<strong>sensas\u00f5es t\u00e1teis<\/strong>, um aspecto terap\u00eautico que contribui para o relaxamento e a conex\u00e3o com o entorno natural.<\/p>\n\n\n\n<p>Promove mindfulness, pois envolve aten\u00e7\u00e3o plena a cada passo e \u00e0s sensa\u00e7\u00f5es experimentadas, melhorando a sa\u00fade mental.<\/p>\n\n\n\n<p>Leia tamb\u00e9m: <a href=\"https:\/\/www.correiobraziliense.com.br\/cbradar\/o-que-acontece-no-seu-corpo-quando-voce-toma-muitas-bebidas-doces\" target=\"_blank\" rel=\"noreferrer noopener\">O que acontece no seu corpo quando voc\u00ea toma muitas bebidas doces?<\/a><\/p>\n\n\n\n<h2 class=\"wp-block-heading\">Dicas para maximizar os benef\u00edcios<\/h2>\n\n\n\n<p>Para aproveitar ao m\u00e1ximo esta atividade, \u00e9 importante caminhar durante hor\u00e1rios de temperatura moderada, evitando o sol intenso. Prefira a parte da manh\u00e3 ou o final da tarde.<\/p>\n\n\n\n<p>Realize alongamentos suaves antes e depois de caminhar na areia para otimizar os benef\u00edcios e minimizar o risco de les\u00f5es.<\/p>\n\n\n\n<p>Comece com caminhadas curtas, progressivamente aumentando o tempo e a dist\u00e2ncia conforme o corpo se adapta ao novo ambiente.<\/p>\n\n\n\n<h2 class=\"wp-block-heading\">Principais vis\u00f5es sobre caminhar descal\u00e7o na areia<\/h2>\n\n\n\n<ul class=\"wp-block-list\">\n<li>Caminhar na areia descal\u00e7o melhora a circula\u00e7\u00e3o e sa\u00fade cardiovascular.<\/li>\n\n\n\n<li>Fortalece m\u00fasculos estabilizadores, promovendo uma melhor postura.<\/li>\n\n\n\n<li>O contato direto com a natureza reduz o estresse e promove bem-estar.<\/li>\n<\/ul>\n","protected":false},"excerpt":{"rendered":"<p>Caminhar descal\u00e7o na areia pode ser mais do que apenas uma atividade relaxante na praia.\u00a0Este simples ato oferece benef\u00edcios surpreendentes para a\u00a0circula\u00e7\u00e3o\u00a0e a\u00a0postura corporal.\u00a0Neste artigo, exploramos como essa pr\u00e1tica impacta a sa\u00fade do corpo. Como caminhar na areia afeta a circula\u00e7\u00e3o? A textura irregular da&nbsp;areia&nbsp;move a planta dos p\u00e9s de forma natural, auxiliando na ativa\u00e7\u00e3o [&hellip;]<\/p>\n","protected":false},"author":11,"featured_media":94061,"comment_status":"open","ping_status":"open","sticky":false,"template":"","format":"standard","meta":{"_yoast_wpseo_focuskw":"areia","_yoast_wpseo_title":"","_yoast_wpseo_metadesc":"Caminhar descal\u00e7o na areia traz benef\u00edcios ao corpo, estimulando m\u00fasculos, melhorando equil\u00edbrio e promovendo relaxamento natural.","jnews-multi-image_gallery":[],"jnews_single_post":{"format":"standard"},"jnews_primary_category":[],"jnews_social_meta":[],"jnews_override_counter":[],"footnotes":""},"categories":[119],"post_tag":[1271,2724,1318],"class_list":["post-94058","post","type-post","status-publish","format-standard","has-post-thumbnail","hentry","category-bem-estar","tag-areia","tag-caminhada","tag-saude-2"],"yoast_head":"<!-- This site is optimized with the Yoast SEO plugin v24.6 - https:\/\/yoast.com\/wordpress\/plugins\/seo\/ -->\n<title>O que significa para o seu corpo quando voc\u00ea caminha descal\u00e7o na areia? - Correio Braziliense - Radar<\/title>\n<meta name=\"description\" content=\"Caminhar descal\u00e7o na areia traz benef\u00edcios ao corpo, estimulando m\u00fasculos, melhorando equil\u00edbrio e promovendo relaxamento natural.\" \/>\n<meta name=\"robots\" content=\"index, follow, max-snippet:-1, max-image-preview:large, max-video-preview:-1\" \/>\n<link rel=\"canonical\" href=\"https:\/\/www.correiobraziliense.com.br\/cbradar\/o-que-significa-para-o-seu-corpo-quando-voce-caminha-descalco-na-areia\/\" \/>\n<meta property=\"og:locale\" content=\"pt_BR\" \/>\n<meta property=\"og:type\" content=\"article\" \/>\n<meta property=\"og:title\" content=\"O que significa para o seu corpo quando voc\u00ea caminha descal\u00e7o na areia? - Correio Braziliense - Radar\" \/>\n<meta property=\"og:description\" content=\"Caminhar descal\u00e7o na areia traz benef\u00edcios ao corpo, estimulando m\u00fasculos, melhorando equil\u00edbrio e promovendo relaxamento natural.\" \/>\n<meta property=\"og:url\" content=\"https:\/\/www.correiobraziliense.com.br\/cbradar\/o-que-significa-para-o-seu-corpo-quando-voce-caminha-descalco-na-areia\/\" \/>\n<meta property=\"og:site_name\" content=\"Correio Braziliense - Radar\" \/>\n<meta property=\"article:published_time\" content=\"2025-08-31T21:23:00+00:00\" \/>\n<meta property=\"og:image\" content=\"https:\/\/www.correiobraziliense.com.br\/cbradar\/wp-content\/uploads\/2025\/08\/areia-caminhar_1756312126838.jpg\" \/>\n\t<meta property=\"og:image:width\" content=\"1280\" \/>\n\t<meta property=\"og:image:height\" content=\"720\" \/>\n\t<meta property=\"og:image:type\" content=\"image\/jpeg\" \/>\n<meta name=\"author\" content=\"Paulo Custodio\" \/>\n<meta name=\"twitter:card\" content=\"summary_large_image\" \/>\n<meta name=\"twitter:label1\" content=\"Escrito por\" \/>\n\t<meta name=\"twitter:data1\" content=\"Paulo Custodio\" \/>\n\t<meta name=\"twitter:label2\" content=\"Est. tempo de leitura\" \/>\n\t<meta name=\"twitter:data2\" content=\"3 minutos\" \/>\n<!-- \/ Yoast SEO plugin. -->","yoast_head_json":{"title":"O que significa para o seu corpo quando voc\u00ea caminha descal\u00e7o na areia? - Correio Braziliense - Radar","description":"Caminhar descal\u00e7o na areia traz benef\u00edcios ao corpo, estimulando m\u00fasculos, melhorando equil\u00edbrio e promovendo relaxamento natural.","robots":{"index":"index","follow":"follow","max-snippet":"max-snippet:-1","max-image-preview":"max-image-preview:large","max-video-preview":"max-video-preview:-1"},"canonical":"https:\/\/www.correiobraziliense.com.br\/cbradar\/o-que-significa-para-o-seu-corpo-quando-voce-caminha-descalco-na-areia\/","og_locale":"pt_BR","og_type":"article","og_title":"O que significa para o seu corpo quando voc\u00ea caminha descal\u00e7o na areia? - Correio Braziliense - Radar","og_description":"Caminhar descal\u00e7o na areia traz benef\u00edcios ao corpo, estimulando m\u00fasculos, melhorando equil\u00edbrio e promovendo relaxamento natural.","og_url":"https:\/\/www.correiobraziliense.com.br\/cbradar\/o-que-significa-para-o-seu-corpo-quando-voce-caminha-descalco-na-areia\/","og_site_name":"Correio Braziliense - Radar","article_published_time":"2025-08-31T21:23:00+00:00","og_image":[{"width":1280,"height":720,"url":"https:\/\/www.correiobraziliense.com.br\/cbradar\/wp-content\/uploads\/2025\/08\/areia-caminhar_1756312126838.jpg","type":"image\/jpeg"}],"author":"Paulo Custodio","twitter_card":"summary_large_image","twitter_misc":{"Escrito por":"Paulo Custodio","Est. tempo de leitura":"3 minutos"},"schema":{"@context":"https:\/\/schema.org","@graph":[{"@type":"WebPage","@id":"https:\/\/www.correiobraziliense.com.br\/cbradar\/o-que-significa-para-o-seu-corpo-quando-voce-caminha-descalco-na-areia\/","url":"https:\/\/www.correiobraziliense.com.br\/cbradar\/o-que-significa-para-o-seu-corpo-quando-voce-caminha-descalco-na-areia\/","name":"O que significa para o seu corpo quando voc\u00ea caminha descal\u00e7o na areia? - Correio Braziliense - Radar","isPartOf":{"@id":"https:\/\/www.correiobraziliense.com.br\/cbradar\/#website"},"primaryImageOfPage":{"@id":"https:\/\/www.correiobraziliense.com.br\/cbradar\/o-que-significa-para-o-seu-corpo-quando-voce-caminha-descalco-na-areia\/#primaryimage"},"image":{"@id":"https:\/\/www.correiobraziliense.com.br\/cbradar\/o-que-significa-para-o-seu-corpo-quando-voce-caminha-descalco-na-areia\/#primaryimage"},"thumbnailUrl":"https:\/\/www.correiobraziliense.com.br\/cbradar\/wp-content\/uploads\/2025\/08\/areia-caminhar_1756312126838.jpg","datePublished":"2025-08-31T21:23:00+00:00","author":{"@id":"https:\/\/www.correiobraziliense.com.br\/cbradar\/#\/schema\/person\/4cec7857301a9a1a2ef249893cd908d3"},"description":"Caminhar descal\u00e7o na areia traz benef\u00edcios ao corpo, estimulando m\u00fasculos, melhorando equil\u00edbrio e promovendo relaxamento natural.","breadcrumb":{"@id":"https:\/\/www.correiobraziliense.com.br\/cbradar\/o-que-significa-para-o-seu-corpo-quando-voce-caminha-descalco-na-areia\/#breadcrumb"},"inLanguage":"pt-BR","potentialAction":[{"@type":"ReadAction","target":["https:\/\/www.correiobraziliense.com.br\/cbradar\/o-que-significa-para-o-seu-corpo-quando-voce-caminha-descalco-na-areia\/"]}]},{"@type":"ImageObject","inLanguage":"pt-BR","@id":"https:\/\/www.correiobraziliense.com.br\/cbradar\/o-que-significa-para-o-seu-corpo-quando-voce-caminha-descalco-na-areia\/#primaryimage","url":"https:\/\/www.correiobraziliense.com.br\/cbradar\/wp-content\/uploads\/2025\/08\/areia-caminhar_1756312126838.jpg","contentUrl":"https:\/\/www.correiobraziliense.com.br\/cbradar\/wp-content\/uploads\/2025\/08\/areia-caminhar_1756312126838.jpg","width":1280,"height":720,"caption":"Caminhada na areia - Cr\u00e9ditos: depositphotos.com \/ eddiephotograph"},{"@type":"BreadcrumbList","@id":"https:\/\/www.correiobraziliense.com.br\/cbradar\/o-que-significa-para-o-seu-corpo-quando-voce-caminha-descalco-na-areia\/#breadcrumb","itemListElement":[{"@type":"ListItem","position":1,"name":"In\u00edcio","item":"https:\/\/www.correiobraziliense.com.br\/cbradar\/"},{"@type":"ListItem","position":2,"name":"O que significa para o seu corpo quando voc\u00ea caminha descal\u00e7o na areia?"}]},{"@type":"WebSite","@id":"https:\/\/www.correiobraziliense.com.br\/cbradar\/#website","url":"https:\/\/www.correiobraziliense.com.br\/cbradar\/","name":"Correio Braziliense - Radar","description":"Acompanhe as \u00faltimas not\u00edcias e fique bem informado sobre tudo o que acontece no Brasil e no mundo.","potentialAction":[{"@type":"SearchAction","target":{"@type":"EntryPoint","urlTemplate":"https:\/\/www.correiobraziliense.com.br\/cbradar\/?s={search_term_string}"},"query-input":{"@type":"PropertyValueSpecification","valueRequired":true,"valueName":"search_term_string"}}],"inLanguage":"pt-BR"},{"@type":"Person","@id":"https:\/\/www.correiobraziliense.com.br\/cbradar\/#\/schema\/person\/4cec7857301a9a1a2ef249893cd908d3","name":"Paulo Custodio","image":{"@type":"ImageObject","inLanguage":"pt-BR","@id":"https:\/\/www.correiobraziliense.com.br\/cbradar\/#\/schema\/person\/image\/","url":"https:\/\/secure.gravatar.com\/avatar\/bcd67168d1534e8fcf4f45c726a87cea?s=96&d=mm&r=g","contentUrl":"https:\/\/secure.gravatar.com\/avatar\/bcd67168d1534e8fcf4f45c726a87cea?s=96&d=mm&r=g","caption":"Paulo Custodio"},"sameAs":["https:\/\/www.correiobraziliense.com.br\/cbradar"],"url":"https:\/\/www.correiobraziliense.com.br\/cbradar\/author\/paulomyth\/"}]}},"_links":{"self":[{"href":"https:\/\/www.correiobraziliense.com.br\/cbradar\/wp-json\/wp\/v2\/posts\/94058","targetHints":{"allow":["GET"]}}],"collection":[{"href":"https:\/\/www.correiobraziliense.com.br\/cbradar\/wp-json\/wp\/v2\/posts"}],"about":[{"href":"https:\/\/www.correiobraziliense.com.br\/cbradar\/wp-json\/wp\/v2\/types\/post"}],"author":[{"embeddable":true,"href":"https:\/\/www.correiobraziliense.com.br\/cbradar\/wp-json\/wp\/v2\/users\/11"}],"replies":[{"embeddable":true,"href":"https:\/\/www.correiobraziliense.com.br\/cbradar\/wp-json\/wp\/v2\/comments?post=94058"}],"version-history":[{"count":1,"href":"https:\/\/www.correiobraziliense.com.br\/cbradar\/wp-json\/wp\/v2\/posts\/94058\/revisions"}],"predecessor-version":[{"id":94064,"href":"https:\/\/www.correiobraziliense.com.br\/cbradar\/wp-json\/wp\/v2\/posts\/94058\/revisions\/94064"}],"wp:featuredmedia":[{"embeddable":true,"href":"https:\/\/www.correiobraziliense.com.br\/cbradar\/wp-json\/wp\/v2\/media\/94061"}],"wp:attachment":[{"href":"https:\/\/www.correiobraziliense.com.br\/cbradar\/wp-json\/wp\/v2\/media?parent=94058"}],"wp:term":[{"taxonomy":"category","embeddable":true,"href":"https:\/\/www.correiobraziliense.com.br\/cbradar\/wp-json\/wp\/v2\/categories?post=94058"},{"taxonomy":"post_tag","embeddable":true,"href":"https:\/\/www.correiobraziliense.com.br\/cbradar\/wp-json\/wp\/v2\/post_tag?post=94058"}],"curies":[{"name":"wp","href":"https:\/\/api.w.org\/{rel}","templated":true}]}}