{"id":94098,"date":"2025-08-29T14:23:00","date_gmt":"2025-08-29T17:23:00","guid":{"rendered":"https:\/\/www.correiobraziliense.com.br\/cbradar\/?p=94098"},"modified":"2025-08-27T19:04:59","modified_gmt":"2025-08-27T22:04:59","slug":"mirtilo-no-jardim-pode-trazer-beneficios-surpreendentes","status":"publish","type":"post","link":"https:\/\/www.correiobraziliense.com.br\/cbradar\/mirtilo-no-jardim-pode-trazer-beneficios-surpreendentes\/","title":{"rendered":"Mirtilo no jardim pode trazer benef\u00edcios surpreendentes"},"content":{"rendered":"\n<p>O <strong>Mirtilo<\/strong>, uma fruta pequena e deliciosa, \u00e9 conhecido por sua mistura \u00fanica de sabor doce e propriedades nutricionais. Sua popularidade tem crescido n\u00e3o apenas na culin\u00e1ria, mas tamb\u00e9m no cultivo caseiro, valorizando hortas e jardins. O cultivo desta fruta encanta tanto jardineiros iniciantes quanto experientes, tornando-se uma escolha desejada nos lares. Por ser f\u00e1cil de cultivar e agregar valor \u00e0 alimenta\u00e7\u00e3o, o Mirtilo se tornou querido por muitos entusiastas de jardinagem.<\/p>\n\n\n\n<p>As caracter\u00edsticas est\u00e9ticas e funcionais do Mirtilo justificam seu sucesso nos jardins. Al\u00e9m de oferecer frutos fartos em antioxidantes, ele proporciona um visual atrativo aos espa\u00e7os dom\u00e9sticos. Isso incentiva um contato mais pr\u00f3ximo com a natureza e contribui para a seguran\u00e7a alimentar nas resid\u00eancias, conforme observa o especialista Celso Luiz Moretti da Embrapa.<\/p>\n\n\n\n<h2 class=\"wp-block-heading\">Como preparar o solo para Mirtilos?<\/h2>\n\n\n\n<p>O substrato ideal para o Mirtilo \u00e9 \u00e1cido, com pH entre 4,5 e 5,5, e deve ser bem drenado e rico em mat\u00e9ria org\u00e2nica. A prepara\u00e7\u00e3o do solo \u00e9 crucial para a <a href=\"https:\/\/www.gov.br\/saude\/pt-br\" target=\"_blank\" rel=\"noreferrer noopener\">sa\u00fade <\/a>e produtividade da planta. Incorporar elementos como turfa ou serragem pode enriquecer o substrato, enquanto o cuidado para evitar o ac\u00famulo de \u00e1gua nas ra\u00edzes \u00e9 essencial. Um ambiente bem preparado permite que o mirtilo cres\u00e7a vigoroso, produzindo frutos doces e abundantes.<\/p>\n\n\n\n<h2 class=\"wp-block-heading\">Como a irriga\u00e7\u00e3o influencia na produ\u00e7\u00e3o?<\/h2>\n\n\n\n<p>A rega adequada \u00e9 um fator determinante na frutifica\u00e7\u00e3o do Mirtilo. Manter um equil\u00edbrio entre umidade e drenagem \u00e9 crucial. Regar regularmente, sem excessos, ajuda a manter a sa\u00fade da planta. Coberturas mortas podem reduzir a evapora\u00e7\u00e3o e otimizar a reten\u00e7\u00e3o de umidade. Em vasos e canteiros, a irriga\u00e7\u00e3o por gotejamento \u00e9 preferida, promovendo colheitas de melhor qualidade e folhas mais saud\u00e1veis.<\/p>\n\n\n\n<h2 class=\"wp-block-heading\">Por que a poda \u00e9 Importante?<\/h2>\n\n\n\n<p>A t\u00e9cnica de poda anual no inverno, durante a <a href=\"https:\/\/www.correiobraziliense.com.br\/cbradar\/a-diferenca-crucial-entre-envelhecimento-normal-e-demencia\/\" target=\"_blank\" rel=\"noreferrer noopener\">dorm\u00eancia <\/a>da planta, \u00e9 essencial para renova\u00e7\u00e3o e produtividade intensa de mirtilos. A remo\u00e7\u00e3o de galhos velhos ou secos e a facilita\u00e7\u00e3o da entrada de luz nos pontos cr\u00edticos da planta estimulam o crescimento de ramos jovens. Segundo Christopher Brickell, tal pr\u00e1tica melhora a circula\u00e7\u00e3o de ar e a qualidade dos frutos, enquanto reduz a incid\u00eancia de pragas.<\/p>\n\n\n\n<h2 class=\"wp-block-heading\">Como maximizar os benef\u00edcios do cultivo de Mirtilos?<\/h2>\n\n\n\n<p>Com solo, irriga\u00e7\u00e3o e poda adequados, o Mirtilo pode ser cultivado de forma eficiente em diversos ambientes. Variedades adaptadas ao clima impulsionam o sucesso do cultivo, enquanto o uso de vasos profundos \u00e9 recomendado para espa\u00e7os pequenos. A colheita deve ocorrer quando os frutos estiverem firmes e azul-escuros, garantindo sabor e qualidade.<\/p>\n\n\n\n<ul class=\"wp-block-list\">\n<li>Escolha de variedades adequadas ao clima local<\/li>\n\n\n\n<li>Uso de vasos adequados para cultivo em \u00e1reas compactas<\/li>\n\n\n\n<li>A colheita deve observar o est\u00e1gio ideal de matura\u00e7\u00e3o<\/li>\n<\/ul>\n\n\n\n<p>Al\u00e9m de sua beleza ornamental, o Mirtilo se destaca por seus benef\u00edcios nutricionais, sendo uma adi\u00e7\u00e3o valiosa a qualquer jardim. Essa pr\u00e1tica de cultivo fornece n\u00e3o apenas frutas deliciosas, mas uma conex\u00e3o gratificante com a natureza, enriquecendo a dieta de forma pr\u00e1tica e eficiente.<\/p>\n\n\n<a href=\"https:\/\/www.instagram.com\/dra.annaluisabf\/\" target=\"_blank\" rel=\"noopener\" style=\"text-decoration: none; color: inherit;\">\n    <span style=\"display: inline-block; border: 1px solid #ccc; border-radius: 10px; padding: 15px; max-width: 550px; font-family: sans-serif; box-shadow: 0 2px 5px rgba(0,0,0,0.1); width: 100%;\">\n\n      <!-- T\u00edtulo -->\n      <span style=\"display: block; margin: 0 0 15px 0; font-weight: bold; color: #2c3e50; text-align: center;\">\n        Entre em contato:\n      <\/span>\n\n      <!-- Linha do perfil -->\n      <span style=\"display: flex; align-items: center; gap: 15px;\">\n        <img decoding=\"async\"\n          src=\"https:\/\/www.correiobraziliense.com.br\/cbradar\/wp-content\/uploads\/2025\/08\/dra_anna_luisa.jpeg\"\n          alt=\"Foto da Dra. Anna Lu\u00edsa\"\n          style=\"border-radius: 50%; width: 80px; height: 80px; object-fit: cover;\"\n        \/>\n        <span style=\"display: flex; flex-direction: column;\">\n          <span style=\"font-size: 18px; font-weight: 700; color: #2c3e50;\">Dra. Anna Lu\u00edsa Barbosa Fernandes<\/span>\n          <span style=\"color: #555;\">CRM-GO 33.271<\/span>\n        <\/span>\n      <\/span>\n\n      <!-- Redes -->\n      <span style=\"display: flex; align-items: center; gap: 10px; margin-top: 12px;\">\n        <img decoding=\"async\" src=\"https:\/\/cdn-icons-png.flaticon.com\/24\/1384\/1384063.png\" alt=\"Instagram\" width=\"24\" height=\"24\" \/>\n        <span style=\"text-decoration: underline; color: #2c3e50;\">@dra.annaluisabf<\/span>\n      <\/span>\n\n    <\/span>\n  <\/a>","protected":false},"excerpt":{"rendered":"<p>O Mirtilo, uma fruta pequena e deliciosa, \u00e9 conhecido por sua mistura \u00fanica de sabor doce e propriedades nutricionais. Sua popularidade tem crescido n\u00e3o apenas na culin\u00e1ria, mas tamb\u00e9m no cultivo caseiro, valorizando hortas e jardins. O cultivo desta fruta encanta tanto jardineiros iniciantes quanto experientes, tornando-se uma escolha desejada nos lares. Por ser f\u00e1cil [&hellip;]<\/p>\n","protected":false},"author":14,"featured_media":94099,"comment_status":"open","ping_status":"open","sticky":false,"template":"","format":"standard","meta":{"_yoast_wpseo_focuskw":"Mirtilo","_yoast_wpseo_title":"","_yoast_wpseo_metadesc":"O segredo para mirtilos doces e abundantes est\u00e1 no cuidado certo. Conhe\u00e7a t\u00e9cnicas simples para cultivar e colher no momento ideal.","jnews-multi-image_gallery":[],"jnews_single_post":{"format":"standard"},"jnews_primary_category":[],"jnews_social_meta":[],"jnews_override_counter":[],"footnotes":""},"categories":[4404],"post_tag":[281,120,1318],"class_list":["post-94098","post","type-post","status-publish","format-standard","has-post-thumbnail","hentry","category-saude","tag-alimentacao","tag-bem-estar","tag-saude-2"],"yoast_head":"<!-- This site is optimized with the Yoast SEO plugin v24.6 - https:\/\/yoast.com\/wordpress\/plugins\/seo\/ -->\n<title>Mirtilo no jardim pode trazer benef\u00edcios surpreendentes - Correio Braziliense - Radar<\/title>\n<meta name=\"description\" content=\"O segredo para mirtilos doces e abundantes est\u00e1 no cuidado certo. Conhe\u00e7a t\u00e9cnicas simples para cultivar e colher no momento ideal.\" \/>\n<meta name=\"robots\" content=\"index, follow, max-snippet:-1, max-image-preview:large, max-video-preview:-1\" \/>\n<link rel=\"canonical\" href=\"https:\/\/www.correiobraziliense.com.br\/cbradar\/mirtilo-no-jardim-pode-trazer-beneficios-surpreendentes\/\" \/>\n<meta property=\"og:locale\" content=\"pt_BR\" \/>\n<meta property=\"og:type\" content=\"article\" \/>\n<meta property=\"og:title\" content=\"Mirtilo no jardim pode trazer benef\u00edcios surpreendentes - Correio Braziliense - Radar\" \/>\n<meta property=\"og:description\" content=\"O segredo para mirtilos doces e abundantes est\u00e1 no cuidado certo. Conhe\u00e7a t\u00e9cnicas simples para cultivar e colher no momento ideal.\" \/>\n<meta property=\"og:url\" content=\"https:\/\/www.correiobraziliense.com.br\/cbradar\/mirtilo-no-jardim-pode-trazer-beneficios-surpreendentes\/\" \/>\n<meta property=\"og:site_name\" content=\"Correio Braziliense - Radar\" \/>\n<meta property=\"article:published_time\" content=\"2025-08-29T17:23:00+00:00\" \/>\n<meta property=\"og:image\" content=\"https:\/\/www.correiobraziliense.com.br\/cbradar\/wp-content\/uploads\/2025\/08\/mirtilo_1756321439790.jpg\" \/>\n\t<meta property=\"og:image:width\" content=\"1280\" \/>\n\t<meta property=\"og:image:height\" content=\"720\" \/>\n\t<meta property=\"og:image:type\" content=\"image\/jpeg\" \/>\n<meta name=\"author\" content=\"guilherme_saude\" \/>\n<meta name=\"twitter:card\" content=\"summary_large_image\" \/>\n<meta name=\"twitter:label1\" content=\"Escrito por\" \/>\n\t<meta name=\"twitter:data1\" content=\"guilherme_saude\" \/>\n\t<meta name=\"twitter:label2\" content=\"Est. tempo de leitura\" \/>\n\t<meta name=\"twitter:data2\" content=\"4 minutos\" \/>\n<!-- \/ Yoast SEO plugin. -->","yoast_head_json":{"title":"Mirtilo no jardim pode trazer benef\u00edcios surpreendentes - Correio Braziliense - Radar","description":"O segredo para mirtilos doces e abundantes est\u00e1 no cuidado certo. Conhe\u00e7a t\u00e9cnicas simples para cultivar e colher no momento ideal.","robots":{"index":"index","follow":"follow","max-snippet":"max-snippet:-1","max-image-preview":"max-image-preview:large","max-video-preview":"max-video-preview:-1"},"canonical":"https:\/\/www.correiobraziliense.com.br\/cbradar\/mirtilo-no-jardim-pode-trazer-beneficios-surpreendentes\/","og_locale":"pt_BR","og_type":"article","og_title":"Mirtilo no jardim pode trazer benef\u00edcios surpreendentes - Correio Braziliense - Radar","og_description":"O segredo para mirtilos doces e abundantes est\u00e1 no cuidado certo. Conhe\u00e7a t\u00e9cnicas simples para cultivar e colher no momento ideal.","og_url":"https:\/\/www.correiobraziliense.com.br\/cbradar\/mirtilo-no-jardim-pode-trazer-beneficios-surpreendentes\/","og_site_name":"Correio Braziliense - Radar","article_published_time":"2025-08-29T17:23:00+00:00","og_image":[{"width":1280,"height":720,"url":"https:\/\/www.correiobraziliense.com.br\/cbradar\/wp-content\/uploads\/2025\/08\/mirtilo_1756321439790.jpg","type":"image\/jpeg"}],"author":"guilherme_saude","twitter_card":"summary_large_image","twitter_misc":{"Escrito por":"guilherme_saude","Est. tempo de leitura":"4 minutos"},"schema":{"@context":"https:\/\/schema.org","@graph":[{"@type":"WebPage","@id":"https:\/\/www.correiobraziliense.com.br\/cbradar\/mirtilo-no-jardim-pode-trazer-beneficios-surpreendentes\/","url":"https:\/\/www.correiobraziliense.com.br\/cbradar\/mirtilo-no-jardim-pode-trazer-beneficios-surpreendentes\/","name":"Mirtilo no jardim pode trazer benef\u00edcios surpreendentes - Correio Braziliense - Radar","isPartOf":{"@id":"https:\/\/www.correiobraziliense.com.br\/cbradar\/#website"},"primaryImageOfPage":{"@id":"https:\/\/www.correiobraziliense.com.br\/cbradar\/mirtilo-no-jardim-pode-trazer-beneficios-surpreendentes\/#primaryimage"},"image":{"@id":"https:\/\/www.correiobraziliense.com.br\/cbradar\/mirtilo-no-jardim-pode-trazer-beneficios-surpreendentes\/#primaryimage"},"thumbnailUrl":"https:\/\/www.correiobraziliense.com.br\/cbradar\/wp-content\/uploads\/2025\/08\/mirtilo_1756321439790.jpg","datePublished":"2025-08-29T17:23:00+00:00","author":{"@id":"https:\/\/www.correiobraziliense.com.br\/cbradar\/#\/schema\/person\/5aa4bf3c8fa699c267933611de12978b"},"description":"O segredo para mirtilos doces e abundantes est\u00e1 no cuidado certo. Conhe\u00e7a t\u00e9cnicas simples para cultivar e colher no momento ideal.","breadcrumb":{"@id":"https:\/\/www.correiobraziliense.com.br\/cbradar\/mirtilo-no-jardim-pode-trazer-beneficios-surpreendentes\/#breadcrumb"},"inLanguage":"pt-BR","potentialAction":[{"@type":"ReadAction","target":["https:\/\/www.correiobraziliense.com.br\/cbradar\/mirtilo-no-jardim-pode-trazer-beneficios-surpreendentes\/"]}]},{"@type":"ImageObject","inLanguage":"pt-BR","@id":"https:\/\/www.correiobraziliense.com.br\/cbradar\/mirtilo-no-jardim-pode-trazer-beneficios-surpreendentes\/#primaryimage","url":"https:\/\/www.correiobraziliense.com.br\/cbradar\/wp-content\/uploads\/2025\/08\/mirtilo_1756321439790.jpg","contentUrl":"https:\/\/www.correiobraziliense.com.br\/cbradar\/wp-content\/uploads\/2025\/08\/mirtilo_1756321439790.jpg","width":1280,"height":720,"caption":"Mirtilo - Cr\u00e9ditos: depositphotos.com \/ Weasel"},{"@type":"BreadcrumbList","@id":"https:\/\/www.correiobraziliense.com.br\/cbradar\/mirtilo-no-jardim-pode-trazer-beneficios-surpreendentes\/#breadcrumb","itemListElement":[{"@type":"ListItem","position":1,"name":"In\u00edcio","item":"https:\/\/www.correiobraziliense.com.br\/cbradar\/"},{"@type":"ListItem","position":2,"name":"Mirtilo no jardim pode trazer benef\u00edcios surpreendentes"}]},{"@type":"WebSite","@id":"https:\/\/www.correiobraziliense.com.br\/cbradar\/#website","url":"https:\/\/www.correiobraziliense.com.br\/cbradar\/","name":"Correio Braziliense - Radar","description":"Acompanhe as \u00faltimas not\u00edcias e fique bem informado sobre tudo o que acontece no Brasil e no mundo.","potentialAction":[{"@type":"SearchAction","target":{"@type":"EntryPoint","urlTemplate":"https:\/\/www.correiobraziliense.com.br\/cbradar\/?s={search_term_string}"},"query-input":{"@type":"PropertyValueSpecification","valueRequired":true,"valueName":"search_term_string"}}],"inLanguage":"pt-BR"},{"@type":"Person","@id":"https:\/\/www.correiobraziliense.com.br\/cbradar\/#\/schema\/person\/5aa4bf3c8fa699c267933611de12978b","name":"guilherme_saude","image":{"@type":"ImageObject","inLanguage":"pt-BR","@id":"https:\/\/www.correiobraziliense.com.br\/cbradar\/#\/schema\/person\/image\/","url":"https:\/\/secure.gravatar.com\/avatar\/df9adfb835d344bc0af109d41756253f?s=96&d=mm&r=g","contentUrl":"https:\/\/secure.gravatar.com\/avatar\/df9adfb835d344bc0af109d41756253f?s=96&d=mm&r=g","caption":"guilherme_saude"},"url":"https:\/\/www.correiobraziliense.com.br\/cbradar\/author\/guilherme_saude\/"}]}},"_links":{"self":[{"href":"https:\/\/www.correiobraziliense.com.br\/cbradar\/wp-json\/wp\/v2\/posts\/94098","targetHints":{"allow":["GET"]}}],"collection":[{"href":"https:\/\/www.correiobraziliense.com.br\/cbradar\/wp-json\/wp\/v2\/posts"}],"about":[{"href":"https:\/\/www.correiobraziliense.com.br\/cbradar\/wp-json\/wp\/v2\/types\/post"}],"author":[{"embeddable":true,"href":"https:\/\/www.correiobraziliense.com.br\/cbradar\/wp-json\/wp\/v2\/users\/14"}],"replies":[{"embeddable":true,"href":"https:\/\/www.correiobraziliense.com.br\/cbradar\/wp-json\/wp\/v2\/comments?post=94098"}],"version-history":[{"count":1,"href":"https:\/\/www.correiobraziliense.com.br\/cbradar\/wp-json\/wp\/v2\/posts\/94098\/revisions"}],"predecessor-version":[{"id":94148,"href":"https:\/\/www.correiobraziliense.com.br\/cbradar\/wp-json\/wp\/v2\/posts\/94098\/revisions\/94148"}],"wp:featuredmedia":[{"embeddable":true,"href":"https:\/\/www.correiobraziliense.com.br\/cbradar\/wp-json\/wp\/v2\/media\/94099"}],"wp:attachment":[{"href":"https:\/\/www.correiobraziliense.com.br\/cbradar\/wp-json\/wp\/v2\/media?parent=94098"}],"wp:term":[{"taxonomy":"category","embeddable":true,"href":"https:\/\/www.correiobraziliense.com.br\/cbradar\/wp-json\/wp\/v2\/categories?post=94098"},{"taxonomy":"post_tag","embeddable":true,"href":"https:\/\/www.correiobraziliense.com.br\/cbradar\/wp-json\/wp\/v2\/post_tag?post=94098"}],"curies":[{"name":"wp","href":"https:\/\/api.w.org\/{rel}","templated":true}]}}