{"id":94187,"date":"2025-08-28T10:03:00","date_gmt":"2025-08-28T13:03:00","guid":{"rendered":"https:\/\/www.correiobraziliense.com.br\/cbradar\/?p=94187"},"modified":"2025-08-27T21:22:46","modified_gmt":"2025-08-28T00:22:46","slug":"este-e-o-truque-para-fazer-sua-maquina-de-lavar-durar-8-anos","status":"publish","type":"post","link":"https:\/\/www.correiobraziliense.com.br\/cbradar\/este-e-o-truque-para-fazer-sua-maquina-de-lavar-durar-8-anos\/","title":{"rendered":"Este \u00e9 o truque para fazer sua m\u00e1quina de lavar durar 8 anos"},"content":{"rendered":"\n<p>Neste artigo, voc\u00ea vai descobrir os <strong>segredos<\/strong> de um t\u00e9cnico argentino para aumentar a vida \u00fatil da sua m\u00e1quina de lavar por at\u00e9 8 anos. Com dicas pr\u00e1ticas e simples, voc\u00ea pode evitar quebras e economizar dinheiro em <strong>consertos<\/strong>.<\/p>\n\n\n\n<ul class=\"wp-block-list\">\n<li>N\u00e3o sobrecarregue o tambor: mantenha sempre com metade da capacidade.<\/li>\n\n\n\n<li>Use \u00e1gua morna nas lavagens.<\/li>\n\n\n\n<li>Lave por 15 minutos usando a quantidade correta de sab\u00e3o.<\/li>\n<\/ul>\n\n\n\n<h2 class=\"wp-block-heading\">Por que \u00e9 importante n\u00e3o encher demais a m\u00e1quina?<\/h2>\n\n\n\n<p>De acordo com o especialista, a <strong>quantidade de roupa<\/strong> \u00e9 fundamental para o funcionamento correto do eletrodom\u00e9stico. Encha apenas <strong>metade<\/strong> do tambor com roupa solta e certifique-se de que a outra metade do tambor fique vis\u00edvel. Esse passo simples faz toda a diferen\u00e7a na durabilidade da sua m\u00e1quina.<\/p>\n\n\n\n<h2 class=\"wp-block-heading\">Qual \u00e9 a temperatura ideal da \u00e1gua?<\/h2>\n\n\n\n<p>O uso de <strong>\u00e1gua morna<\/strong> \u00e9 fundamental para uma lavagem eficaz. Essa temperatura permite que o sab\u00e3o atue corretamente e protege o mecanismo interno da m\u00e1quina.<\/p>\n\n\n\n<h2 class=\"wp-block-heading\">Tempo e sab\u00e3o: chaves para uma limpeza eficiente<\/h2>\n\n\n\n<p>O t\u00e9cnico recomenda ciclos de <strong>lavagem de 15 minutos<\/strong> usando apenas uma tampinha de sab\u00e3o. Isso garante que as roupas fiquem limpas, com perfume suave, e ainda protege o tambor do excesso de produto qu\u00edmico.<\/p>\n\n\n\n<p>Em 15 minutos, suas roupas estar\u00e3o limpas, segundo o especialista.<\/p>\n\n\n\n<figure class=\"wp-block-image size-large\"><img decoding=\"async\" width=\"1024\" height=\"576\" src=\"https:\/\/www.correiobraziliense.com.br\/cbradar\/wp-content\/uploads\/2025\/08\/maquinas-de-lavar_1756340541653-1024x576.jpg\" alt=\"Este \u00e9 o truque para fazer sua m\u00e1quina de lavar durar 8 anos\" class=\"wp-image-94190\" srcset=\"https:\/\/www.correiobraziliense.com.br\/cbradar\/wp-content\/uploads\/2025\/08\/maquinas-de-lavar_1756340541653-1024x576.jpg 1024w, https:\/\/www.correiobraziliense.com.br\/cbradar\/wp-content\/uploads\/2025\/08\/maquinas-de-lavar_1756340541653-300x169.jpg 300w, https:\/\/www.correiobraziliense.com.br\/cbradar\/wp-content\/uploads\/2025\/08\/maquinas-de-lavar_1756340541653-768x432.jpg 768w, https:\/\/www.correiobraziliense.com.br\/cbradar\/wp-content\/uploads\/2025\/08\/maquinas-de-lavar_1756340541653-750x422.jpg 750w, https:\/\/www.correiobraziliense.com.br\/cbradar\/wp-content\/uploads\/2025\/08\/maquinas-de-lavar_1756340541653-1140x641.jpg 1140w, https:\/\/www.correiobraziliense.com.br\/cbradar\/wp-content\/uploads\/2025\/08\/maquinas-de-lavar_1756340541653.jpg 1280w\" sizes=\"(max-width: 1024px) 100vw, 1024px\" \/><figcaption class=\"wp-element-caption\">m\u00e1quinas de lavar. Cr\u00e9ditos: depositphotos.com \/ EdZbarzhyvetsky<\/figcaption><\/figure>\n\n\n\n<h2 class=\"wp-block-heading\">Outras dicas importantes para prolongar a vida da sua m\u00e1quina de lavar<\/h2>\n\n\n\n<p>Al\u00e9m da dica famosa sobre a carga do tambor, outros h\u00e1bitos ajudam a cuidar do seu eletrodom\u00e9stico:<\/p>\n\n\n\n<ul class=\"wp-block-list\">\n<li>Limpe o filtro a cada dois ou tr\u00eas meses.<\/li>\n\n\n\n<li>Evite <strong>excesso de sab\u00e3o<\/strong>.<\/li>\n\n\n\n<li>N\u00e3o deixe roupa molhada dentro do tambor.<\/li>\n<\/ul>\n\n\n\n<p>Esses h\u00e1bitos simples ajudam a evitar dores de cabe\u00e7a (e no bolso) devido a consertos inesperados.<\/p>\n\n\n\n<h2 class=\"wp-block-heading\">Maximize a vida \u00fatil da sua m\u00e1quina de lavar agora mesmo<\/h2>\n\n\n\n<ul class=\"wp-block-list\">\n<li>Mantenha o tambor da m\u00e1quina sempre meio cheio.<\/li>\n\n\n\n<li>Escolha ciclos de 15 minutos.<\/li>\n\n\n\n<li>Fa\u00e7a manuten\u00e7\u00e3o regularmente, limpando o filtro e evitando excesso de sab\u00e3o.<\/li>\n<\/ul>\n\n\n\n<p><strong>Adotando essas dicas<\/strong>, voc\u00ea vai conseguir prolongar a vida \u00fatil da sua m\u00e1quina de lavar e ainda economizar com poss\u00edveis consertos futuros. D\u00ea ao seu eletrodom\u00e9stico o cuidado que ele merece.<\/p>\n\n\n\n<p>Leia tamb\u00e9m: <a href=\"https:\/\/www.correiobraziliense.com.br\/cbradar\/usar-vinagre-na-maquina-de-lavar-realmente-substitui-o-amaciante\/\" target=\"_blank\" rel=\"noreferrer noopener\">Usar vinagre na m\u00e1quina de lavar realmente substitui o amaciante?<\/a><\/p>\n","protected":false},"excerpt":{"rendered":"<p>Aprenda t\u00e9cnicas profissionais para duplicar a vida \u00fatil da sua m\u00e1quina de lavar. Siga esses simples conselhos e evite gastos desnecess\u00e1rios com reparos!<\/p>\n","protected":false},"author":3,"featured_media":94189,"comment_status":"open","ping_status":"open","sticky":false,"template":"","format":"standard","meta":{"jnews-multi-image_gallery":[],"jnews_single_post":{"format":"standard"},"jnews_primary_category":[],"jnews_social_meta":[],"jnews_override_counter":[],"footnotes":""},"categories":[112],"post_tag":[144,4082],"class_list":["post-94187","post","type-post","status-publish","format-standard","has-post-thumbnail","hentry","category-curiosidades","tag-curiosidades","tag-maquina-de-lavar"],"yoast_head":"<!-- This site is optimized with the Yoast SEO plugin v24.6 - https:\/\/yoast.com\/wordpress\/plugins\/seo\/ -->\n<title>Este \u00e9 o truque para fazer sua m\u00e1quina de lavar durar 8 anos<\/title>\n<meta name=\"description\" content=\"Aprenda t\u00e9cnicas profissionais para duplicar a vida \u00fatil da sua m\u00e1quina de lavar. Siga esses simples conselhos e evite gastos desnecess\u00e1rios com reparos!\" \/>\n<meta name=\"robots\" content=\"index, follow, max-snippet:-1, max-image-preview:large, max-video-preview:-1\" \/>\n<link rel=\"canonical\" href=\"https:\/\/www.correiobraziliense.com.br\/cbradar\/este-e-o-truque-para-fazer-sua-maquina-de-lavar-durar-8-anos\/\" \/>\n<meta property=\"og:locale\" content=\"pt_BR\" \/>\n<meta property=\"og:type\" content=\"article\" \/>\n<meta property=\"og:title\" content=\"Este \u00e9 o truque para fazer sua m\u00e1quina de lavar durar 8 anos\" \/>\n<meta property=\"og:description\" content=\"Aprenda t\u00e9cnicas profissionais para duplicar a vida \u00fatil da sua m\u00e1quina de lavar. Siga esses simples conselhos e evite gastos desnecess\u00e1rios com reparos!\" \/>\n<meta property=\"og:url\" content=\"https:\/\/www.correiobraziliense.com.br\/cbradar\/este-e-o-truque-para-fazer-sua-maquina-de-lavar-durar-8-anos\/\" \/>\n<meta property=\"og:site_name\" content=\"Correio Braziliense - Radar\" \/>\n<meta property=\"article:published_time\" content=\"2025-08-28T13:03:00+00:00\" \/>\n<meta property=\"og:image\" content=\"https:\/\/www.correiobraziliense.com.br\/cbradar\/wp-content\/uploads\/2025\/08\/maquinas-de-lavar_1756340479574.jpg\" \/>\n\t<meta property=\"og:image:width\" content=\"1280\" \/>\n\t<meta property=\"og:image:height\" content=\"720\" \/>\n\t<meta property=\"og:image:type\" content=\"image\/jpeg\" \/>\n<meta name=\"author\" content=\"Larissa Carvalho\" \/>\n<meta name=\"twitter:card\" content=\"summary_large_image\" \/>\n<meta name=\"twitter:label1\" content=\"Escrito por\" \/>\n\t<meta name=\"twitter:data1\" content=\"Larissa Carvalho\" \/>\n\t<meta name=\"twitter:label2\" content=\"Est. tempo de leitura\" \/>\n\t<meta name=\"twitter:data2\" content=\"3 minutos\" \/>\n<!-- \/ Yoast SEO plugin. -->","yoast_head_json":{"title":"Este \u00e9 o truque para fazer sua m\u00e1quina de lavar durar 8 anos","description":"Aprenda t\u00e9cnicas profissionais para duplicar a vida \u00fatil da sua m\u00e1quina de lavar. Siga esses simples conselhos e evite gastos desnecess\u00e1rios com reparos!","robots":{"index":"index","follow":"follow","max-snippet":"max-snippet:-1","max-image-preview":"max-image-preview:large","max-video-preview":"max-video-preview:-1"},"canonical":"https:\/\/www.correiobraziliense.com.br\/cbradar\/este-e-o-truque-para-fazer-sua-maquina-de-lavar-durar-8-anos\/","og_locale":"pt_BR","og_type":"article","og_title":"Este \u00e9 o truque para fazer sua m\u00e1quina de lavar durar 8 anos","og_description":"Aprenda t\u00e9cnicas profissionais para duplicar a vida \u00fatil da sua m\u00e1quina de lavar. Siga esses simples conselhos e evite gastos desnecess\u00e1rios com reparos!","og_url":"https:\/\/www.correiobraziliense.com.br\/cbradar\/este-e-o-truque-para-fazer-sua-maquina-de-lavar-durar-8-anos\/","og_site_name":"Correio Braziliense - Radar","article_published_time":"2025-08-28T13:03:00+00:00","og_image":[{"width":1280,"height":720,"url":"https:\/\/www.correiobraziliense.com.br\/cbradar\/wp-content\/uploads\/2025\/08\/maquinas-de-lavar_1756340479574.jpg","type":"image\/jpeg"}],"author":"Larissa Carvalho","twitter_card":"summary_large_image","twitter_misc":{"Escrito por":"Larissa Carvalho","Est. tempo de leitura":"3 minutos"},"schema":{"@context":"https:\/\/schema.org","@graph":[{"@type":"WebPage","@id":"https:\/\/www.correiobraziliense.com.br\/cbradar\/este-e-o-truque-para-fazer-sua-maquina-de-lavar-durar-8-anos\/","url":"https:\/\/www.correiobraziliense.com.br\/cbradar\/este-e-o-truque-para-fazer-sua-maquina-de-lavar-durar-8-anos\/","name":"Este \u00e9 o truque para fazer sua m\u00e1quina de lavar durar 8 anos","isPartOf":{"@id":"https:\/\/www.correiobraziliense.com.br\/cbradar\/#website"},"primaryImageOfPage":{"@id":"https:\/\/www.correiobraziliense.com.br\/cbradar\/este-e-o-truque-para-fazer-sua-maquina-de-lavar-durar-8-anos\/#primaryimage"},"image":{"@id":"https:\/\/www.correiobraziliense.com.br\/cbradar\/este-e-o-truque-para-fazer-sua-maquina-de-lavar-durar-8-anos\/#primaryimage"},"thumbnailUrl":"https:\/\/www.correiobraziliense.com.br\/cbradar\/wp-content\/uploads\/2025\/08\/maquinas-de-lavar_1756340479574.jpg","datePublished":"2025-08-28T13:03:00+00:00","author":{"@id":"https:\/\/www.correiobraziliense.com.br\/cbradar\/#\/schema\/person\/58422787644df994b53a19d3e56c1513"},"description":"Aprenda t\u00e9cnicas profissionais para duplicar a vida \u00fatil da sua m\u00e1quina de lavar. Siga esses simples conselhos e evite gastos desnecess\u00e1rios com reparos!","breadcrumb":{"@id":"https:\/\/www.correiobraziliense.com.br\/cbradar\/este-e-o-truque-para-fazer-sua-maquina-de-lavar-durar-8-anos\/#breadcrumb"},"inLanguage":"pt-BR","potentialAction":[{"@type":"ReadAction","target":["https:\/\/www.correiobraziliense.com.br\/cbradar\/este-e-o-truque-para-fazer-sua-maquina-de-lavar-durar-8-anos\/"]}]},{"@type":"ImageObject","inLanguage":"pt-BR","@id":"https:\/\/www.correiobraziliense.com.br\/cbradar\/este-e-o-truque-para-fazer-sua-maquina-de-lavar-durar-8-anos\/#primaryimage","url":"https:\/\/www.correiobraziliense.com.br\/cbradar\/wp-content\/uploads\/2025\/08\/maquinas-de-lavar_1756340479574.jpg","contentUrl":"https:\/\/www.correiobraziliense.com.br\/cbradar\/wp-content\/uploads\/2025\/08\/maquinas-de-lavar_1756340479574.jpg","width":1280,"height":720,"caption":"m\u00e1quinas de lavar. Cr\u00e9ditos: depositphotos.com \/ EdZbarzhyvetsky"},{"@type":"BreadcrumbList","@id":"https:\/\/www.correiobraziliense.com.br\/cbradar\/este-e-o-truque-para-fazer-sua-maquina-de-lavar-durar-8-anos\/#breadcrumb","itemListElement":[{"@type":"ListItem","position":1,"name":"In\u00edcio","item":"https:\/\/www.correiobraziliense.com.br\/cbradar\/"},{"@type":"ListItem","position":2,"name":"Este \u00e9 o truque para fazer sua m\u00e1quina de lavar durar 8 anos"}]},{"@type":"WebSite","@id":"https:\/\/www.correiobraziliense.com.br\/cbradar\/#website","url":"https:\/\/www.correiobraziliense.com.br\/cbradar\/","name":"Correio Braziliense - Radar","description":"Acompanhe as \u00faltimas not\u00edcias e fique bem informado sobre tudo o que acontece no Brasil e no mundo.","potentialAction":[{"@type":"SearchAction","target":{"@type":"EntryPoint","urlTemplate":"https:\/\/www.correiobraziliense.com.br\/cbradar\/?s={search_term_string}"},"query-input":{"@type":"PropertyValueSpecification","valueRequired":true,"valueName":"search_term_string"}}],"inLanguage":"pt-BR"},{"@type":"Person","@id":"https:\/\/www.correiobraziliense.com.br\/cbradar\/#\/schema\/person\/58422787644df994b53a19d3e56c1513","name":"Larissa Carvalho","image":{"@type":"ImageObject","inLanguage":"pt-BR","@id":"https:\/\/www.correiobraziliense.com.br\/cbradar\/#\/schema\/person\/image\/","url":"https:\/\/secure.gravatar.com\/avatar\/fe4f91a0de32b52a838d0d612abdc1aa?s=96&d=mm&r=g","contentUrl":"https:\/\/secure.gravatar.com\/avatar\/fe4f91a0de32b52a838d0d612abdc1aa?s=96&d=mm&r=g","caption":"Larissa Carvalho"},"url":"https:\/\/www.correiobraziliense.com.br\/cbradar\/author\/larissamyth\/"}]}},"_links":{"self":[{"href":"https:\/\/www.correiobraziliense.com.br\/cbradar\/wp-json\/wp\/v2\/posts\/94187","targetHints":{"allow":["GET"]}}],"collection":[{"href":"https:\/\/www.correiobraziliense.com.br\/cbradar\/wp-json\/wp\/v2\/posts"}],"about":[{"href":"https:\/\/www.correiobraziliense.com.br\/cbradar\/wp-json\/wp\/v2\/types\/post"}],"author":[{"embeddable":true,"href":"https:\/\/www.correiobraziliense.com.br\/cbradar\/wp-json\/wp\/v2\/users\/3"}],"replies":[{"embeddable":true,"href":"https:\/\/www.correiobraziliense.com.br\/cbradar\/wp-json\/wp\/v2\/comments?post=94187"}],"version-history":[{"count":2,"href":"https:\/\/www.correiobraziliense.com.br\/cbradar\/wp-json\/wp\/v2\/posts\/94187\/revisions"}],"predecessor-version":[{"id":94191,"href":"https:\/\/www.correiobraziliense.com.br\/cbradar\/wp-json\/wp\/v2\/posts\/94187\/revisions\/94191"}],"wp:featuredmedia":[{"embeddable":true,"href":"https:\/\/www.correiobraziliense.com.br\/cbradar\/wp-json\/wp\/v2\/media\/94189"}],"wp:attachment":[{"href":"https:\/\/www.correiobraziliense.com.br\/cbradar\/wp-json\/wp\/v2\/media?parent=94187"}],"wp:term":[{"taxonomy":"category","embeddable":true,"href":"https:\/\/www.correiobraziliense.com.br\/cbradar\/wp-json\/wp\/v2\/categories?post=94187"},{"taxonomy":"post_tag","embeddable":true,"href":"https:\/\/www.correiobraziliense.com.br\/cbradar\/wp-json\/wp\/v2\/post_tag?post=94187"}],"curies":[{"name":"wp","href":"https:\/\/api.w.org\/{rel}","templated":true}]}}