{"id":94206,"date":"2025-08-28T12:23:00","date_gmt":"2025-08-28T15:23:00","guid":{"rendered":"https:\/\/www.correiobraziliense.com.br\/cbradar\/?p=94206"},"modified":"2025-08-27T21:45:31","modified_gmt":"2025-08-28T00:45:31","slug":"suco-de-cebola-qual-e-o-poder-secreto-que-ele-tem-e-como-deve-ser-aplicado","status":"publish","type":"post","link":"https:\/\/www.correiobraziliense.com.br\/cbradar\/suco-de-cebola-qual-e-o-poder-secreto-que-ele-tem-e-como-deve-ser-aplicado\/","title":{"rendered":"Suco de cebola: qual \u00e9 o poder secreto que ele tem e como deve ser aplicado"},"content":{"rendered":"\n<p>O <strong>jugo de cebola<\/strong> tem propriedades surpreendentes para combater a <strong>queda de cabelo<\/strong>, um problema que afeta homens e mulheres de todas as idades. Estudos confirmam sua efic\u00e1cia. Veja como o jugo de cebola pode ser um aliado poderoso na preserva\u00e7\u00e3o dos fios.<\/p>\n\n\n\n<ul class=\"wp-block-list\">\n<li>Rico em propriedades regenerativas que fortalecem o cabelo.<\/li>\n\n\n\n<li>Estimula a circula\u00e7\u00e3o sangu\u00ednea no couro cabeludo.<\/li>\n\n\n\n<li>Combate microorganismos e protege contra radicais livres.<\/li>\n<\/ul>\n\n\n\n<h2 class=\"wp-block-heading\">Por que o cabelo cai?<\/h2>\n\n\n\n<p>A <strong>calv\u00edcie<\/strong> pode afetar pessoas em qualquer idade e os motivos variam. Fatores como <strong>predisposi\u00e7\u00e3o gen\u00e9tica<\/strong>, <strong>mudan\u00e7as hormonais<\/strong> e <strong>estresse<\/strong> s\u00e3o alguns dos culpados. Al\u00e9m disso, a <strong>m\u00e1 alimenta\u00e7\u00e3o<\/strong> e algumas <strong>doen\u00e7as<\/strong> tamb\u00e9m contribuem para a <strong>alopecia<\/strong>. Vale lembrar que fatores ambientais, como polui\u00e7\u00e3o e exposi\u00e7\u00e3o a produtos qu\u00edmicos agressivos, tamb\u00e9m podem desempenhar um papel importante no enfraquecimento do couro cabeludo.<\/p>\n\n\n\n<h2 class=\"wp-block-heading\">Benef\u00edcios do jugo de cebola no combatente da calv\u00edcie<\/h2>\n\n\n\n<p>O <strong>jugo de cebola<\/strong> conta com uma alta concentra\u00e7\u00e3o de <strong>enxofre<\/strong>, essencial para a <strong>regenera\u00e7\u00e3o capilar<\/strong>. Al\u00e9m disso, ele atua como agente <strong>antibacteriano<\/strong> e <strong>antiss\u00e9ptico<\/strong>, limpando e revitalizando o couro cabeludo. H\u00e1 relatos de que o uso consistente do jugo de cebola melhora a apar\u00eancia geral dos fios, tornando-os mais brilhantes e resistentes \u00e0 quebra.<\/p>\n\n\n\n<h2 class=\"wp-block-heading\">Como aplicar o jugo de cebola no cabelo?<\/h2>\n\n\n\n<p>\u00c9 simples. Descasque tr\u00eas cebolas, corte-as em rodajas e bata no liquidificador para extrair seu jugo. Aplique no couro cabeludo com um algod\u00e3o ou com as pontas dos dedos, massageando suavemente por tr\u00eas minutos. Deixe agir por meia hora antes de enxaguar.<\/p>\n\n\n\n<p><strong>Dica r\u00e1pida:<\/strong> Use um gorro de banho para ajudar na absor\u00e7\u00e3o e repita o processo tr\u00eas vezes por semana para melhores resultados.<\/p>\n\n\n\n<figure class=\"wp-block-image size-large\"><img decoding=\"async\" width=\"1024\" height=\"576\" src=\"https:\/\/www.correiobraziliense.com.br\/cbradar\/wp-content\/uploads\/2025\/08\/suco-de-cebola_1756341912832-1024x576.jpg\" alt=\"Suco de cebola: qual \u00e9 o poder secreto que ele tem e como deve ser aplicado\" class=\"wp-image-94209\" srcset=\"https:\/\/www.correiobraziliense.com.br\/cbradar\/wp-content\/uploads\/2025\/08\/suco-de-cebola_1756341912832-1024x576.jpg 1024w, https:\/\/www.correiobraziliense.com.br\/cbradar\/wp-content\/uploads\/2025\/08\/suco-de-cebola_1756341912832-300x169.jpg 300w, https:\/\/www.correiobraziliense.com.br\/cbradar\/wp-content\/uploads\/2025\/08\/suco-de-cebola_1756341912832-768x432.jpg 768w, https:\/\/www.correiobraziliense.com.br\/cbradar\/wp-content\/uploads\/2025\/08\/suco-de-cebola_1756341912832-750x422.jpg 750w, https:\/\/www.correiobraziliense.com.br\/cbradar\/wp-content\/uploads\/2025\/08\/suco-de-cebola_1756341912832-1140x642.jpg 1140w, https:\/\/www.correiobraziliense.com.br\/cbradar\/wp-content\/uploads\/2025\/08\/suco-de-cebola_1756341912832.jpg 1279w\" sizes=\"(max-width: 1024px) 100vw, 1024px\" \/><figcaption class=\"wp-element-caption\">suco de cebola. Cr\u00e9ditos: depositphotos.com \/ HeikeRau<\/figcaption><\/figure>\n\n\n\n<h2 class=\"wp-block-heading\">A alternativa de jugo de cebola com mel<\/h2>\n\n\n\n<p>Misturar o <strong>jugo de cebola<\/strong> com mel oferece uma <strong>nutri\u00e7\u00e3o adicional<\/strong> e tem propriedades incr\u00edveis para combater a <strong>queda de cabelo<\/strong>. Aplique a mistura massageando o cabelo \u00famido e deixe agir durante a noite. O mel ajuda a hidratar o couro cabeludo e potencializa a a\u00e7\u00e3o antioxidante da receita.<\/p>\n\n\n\n<h2 class=\"wp-block-heading\">M\u00e9todos adicionais para evitar a queda de cabelo<\/h2>\n\n\n\n<p>Al\u00e9m do <strong>jugo de cebola<\/strong>, h\u00e1 outras pr\u00e1ticas que ajudam a manter os cabelos saud\u00e1veis:<\/p>\n\n\n\n<ul class=\"wp-block-list\">\n<li>Evite o uso frequente do secador e da chapinha.<\/li>\n\n\n\n<li>Explore outras op\u00e7\u00f5es naturais, como \u00e1gua de romero ou \u00f3leo de r\u00edcino.<\/li>\n\n\n\n<li>Mantenha uma dieta equilibrada e rica em <strong>vitaminas<\/strong> e <strong>minerais<\/strong>.<\/li>\n<\/ul>\n\n\n\n<p><em>Aten\u00e7\u00e3o:<\/em> Se voc\u00ea fuma, considere parar, pois o fumo pode amplificar a <strong>alopecia<\/strong>.<\/p>\n\n\n\n<h2 class=\"wp-block-heading\">Elevando os cuidados com o cabelo de forma natural<\/h2>\n\n\n\n<ul class=\"wp-block-list\">\n<li>O <strong>jugo de cebola<\/strong> \u00e9 um rem\u00e9dio natural eficaz contra a queda de cabelo.<\/li>\n\n\n\n<li>Siga o tratamento corretamente para observar os melhores resultados.<\/li>\n\n\n\n<li>Sempre combine m\u00e9todos naturais com h\u00e1bitos saud\u00e1veis para m\u00e1xima efic\u00e1cia.<\/li>\n<\/ul>\n","protected":false},"excerpt":{"rendered":"<p>Descubra os benef\u00edcios do jugo de cebola no combate \u00e0 queda de cabelo. Um tratamento natural eficaz e simples de fazer em casa!<\/p>\n","protected":false},"author":3,"featured_media":94208,"comment_status":"open","ping_status":"open","sticky":false,"template":"","format":"standard","meta":{"_yoast_wpseo_focuskw":"suco cebola","_yoast_wpseo_title":"%%title%%","_yoast_wpseo_metadesc":"Descubra os benef\u00edcios do jugo de cebola no combate \u00e0 queda de cabelo. Um tratamento natural eficaz e simples de fazer em casa!","jnews-multi-image_gallery":[],"jnews_single_post":{"format":"standard"},"jnews_primary_category":[],"jnews_social_meta":[],"jnews_override_counter":[],"footnotes":""},"categories":[112],"tags":[281,1423,1412,144],"class_list":["post-94206","post","type-post","status-publish","format-standard","has-post-thumbnail","hentry","category-curiosidades","tag-alimentacao","tag-alimentos","tag-cebola","tag-curiosidades"],"yoast_head":"<!-- This site is optimized with the Yoast SEO plugin v24.6 - https:\/\/yoast.com\/wordpress\/plugins\/seo\/ -->\n<title>Suco de cebola: qual \u00e9 o poder secreto que ele tem e como deve ser aplicado<\/title>\n<meta name=\"description\" content=\"Descubra os benef\u00edcios do jugo de cebola no combate \u00e0 queda de cabelo. Um tratamento natural eficaz e simples de fazer em casa!\" \/>\n<meta name=\"robots\" content=\"index, follow, max-snippet:-1, max-image-preview:large, max-video-preview:-1\" \/>\n<link rel=\"canonical\" href=\"https:\/\/www.correiobraziliense.com.br\/cbradar\/suco-de-cebola-qual-e-o-poder-secreto-que-ele-tem-e-como-deve-ser-aplicado\/\" \/>\n<meta property=\"og:locale\" content=\"pt_BR\" \/>\n<meta property=\"og:type\" content=\"article\" \/>\n<meta property=\"og:title\" content=\"Suco de cebola: qual \u00e9 o poder secreto que ele tem e como deve ser aplicado\" \/>\n<meta property=\"og:description\" content=\"Descubra os benef\u00edcios do jugo de cebola no combate \u00e0 queda de cabelo. Um tratamento natural eficaz e simples de fazer em casa!\" \/>\n<meta property=\"og:url\" content=\"https:\/\/www.correiobraziliense.com.br\/cbradar\/suco-de-cebola-qual-e-o-poder-secreto-que-ele-tem-e-como-deve-ser-aplicado\/\" \/>\n<meta property=\"og:site_name\" content=\"Correio Braziliense - Radar\" \/>\n<meta property=\"article:published_time\" content=\"2025-08-28T15:23:00+00:00\" \/>\n<meta property=\"og:image\" content=\"https:\/\/www.correiobraziliense.com.br\/cbradar\/wp-content\/uploads\/2025\/08\/suco-de-cebola_1756341806179.jpg\" \/>\n\t<meta property=\"og:image:width\" content=\"1280\" \/>\n\t<meta property=\"og:image:height\" content=\"720\" \/>\n\t<meta property=\"og:image:type\" content=\"image\/jpeg\" \/>\n<meta name=\"author\" content=\"Larissa Carvalho\" \/>\n<meta name=\"twitter:card\" content=\"summary_large_image\" \/>\n<meta name=\"twitter:label1\" content=\"Escrito por\" \/>\n\t<meta name=\"twitter:data1\" content=\"Larissa Carvalho\" \/>\n\t<meta name=\"twitter:label2\" content=\"Est. tempo de leitura\" \/>\n\t<meta name=\"twitter:data2\" content=\"3 minutos\" \/>\n<!-- \/ Yoast SEO plugin. -->","yoast_head_json":{"title":"Suco de cebola: qual \u00e9 o poder secreto que ele tem e como deve ser aplicado","description":"Descubra os benef\u00edcios do jugo de cebola no combate \u00e0 queda de cabelo. Um tratamento natural eficaz e simples de fazer em casa!","robots":{"index":"index","follow":"follow","max-snippet":"max-snippet:-1","max-image-preview":"max-image-preview:large","max-video-preview":"max-video-preview:-1"},"canonical":"https:\/\/www.correiobraziliense.com.br\/cbradar\/suco-de-cebola-qual-e-o-poder-secreto-que-ele-tem-e-como-deve-ser-aplicado\/","og_locale":"pt_BR","og_type":"article","og_title":"Suco de cebola: qual \u00e9 o poder secreto que ele tem e como deve ser aplicado","og_description":"Descubra os benef\u00edcios do jugo de cebola no combate \u00e0 queda de cabelo. Um tratamento natural eficaz e simples de fazer em casa!","og_url":"https:\/\/www.correiobraziliense.com.br\/cbradar\/suco-de-cebola-qual-e-o-poder-secreto-que-ele-tem-e-como-deve-ser-aplicado\/","og_site_name":"Correio Braziliense - Radar","article_published_time":"2025-08-28T15:23:00+00:00","og_image":[{"width":1280,"height":720,"url":"https:\/\/www.correiobraziliense.com.br\/cbradar\/wp-content\/uploads\/2025\/08\/suco-de-cebola_1756341806179.jpg","type":"image\/jpeg"}],"author":"Larissa Carvalho","twitter_card":"summary_large_image","twitter_misc":{"Escrito por":"Larissa Carvalho","Est. tempo de leitura":"3 minutos"},"schema":{"@context":"https:\/\/schema.org","@graph":[{"@type":"WebPage","@id":"https:\/\/www.correiobraziliense.com.br\/cbradar\/suco-de-cebola-qual-e-o-poder-secreto-que-ele-tem-e-como-deve-ser-aplicado\/","url":"https:\/\/www.correiobraziliense.com.br\/cbradar\/suco-de-cebola-qual-e-o-poder-secreto-que-ele-tem-e-como-deve-ser-aplicado\/","name":"Suco de cebola: qual \u00e9 o poder secreto que ele tem e como deve ser aplicado","isPartOf":{"@id":"https:\/\/www.correiobraziliense.com.br\/cbradar\/#website"},"primaryImageOfPage":{"@id":"https:\/\/www.correiobraziliense.com.br\/cbradar\/suco-de-cebola-qual-e-o-poder-secreto-que-ele-tem-e-como-deve-ser-aplicado\/#primaryimage"},"image":{"@id":"https:\/\/www.correiobraziliense.com.br\/cbradar\/suco-de-cebola-qual-e-o-poder-secreto-que-ele-tem-e-como-deve-ser-aplicado\/#primaryimage"},"thumbnailUrl":"https:\/\/www.correiobraziliense.com.br\/cbradar\/wp-content\/uploads\/2025\/08\/suco-de-cebola_1756341806179.jpg","datePublished":"2025-08-28T15:23:00+00:00","author":{"@id":"https:\/\/www.correiobraziliense.com.br\/cbradar\/#\/schema\/person\/58422787644df994b53a19d3e56c1513"},"description":"Descubra os benef\u00edcios do jugo de cebola no combate \u00e0 queda de cabelo. Um tratamento natural eficaz e simples de fazer em casa!","breadcrumb":{"@id":"https:\/\/www.correiobraziliense.com.br\/cbradar\/suco-de-cebola-qual-e-o-poder-secreto-que-ele-tem-e-como-deve-ser-aplicado\/#breadcrumb"},"inLanguage":"pt-BR","potentialAction":[{"@type":"ReadAction","target":["https:\/\/www.correiobraziliense.com.br\/cbradar\/suco-de-cebola-qual-e-o-poder-secreto-que-ele-tem-e-como-deve-ser-aplicado\/"]}]},{"@type":"ImageObject","inLanguage":"pt-BR","@id":"https:\/\/www.correiobraziliense.com.br\/cbradar\/suco-de-cebola-qual-e-o-poder-secreto-que-ele-tem-e-como-deve-ser-aplicado\/#primaryimage","url":"https:\/\/www.correiobraziliense.com.br\/cbradar\/wp-content\/uploads\/2025\/08\/suco-de-cebola_1756341806179.jpg","contentUrl":"https:\/\/www.correiobraziliense.com.br\/cbradar\/wp-content\/uploads\/2025\/08\/suco-de-cebola_1756341806179.jpg","width":1280,"height":720,"caption":"suco de cebola. Cr\u00e9ditos: depositphotos.com \/ modesto3"},{"@type":"BreadcrumbList","@id":"https:\/\/www.correiobraziliense.com.br\/cbradar\/suco-de-cebola-qual-e-o-poder-secreto-que-ele-tem-e-como-deve-ser-aplicado\/#breadcrumb","itemListElement":[{"@type":"ListItem","position":1,"name":"In\u00edcio","item":"https:\/\/www.correiobraziliense.com.br\/cbradar\/"},{"@type":"ListItem","position":2,"name":"Suco de cebola: qual \u00e9 o poder secreto que ele tem e como deve ser aplicado"}]},{"@type":"WebSite","@id":"https:\/\/www.correiobraziliense.com.br\/cbradar\/#website","url":"https:\/\/www.correiobraziliense.com.br\/cbradar\/","name":"Correio Braziliense - Radar","description":"Acompanhe as \u00faltimas not\u00edcias e fique bem informado sobre tudo o que acontece no Brasil e no mundo.","potentialAction":[{"@type":"SearchAction","target":{"@type":"EntryPoint","urlTemplate":"https:\/\/www.correiobraziliense.com.br\/cbradar\/?s={search_term_string}"},"query-input":{"@type":"PropertyValueSpecification","valueRequired":true,"valueName":"search_term_string"}}],"inLanguage":"pt-BR"},{"@type":"Person","@id":"https:\/\/www.correiobraziliense.com.br\/cbradar\/#\/schema\/person\/58422787644df994b53a19d3e56c1513","name":"Larissa Carvalho","image":{"@type":"ImageObject","inLanguage":"pt-BR","@id":"https:\/\/www.correiobraziliense.com.br\/cbradar\/#\/schema\/person\/image\/","url":"https:\/\/secure.gravatar.com\/avatar\/fe4f91a0de32b52a838d0d612abdc1aa?s=96&d=mm&r=g","contentUrl":"https:\/\/secure.gravatar.com\/avatar\/fe4f91a0de32b52a838d0d612abdc1aa?s=96&d=mm&r=g","caption":"Larissa Carvalho"},"url":"https:\/\/www.correiobraziliense.com.br\/cbradar\/author\/larissamyth\/"}]}},"_links":{"self":[{"href":"https:\/\/www.correiobraziliense.com.br\/cbradar\/wp-json\/wp\/v2\/posts\/94206","targetHints":{"allow":["GET"]}}],"collection":[{"href":"https:\/\/www.correiobraziliense.com.br\/cbradar\/wp-json\/wp\/v2\/posts"}],"about":[{"href":"https:\/\/www.correiobraziliense.com.br\/cbradar\/wp-json\/wp\/v2\/types\/post"}],"author":[{"embeddable":true,"href":"https:\/\/www.correiobraziliense.com.br\/cbradar\/wp-json\/wp\/v2\/users\/3"}],"replies":[{"embeddable":true,"href":"https:\/\/www.correiobraziliense.com.br\/cbradar\/wp-json\/wp\/v2\/comments?post=94206"}],"version-history":[{"count":2,"href":"https:\/\/www.correiobraziliense.com.br\/cbradar\/wp-json\/wp\/v2\/posts\/94206\/revisions"}],"predecessor-version":[{"id":94210,"href":"https:\/\/www.correiobraziliense.com.br\/cbradar\/wp-json\/wp\/v2\/posts\/94206\/revisions\/94210"}],"wp:featuredmedia":[{"embeddable":true,"href":"https:\/\/www.correiobraziliense.com.br\/cbradar\/wp-json\/wp\/v2\/media\/94208"}],"wp:attachment":[{"href":"https:\/\/www.correiobraziliense.com.br\/cbradar\/wp-json\/wp\/v2\/media?parent=94206"}],"wp:term":[{"taxonomy":"category","embeddable":true,"href":"https:\/\/www.correiobraziliense.com.br\/cbradar\/wp-json\/wp\/v2\/categories?post=94206"},{"taxonomy":"post_tag","embeddable":true,"href":"https:\/\/www.correiobraziliense.com.br\/cbradar\/wp-json\/wp\/v2\/tags?post=94206"}],"curies":[{"name":"wp","href":"https:\/\/api.w.org\/{rel}","templated":true}]}}