{"id":94790,"date":"2025-08-30T19:33:00","date_gmt":"2025-08-30T22:33:00","guid":{"rendered":"https:\/\/www.correiobraziliense.com.br\/cbradar\/?p=94790"},"modified":"2025-08-29T03:42:22","modified_gmt":"2025-08-29T06:42:22","slug":"a-cidade-montanhosa-escondida-do-rj-que-conquista-com-seu-clima","status":"publish","type":"post","link":"https:\/\/www.correiobraziliense.com.br\/cbradar\/a-cidade-montanhosa-escondida-do-rj-que-conquista-com-seu-clima\/","title":{"rendered":"A cidade montanhosa escondida do RJ que conquista com seu clima"},"content":{"rendered":"\n<p><strong><a href=\"https:\/\/www.teresopolis.rj.gov.br\/\" target=\"_blank\" rel=\"noreferrer noopener\">Teres\u00f3polis<\/a><\/strong>, localizada na regi\u00e3o serrana do <strong>Rio de Janeiro<\/strong>, a cerca de <strong>100 km da capital<\/strong> e pr\u00f3xima a cidades como <strong>Petr\u00f3polis<\/strong> e <strong>Nova Friburgo<\/strong>, \u00e9 conhecida como a \u201c<strong>Cidade Serrana<\/strong>\u201d devido \u00e0s suas montanhas e clima ameno. Vivencie um local que combina natureza exuberante, qualidade de vida e turismo ecol\u00f3gico.<\/p>\n\n\n\n<ul class=\"wp-block-list\">\n<li>Destino de montanha com clima agrad\u00e1vel e natureza preservada.<\/li>\n\n\n\n<li>Qualidade de vida com infraestrutura urbana e seguran\u00e7a.<\/li>\n\n\n\n<li>Economia baseada em turismo, com\u00e9rcio e servi\u00e7os locais.<\/li>\n<\/ul>\n\n\n\n<h2 class=\"wp-block-heading\">Por que morar em Teres\u00f3polis?<\/h2>\n\n\n\n<p>Com um IDH de <strong>0,766<\/strong>, segundo o <strong><strong>Programa das Na\u00e7\u00f5es Unidas para o Desenvolvimento<\/strong><\/strong>, <strong>Teres\u00f3polis<\/strong> \u00e9 considerada uma cidade com alta qualidade de vida na regi\u00e3o serrana. A economia \u00e9 diversificada, incluindo com\u00e9rcio, turismo e agricultura, conforme a <strong>Prefeitura de Teres\u00f3polis<\/strong>.<\/p>\n\n\n\n<p>A cidade oferece sa\u00fade de qualidade com hospitais e cl\u00ednicas bem estruturadas, al\u00e9m de escolas p\u00fablicas e privadas reconhecidas. O custo de vida \u00e9 relativamente equilibrado em compara\u00e7\u00e3o \u00e0 capital, sendo ideal para fam\u00edlias e aposentados.<\/p>\n\n\n<div class=\"wp-block-image\">\n<figure class=\"aligncenter size-large\"><img decoding=\"async\" width=\"1024\" height=\"576\" src=\"https:\/\/www.correiobraziliense.com.br\/cbradar\/wp-content\/uploads\/2025\/06\/Teresopolis_1748893258114-1024x576.jpg\" alt=\"A joia escondida com qualidade de vida nas montanhas do Rio de Janeiro\" class=\"wp-image-47122\" srcset=\"https:\/\/www.correiobraziliense.com.br\/cbradar\/wp-content\/uploads\/2025\/06\/Teresopolis_1748893258114-1024x576.jpg 1024w, https:\/\/www.correiobraziliense.com.br\/cbradar\/wp-content\/uploads\/2025\/06\/Teresopolis_1748893258114-300x169.jpg 300w, https:\/\/www.correiobraziliense.com.br\/cbradar\/wp-content\/uploads\/2025\/06\/Teresopolis_1748893258114-768x432.jpg 768w, https:\/\/www.correiobraziliense.com.br\/cbradar\/wp-content\/uploads\/2025\/06\/Teresopolis_1748893258114-750x422.jpg 750w, https:\/\/www.correiobraziliense.com.br\/cbradar\/wp-content\/uploads\/2025\/06\/Teresopolis_1748893258114-1140x641.jpg 1140w, https:\/\/www.correiobraziliense.com.br\/cbradar\/wp-content\/uploads\/2025\/06\/Teresopolis_1748893258114.jpg 1280w\" sizes=\"(max-width: 1024px) 100vw, 1024px\" \/><figcaption class=\"wp-element-caption\">Teres\u00f3polis \/\/ Cr\u00e9ditos: depositphotos.com \/ Ranimiro<\/figcaption><\/figure><\/div>\n\n\n<h2 class=\"wp-block-heading\">Quais s\u00e3o os melhores bairros para morar em Teres\u00f3polis?<\/h2>\n\n\n\n<p>O <strong>V\u00e1rzea<\/strong> \u00e9 tradicional e oferece com\u00e9rcio ativo, servi\u00e7os essenciais e proximidade ao centro.<\/p>\n\n\n\n<p>O <strong>Alto<\/strong> \u00e9 conhecido por resid\u00eancias tranquilas, \u00e1reas verdes e seguran\u00e7a, ideal para fam\u00edlias.<\/p>\n\n\n\n<p>Os<strong> Agri\u00f5es<\/strong> destaca-se por condom\u00ednios e infraestrutura moderna.<\/p>\n\n\n\n<p>O <strong>Comary<\/strong> combina natureza e tranquilidade, atraindo quem busca qualidade de vida e contato com o verde.<\/p>\n\n\n\n<p>O <strong>Pimenteiras<\/strong> possui f\u00e1cil acesso a escolas, com\u00e9rcio e servi\u00e7os, sendo \u00f3timo para moradores que buscam praticidade.<\/p>\n\n\n\n<ul class=\"wp-block-list\">\n<li><strong>V\u00e1rzea<\/strong>: com\u00e9rcio e proximidade ao centro.<\/li>\n\n\n\n<li><strong>Alto<\/strong>: seguran\u00e7a e \u00e1reas verdes.<\/li>\n\n\n\n<li><strong>Agri\u00f5es<\/strong>: infraestrutura moderna.<\/li>\n\n\n\n<li><strong>Comary<\/strong>: tranquilidade e natureza.<\/li>\n\n\n\n<li><strong>Pimenteiras<\/strong>: acesso a servi\u00e7os e escolas.<\/li>\n<\/ul>\n\n\n<div class=\"wp-block-image\">\n<figure class=\"aligncenter size-large\"><img decoding=\"async\" width=\"1024\" height=\"576\" src=\"https:\/\/www.correiobraziliense.com.br\/cbradar\/wp-content\/uploads\/2025\/08\/Edicoes-2025-08-08T184248.545-1-1024x576.png\" alt=\"A cidade do Dedo de Deus encanta brasileiros com sua beleza divina\" class=\"wp-image-83275\" srcset=\"https:\/\/www.correiobraziliense.com.br\/cbradar\/wp-content\/uploads\/2025\/08\/Edicoes-2025-08-08T184248.545-1-1024x576.png 1024w, https:\/\/www.correiobraziliense.com.br\/cbradar\/wp-content\/uploads\/2025\/08\/Edicoes-2025-08-08T184248.545-1-300x169.png 300w, https:\/\/www.correiobraziliense.com.br\/cbradar\/wp-content\/uploads\/2025\/08\/Edicoes-2025-08-08T184248.545-1-768x432.png 768w, https:\/\/www.correiobraziliense.com.br\/cbradar\/wp-content\/uploads\/2025\/08\/Edicoes-2025-08-08T184248.545-1-750x422.png 750w, https:\/\/www.correiobraziliense.com.br\/cbradar\/wp-content\/uploads\/2025\/08\/Edicoes-2025-08-08T184248.545-1-1140x641.png 1140w, https:\/\/www.correiobraziliense.com.br\/cbradar\/wp-content\/uploads\/2025\/08\/Edicoes-2025-08-08T184248.545-1.png 1280w\" sizes=\"(max-width: 1024px) 100vw, 1024px\" \/><figcaption class=\"wp-element-caption\">Teres\u00f3polis \/\/ Cr\u00e9ditos: YouTube @NanauSolMaior<\/figcaption><\/figure><\/div>\n\n\n<h2 class=\"wp-block-heading\">Quais s\u00e3o as principais atra\u00e7\u00f5es tur\u00edsticas de Teres\u00f3polis?<\/h2>\n\n\n\n<p>O <strong>Parque Nacional da Serra dos \u00d3rg\u00e3os<\/strong> \u00e9 um dos principais destinos de ecoturismo, com trilhas, cachoeiras e escaladas.<\/p>\n\n\n\n<p>O <strong>Parque Natural Municipal Montanhas de Teres\u00f3polis<\/strong> oferece contato com fauna e flora nativa, ideal para caminhadas e observa\u00e7\u00e3o da natureza.<\/p>\n\n\n\n<p>O <strong>Mirante do Soberbo<\/strong> proporciona vistas panor\u00e2micas da serra e do Vale do Para\u00edba.<\/p>\n\n\n\n<p>O <strong>Pedra do Sino<\/strong>, ponto mais alto do parque, \u00e9 imperd\u00edvel para amantes de trekking e aventura.<\/p>\n\n\n\n<p>O <strong>Feirarte<\/strong> re\u00fane artesanato, gastronomia e cultura local, atraindo moradores e turistas.<\/p>\n\n\n\n<ul class=\"wp-block-list\">\n<li><strong>Parque Nacional da Serra dos \u00d3rg\u00e3os<\/strong>: trilhas e natureza.<\/li>\n\n\n\n<li><strong>Parque Natural Municipal Montanhas de Teres\u00f3polis<\/strong>: fauna e flora nativa.<\/li>\n\n\n\n<li><strong>Mirante do Soberbo<\/strong>: vistas panor\u00e2micas.<\/li>\n\n\n\n<li><strong>Pedra do Sino<\/strong>: trekking e aventura.<\/li>\n\n\n\n<li><strong>Feirarte<\/strong>: artesanato e gastronomia local.<\/li>\n<\/ul>\n\n\n\n<figure class=\"wp-block-embed aligncenter is-type-video is-provider-youtube wp-block-embed-youtube wp-embed-aspect-16-9 wp-has-aspect-ratio\"><div class=\"wp-block-embed__wrapper\">\n<div class=\"jeg_video_container jeg_video_content\"><iframe loading=\"lazy\" title=\"\u30104K\u3011\ud83c\udde7\ud83c\uddf7 Teresopolis from Above \ud83d\udd25 RJ, BRAZIL 2022 \ud83d\udd25 Cinematic Wolf Aerial\u2122 Drone Film\" width=\"500\" height=\"281\" src=\"https:\/\/www.youtube.com\/embed\/KT71U9RPNCI?feature=oembed\" frameborder=\"0\" allow=\"accelerometer; autoplay; clipboard-write; encrypted-media; gyroscope; picture-in-picture; web-share\" referrerpolicy=\"strict-origin-when-cross-origin\" allowfullscreen><\/iframe><\/div>\n<\/div><figcaption class=\"wp-element-caption\">Teres\u00f3polis \/\/ Cr\u00e9ditos: YouTube @OneManWolfPack<\/figcaption><\/figure>\n\n\n\n<h2 class=\"wp-block-heading\">Como \u00e9 a vida cultural em trekking ?<\/h2>\n\n\n\n<p>A cidade possui eventos culturais durante todo o ano, incluindo festivais de m\u00fasica, teatro e artesanato.<\/p>\n\n\n\n<p>A gastronomia local combina influ\u00eancias brasileiras e serranas, com destaque para doces caseiros e pratos t\u00edpicos da regi\u00e3o.<\/p>\n\n\n\n<p>Feiras e centros culturais promovem oficinas, exposi\u00e7\u00f5es e apresenta\u00e7\u00f5es art\u00edsticas, refor\u00e7ando a identidade cultural da cidade.<\/p>\n\n\n\n<h2 class=\"wp-block-heading\">Por que Teres\u00f3polis \u00e9 refer\u00eancia em ecoturismo?<\/h2>\n\n\n\n<p>Segundo a <strong>Secretaria de Turismo do Rio de Janeiro<\/strong>, <strong>Teres\u00f3polis<\/strong> \u00e9 refer\u00eancia em ecoturismo devido \u00e0 conserva\u00e7\u00e3o ambiental e \u00e0 oferta de trilhas, escaladas e parques naturais.<\/p>\n\n\n\n<p>A cidade recebe visitantes interessados em atividades de aventura e contato com a natureza, destacando-se pelo equil\u00edbrio entre preserva\u00e7\u00e3o e turismo sustent\u00e1vel.<\/p>\n\n\n<div class=\"wp-block-image\">\n<figure class=\"aligncenter size-large\"><img decoding=\"async\" width=\"1024\" height=\"576\" src=\"https:\/\/www.correiobraziliense.com.br\/cbradar\/wp-content\/uploads\/2025\/06\/Teresopolis_1748893354542-1024x576.jpg\" alt=\"\" class=\"wp-image-47124\" srcset=\"https:\/\/www.correiobraziliense.com.br\/cbradar\/wp-content\/uploads\/2025\/06\/Teresopolis_1748893354542-1024x576.jpg 1024w, https:\/\/www.correiobraziliense.com.br\/cbradar\/wp-content\/uploads\/2025\/06\/Teresopolis_1748893354542-300x169.jpg 300w, https:\/\/www.correiobraziliense.com.br\/cbradar\/wp-content\/uploads\/2025\/06\/Teresopolis_1748893354542-768x432.jpg 768w, https:\/\/www.correiobraziliense.com.br\/cbradar\/wp-content\/uploads\/2025\/06\/Teresopolis_1748893354542-750x422.jpg 750w, https:\/\/www.correiobraziliense.com.br\/cbradar\/wp-content\/uploads\/2025\/06\/Teresopolis_1748893354542-1140x641.jpg 1140w, https:\/\/www.correiobraziliense.com.br\/cbradar\/wp-content\/uploads\/2025\/06\/Teresopolis_1748893354542.jpg 1280w\" sizes=\"(max-width: 1024px) 100vw, 1024px\" \/><figcaption class=\"wp-element-caption\">Teres\u00f3polis \/\/ Cr\u00e9ditos: depositphotos.com \/ Ranimiro<\/figcaption><\/figure><\/div>\n\n\n<h2 class=\"wp-block-heading\">O famoso clima das montanhas<\/h2>\n\n\n\n<p><strong>Teres\u00f3polis<\/strong> \u00e9 conhecida por seu clima ameno e temperaturas mais baixas que a capital, tornando-se destino ideal para quem busca fugir do calor intenso.<\/p>\n\n\n\n<p>O clima da serra tamb\u00e9m influencia a vegeta\u00e7\u00e3o e a fauna locais, oferecendo experi\u00eancias \u00fanicas de ecoturismo e lazer ao ar livre.<\/p>\n\n\n\n<h2 class=\"wp-block-heading\">Melhor \u00e9poca para visitar Teres\u00f3polis?<\/h2>\n\n\n\n<p>Entre abril e setembro, o clima \u00e9 seco e fresco, ideal para trilhas, escaladas e passeios ao ar livre.<\/p>\n\n\n\n<p>De outubro a mar\u00e7o, h\u00e1 maior incid\u00eancia de chuvas, mas o cen\u00e1rio verde e as cachoeiras tornam os passeios ainda mais atraentes.<\/p>\n\n\n\n<p>Eventos culturais, como festivais de m\u00fasica e feiras de artesanato, acontecem durante todo o ano, oferecendo alternativas para turismo urbano e rural.<\/p>\n\n\n\n<p><strong>Leia tamb\u00e9m: <a href=\"https:\/\/www.correiobraziliense.com.br\/cbradar\/a-cidade-onde-viveu-um-escritor-famoso-e-tem-otima-qualidade-de-vida\/\" target=\"_blank\" rel=\"noreferrer noopener\"><\/a><a href=\"https:\/\/www.correiobraziliense.com.br\/cbradar\/a-cidade-onde-viveu-um-escritor-famoso-e-tem-otima-qualidade-de-vida\/\" target=\"_blank\" rel=\"noreferrer noopener\">A cidade onde viveu um escritor famoso t\u00eam \u00f3tima qualidade de vida.<\/a><\/strong><\/p>\n\n\n\n<h2 class=\"wp-block-heading\">Vivencie Teres\u00f3polis<\/h2>\n\n\n\n<p><strong>Teres\u00f3polis<\/strong> une natureza exuberante, qualidade de vida e turismo ecol\u00f3gico em <strong>Rio de Janeiro<\/strong>. Entre trilhas, mirantes e parques, a cidade oferece experi\u00eancias \u00fanicas para turistas e moradores.<\/p>\n\n\n\n<p>Planeje sua visita para conhecer o Parque Nacional da Serra dos \u00d3rg\u00e3os ou considere morar em um ambiente tranquilo, seguro e com infraestrutura completa.<\/p>\n\n\n\n<ul class=\"wp-block-list\">\n<li>Ecoturismo e trilhas em parques naturais.<\/li>\n\n\n\n<li>Qualidade de vida e clima ameno.<\/li>\n\n\n\n<li>Cultura local com artesanato e gastronomia serrana.<\/li>\n<\/ul>\n","protected":false},"excerpt":{"rendered":"<p>Teres\u00f3polis, localizada na regi\u00e3o serrana do Rio de Janeiro, a cerca de 100 km da capital e pr\u00f3xima a cidades como Petr\u00f3polis e Nova Friburgo, \u00e9 conhecida como a \u201cCidade Serrana\u201d devido \u00e0s suas montanhas e clima ameno. Vivencie um local que combina natureza exuberante, qualidade de vida e turismo ecol\u00f3gico. Por que morar em [&hellip;]<\/p>\n","protected":false},"author":8,"featured_media":83272,"comment_status":"open","ping_status":"open","sticky":false,"template":"","format":"standard","meta":{"_yoast_wpseo_focuskw":"cidade","_yoast_wpseo_title":"","_yoast_wpseo_metadesc":"Conhe\u00e7a a cidade montanhosa escondida do Rio de Janeiro que conquista visitantes com clima agrad\u00e1vel, natureza exuberante e charme \u00fanico.","jnews-multi-image_gallery":[],"jnews_single_post":{"format":"standard"},"jnews_primary_category":[],"jnews_social_meta":[],"jnews_override_counter":[],"footnotes":""},"categories":[108,111],"tags":[304,5565],"class_list":["post-94790","post","type-post","status-publish","format-standard","has-post-thumbnail","hentry","category-cidades","category-turismo","tag-rio-de-janeiro","tag-teresopolis"],"yoast_head":"<!-- This site is optimized with the Yoast SEO plugin v24.6 - https:\/\/yoast.com\/wordpress\/plugins\/seo\/ -->\n<title>A cidade montanhosa escondida do RJ que conquista com seu clima - Correio Braziliense - Radar<\/title>\n<meta name=\"description\" content=\"Conhe\u00e7a a cidade montanhosa escondida do Rio de Janeiro que conquista visitantes com clima agrad\u00e1vel, natureza exuberante e charme \u00fanico.\" \/>\n<meta name=\"robots\" content=\"index, follow, max-snippet:-1, max-image-preview:large, max-video-preview:-1\" \/>\n<link rel=\"canonical\" href=\"https:\/\/www.correiobraziliense.com.br\/cbradar\/a-cidade-montanhosa-escondida-do-rj-que-conquista-com-seu-clima\/\" \/>\n<meta property=\"og:locale\" content=\"pt_BR\" \/>\n<meta property=\"og:type\" content=\"article\" \/>\n<meta property=\"og:title\" content=\"A cidade montanhosa escondida do RJ que conquista com seu clima - Correio Braziliense - Radar\" \/>\n<meta property=\"og:description\" content=\"Conhe\u00e7a a cidade montanhosa escondida do Rio de Janeiro que conquista visitantes com clima agrad\u00e1vel, natureza exuberante e charme \u00fanico.\" \/>\n<meta property=\"og:url\" content=\"https:\/\/www.correiobraziliense.com.br\/cbradar\/a-cidade-montanhosa-escondida-do-rj-que-conquista-com-seu-clima\/\" \/>\n<meta property=\"og:site_name\" content=\"Correio Braziliense - Radar\" \/>\n<meta property=\"article:published_time\" content=\"2025-08-30T22:33:00+00:00\" \/>\n<meta property=\"og:image\" content=\"https:\/\/www.correiobraziliense.com.br\/cbradar\/wp-content\/uploads\/2025\/08\/Edicoes-2025-08-08T184338.745.png\" \/>\n\t<meta property=\"og:image:width\" content=\"1280\" \/>\n\t<meta property=\"og:image:height\" content=\"720\" \/>\n\t<meta property=\"og:image:type\" content=\"image\/png\" \/>\n<meta name=\"author\" content=\"Maura Pereira\" \/>\n<meta name=\"twitter:card\" content=\"summary_large_image\" \/>\n<meta name=\"twitter:label1\" content=\"Escrito por\" \/>\n\t<meta name=\"twitter:data1\" content=\"Maura Pereira\" \/>\n\t<meta name=\"twitter:label2\" content=\"Est. tempo de leitura\" \/>\n\t<meta name=\"twitter:data2\" content=\"5 minutos\" \/>\n<!-- \/ Yoast SEO plugin. -->","yoast_head_json":{"title":"A cidade montanhosa escondida do RJ que conquista com seu clima - Correio Braziliense - Radar","description":"Conhe\u00e7a a cidade montanhosa escondida do Rio de Janeiro que conquista visitantes com clima agrad\u00e1vel, natureza exuberante e charme \u00fanico.","robots":{"index":"index","follow":"follow","max-snippet":"max-snippet:-1","max-image-preview":"max-image-preview:large","max-video-preview":"max-video-preview:-1"},"canonical":"https:\/\/www.correiobraziliense.com.br\/cbradar\/a-cidade-montanhosa-escondida-do-rj-que-conquista-com-seu-clima\/","og_locale":"pt_BR","og_type":"article","og_title":"A cidade montanhosa escondida do RJ que conquista com seu clima - Correio Braziliense - Radar","og_description":"Conhe\u00e7a a cidade montanhosa escondida do Rio de Janeiro que conquista visitantes com clima agrad\u00e1vel, natureza exuberante e charme \u00fanico.","og_url":"https:\/\/www.correiobraziliense.com.br\/cbradar\/a-cidade-montanhosa-escondida-do-rj-que-conquista-com-seu-clima\/","og_site_name":"Correio Braziliense - Radar","article_published_time":"2025-08-30T22:33:00+00:00","og_image":[{"width":1280,"height":720,"url":"https:\/\/www.correiobraziliense.com.br\/cbradar\/wp-content\/uploads\/2025\/08\/Edicoes-2025-08-08T184338.745.png","type":"image\/png"}],"author":"Maura Pereira","twitter_card":"summary_large_image","twitter_misc":{"Escrito por":"Maura Pereira","Est. tempo de leitura":"5 minutos"},"schema":{"@context":"https:\/\/schema.org","@graph":[{"@type":"WebPage","@id":"https:\/\/www.correiobraziliense.com.br\/cbradar\/a-cidade-montanhosa-escondida-do-rj-que-conquista-com-seu-clima\/","url":"https:\/\/www.correiobraziliense.com.br\/cbradar\/a-cidade-montanhosa-escondida-do-rj-que-conquista-com-seu-clima\/","name":"A cidade montanhosa escondida do RJ que conquista com seu clima - Correio Braziliense - Radar","isPartOf":{"@id":"https:\/\/www.correiobraziliense.com.br\/cbradar\/#website"},"primaryImageOfPage":{"@id":"https:\/\/www.correiobraziliense.com.br\/cbradar\/a-cidade-montanhosa-escondida-do-rj-que-conquista-com-seu-clima\/#primaryimage"},"image":{"@id":"https:\/\/www.correiobraziliense.com.br\/cbradar\/a-cidade-montanhosa-escondida-do-rj-que-conquista-com-seu-clima\/#primaryimage"},"thumbnailUrl":"https:\/\/www.correiobraziliense.com.br\/cbradar\/wp-content\/uploads\/2025\/08\/Edicoes-2025-08-08T184338.745.png","datePublished":"2025-08-30T22:33:00+00:00","author":{"@id":"https:\/\/www.correiobraziliense.com.br\/cbradar\/#\/schema\/person\/4053c651a9bfc785afc6f4cbc9032fd3"},"description":"Conhe\u00e7a a cidade montanhosa escondida do Rio de Janeiro que conquista visitantes com clima agrad\u00e1vel, natureza exuberante e charme \u00fanico.","breadcrumb":{"@id":"https:\/\/www.correiobraziliense.com.br\/cbradar\/a-cidade-montanhosa-escondida-do-rj-que-conquista-com-seu-clima\/#breadcrumb"},"inLanguage":"pt-BR","potentialAction":[{"@type":"ReadAction","target":["https:\/\/www.correiobraziliense.com.br\/cbradar\/a-cidade-montanhosa-escondida-do-rj-que-conquista-com-seu-clima\/"]}]},{"@type":"ImageObject","inLanguage":"pt-BR","@id":"https:\/\/www.correiobraziliense.com.br\/cbradar\/a-cidade-montanhosa-escondida-do-rj-que-conquista-com-seu-clima\/#primaryimage","url":"https:\/\/www.correiobraziliense.com.br\/cbradar\/wp-content\/uploads\/2025\/08\/Edicoes-2025-08-08T184338.745.png","contentUrl":"https:\/\/www.correiobraziliense.com.br\/cbradar\/wp-content\/uploads\/2025\/08\/Edicoes-2025-08-08T184338.745.png","width":1280,"height":720,"caption":"Teres\u00f3polis \u00e9 uma cidade serrana do Rio de Janeiro, famosa pelo clima ameno, natureza e turismo de montanha. \/\/ Cr\u00e9ditos: YouTube @NanauSolMaior"},{"@type":"BreadcrumbList","@id":"https:\/\/www.correiobraziliense.com.br\/cbradar\/a-cidade-montanhosa-escondida-do-rj-que-conquista-com-seu-clima\/#breadcrumb","itemListElement":[{"@type":"ListItem","position":1,"name":"In\u00edcio","item":"https:\/\/www.correiobraziliense.com.br\/cbradar\/"},{"@type":"ListItem","position":2,"name":"A cidade montanhosa escondida do RJ que conquista com seu clima"}]},{"@type":"WebSite","@id":"https:\/\/www.correiobraziliense.com.br\/cbradar\/#website","url":"https:\/\/www.correiobraziliense.com.br\/cbradar\/","name":"Correio Braziliense - Radar","description":"Acompanhe as \u00faltimas not\u00edcias e fique bem informado sobre tudo o que acontece no Brasil e no mundo.","potentialAction":[{"@type":"SearchAction","target":{"@type":"EntryPoint","urlTemplate":"https:\/\/www.correiobraziliense.com.br\/cbradar\/?s={search_term_string}"},"query-input":{"@type":"PropertyValueSpecification","valueRequired":true,"valueName":"search_term_string"}}],"inLanguage":"pt-BR"},{"@type":"Person","@id":"https:\/\/www.correiobraziliense.com.br\/cbradar\/#\/schema\/person\/4053c651a9bfc785afc6f4cbc9032fd3","name":"Maura Pereira","image":{"@type":"ImageObject","inLanguage":"pt-BR","@id":"https:\/\/www.correiobraziliense.com.br\/cbradar\/#\/schema\/person\/image\/","url":"https:\/\/secure.gravatar.com\/avatar\/3effd6bdadfa447f15089c7f7144eaa6?s=96&d=mm&r=g","contentUrl":"https:\/\/secure.gravatar.com\/avatar\/3effd6bdadfa447f15089c7f7144eaa6?s=96&d=mm&r=g","caption":"Maura Pereira"},"sameAs":["https:\/\/www.correiobraziliense.com.br\/"],"url":"https:\/\/www.correiobraziliense.com.br\/cbradar\/author\/mauramyth\/"}]}},"_links":{"self":[{"href":"https:\/\/www.correiobraziliense.com.br\/cbradar\/wp-json\/wp\/v2\/posts\/94790","targetHints":{"allow":["GET"]}}],"collection":[{"href":"https:\/\/www.correiobraziliense.com.br\/cbradar\/wp-json\/wp\/v2\/posts"}],"about":[{"href":"https:\/\/www.correiobraziliense.com.br\/cbradar\/wp-json\/wp\/v2\/types\/post"}],"author":[{"embeddable":true,"href":"https:\/\/www.correiobraziliense.com.br\/cbradar\/wp-json\/wp\/v2\/users\/8"}],"replies":[{"embeddable":true,"href":"https:\/\/www.correiobraziliense.com.br\/cbradar\/wp-json\/wp\/v2\/comments?post=94790"}],"version-history":[{"count":14,"href":"https:\/\/www.correiobraziliense.com.br\/cbradar\/wp-json\/wp\/v2\/posts\/94790\/revisions"}],"predecessor-version":[{"id":94911,"href":"https:\/\/www.correiobraziliense.com.br\/cbradar\/wp-json\/wp\/v2\/posts\/94790\/revisions\/94911"}],"wp:featuredmedia":[{"embeddable":true,"href":"https:\/\/www.correiobraziliense.com.br\/cbradar\/wp-json\/wp\/v2\/media\/83272"}],"wp:attachment":[{"href":"https:\/\/www.correiobraziliense.com.br\/cbradar\/wp-json\/wp\/v2\/media?parent=94790"}],"wp:term":[{"taxonomy":"category","embeddable":true,"href":"https:\/\/www.correiobraziliense.com.br\/cbradar\/wp-json\/wp\/v2\/categories?post=94790"},{"taxonomy":"post_tag","embeddable":true,"href":"https:\/\/www.correiobraziliense.com.br\/cbradar\/wp-json\/wp\/v2\/tags?post=94790"}],"curies":[{"name":"wp","href":"https:\/\/api.w.org\/{rel}","templated":true}]}}