{"id":94930,"date":"2025-08-30T06:13:00","date_gmt":"2025-08-30T09:13:00","guid":{"rendered":"https:\/\/www.correiobraziliense.com.br\/cbradar\/?p=94930"},"modified":"2025-08-29T07:43:56","modified_gmt":"2025-08-29T10:43:56","slug":"esses-alimentos-podem-ajudar-a-combater-o-envelhecimento-cerebral-diz-novo-estudo","status":"publish","type":"post","link":"https:\/\/www.correiobraziliense.com.br\/cbradar\/esses-alimentos-podem-ajudar-a-combater-o-envelhecimento-cerebral-diz-novo-estudo\/","title":{"rendered":"Esses alimentos podem ajudar a combater o envelhecimento cerebral, diz novo estudo"},"content":{"rendered":"\n<p>A sa\u00fade do c\u00e9rebro \u00e9 uma preocupa\u00e7\u00e3o crescente para muitos, especialmente com o avan\u00e7o da idade. O risco de decl\u00ednio cognitivo, como perda de mem\u00f3ria e dificuldade de concentra\u00e7\u00e3o, aumenta, tornando-se um problema significativo para idosos. Contudo, a alimenta\u00e7\u00e3o pode desempenhar um papel crucial na manuten\u00e7\u00e3o da sa\u00fade cerebral.<\/p>\n\n\n\n<ul class=\"wp-block-list\">\n<li><strong>Mushrooms<\/strong> aparecem como um dos alimentos de maior impacto na sa\u00fade cognitiva.<\/li>\n\n\n\n<li>A <strong>dieta mediterr\u00e2nea<\/strong> oferece prote\u00e7\u00e3o contra doen\u00e7as como a dem\u00eancia.<\/li>\n\n\n\n<li>Pesquisas recentes destacam alimentos espec\u00edficos que favorecem a fun\u00e7\u00e3o cerebral.<\/li>\n<\/ul>\n\n\n\n<h2 class=\"wp-block-heading\">Como a dieta mediterr\u00e2nea protege o c\u00e9rebro?<\/h2>\n\n\n\n<p>A dieta mediterr\u00e2nea \u00e9 rica em gr\u00e3os integrais, peixes, <strong>frutas e vegetais<\/strong>, oferecendo prote\u00e7\u00e3o contra v\u00e1rias doen\u00e7as ao reduzir a inflama\u00e7\u00e3o e suportar a fun\u00e7\u00e3o cerebral. Estudos sinalizam seus benef\u00edcios na redu\u00e7\u00e3o dos riscos de decl\u00ednio cognitivo. Al\u00e9m disso, por incluir azeite de oliva extravirgem e baixo consumo de carnes vermelhas, mostra efeito protetor em pesquisas populacionais ao redor do mundo.<\/p>\n\n\n\n<h2 class=\"wp-block-heading\">Quais alimentos influenciam a cogni\u00e7\u00e3o em idosos?<\/h2>\n\n\n\n<p>Segundo pesquisas publicadas na Nutrients, alguns alimentos demonstram forte conex\u00e3o com habilidades cognitivas, especialmente em idosos com m\u00faltiplas condi\u00e7\u00f5es de sa\u00fade. <strong>Cogumelos e algas<\/strong>, por exemplo, t\u00eam um impacto significativo. Outras fontes importantes que come\u00e7am a ganhar destaque cient\u00edfico incluem o consumo regular de azeite de oliva e pequenas por\u00e7\u00f5es de vinho tinto, consumidas de forma moderada.<\/p>\n\n\n\n<figure class=\"wp-block-image size-large\"><img decoding=\"async\" width=\"1024\" height=\"576\" src=\"https:\/\/www.correiobraziliense.com.br\/cbradar\/wp-content\/uploads\/2025\/08\/dieta-mediterranea_1756464217392-1024x576.jpg\" alt=\"Esses alimentos podem ajudar a combater o envelhecimento cerebral, diz novo estudo\" class=\"wp-image-94933\" srcset=\"https:\/\/www.correiobraziliense.com.br\/cbradar\/wp-content\/uploads\/2025\/08\/dieta-mediterranea_1756464217392-1024x576.jpg 1024w, https:\/\/www.correiobraziliense.com.br\/cbradar\/wp-content\/uploads\/2025\/08\/dieta-mediterranea_1756464217392-300x169.jpg 300w, https:\/\/www.correiobraziliense.com.br\/cbradar\/wp-content\/uploads\/2025\/08\/dieta-mediterranea_1756464217392-768x432.jpg 768w, https:\/\/www.correiobraziliense.com.br\/cbradar\/wp-content\/uploads\/2025\/08\/dieta-mediterranea_1756464217392-750x422.jpg 750w, https:\/\/www.correiobraziliense.com.br\/cbradar\/wp-content\/uploads\/2025\/08\/dieta-mediterranea_1756464217392-1140x641.jpg 1140w, https:\/\/www.correiobraziliense.com.br\/cbradar\/wp-content\/uploads\/2025\/08\/dieta-mediterranea_1756464217392.jpg 1280w\" sizes=\"(max-width: 1024px) 100vw, 1024px\" \/><figcaption class=\"wp-element-caption\">dieta mediterr\u00e2nea. Cr\u00e9ditos: depositphotos.com \/ MicEnin<\/figcaption><\/figure>\n\n\n\n<h2 class=\"wp-block-heading\">Descobertas do estudo sobre consumir certos alimentos<\/h2>\n\n\n\n<p>O estudo utilizou dados da Pesquisa de Sa\u00fade e Longevidade da China, focando em idosos com condi\u00e7\u00f5es cr\u00f4nicas. Combinou dados de consumo alimentar e fun\u00e7\u00e3o cognitiva, usando ferramentas de an\u00e1lise avan\u00e7adas para revelar conex\u00f5es complexas.<\/p>\n\n\n\n<p>No grupo dos alimentos, os <strong>cogumelos ou algas<\/strong> se destacaram, seguidos por latic\u00ednios e produtos de nozes. \u00c9 interessante notar que estudos paralelos apontam que o consumo frequente de peixes gordurosos, como salm\u00e3o e sardinha, fortalece as sinapses e pode atrasar a deteriora\u00e7\u00e3o cognitiva.<\/p>\n\n\n\n<h2 class=\"wp-block-heading\">Alimentos e habilidades cognitivas: qual a conex\u00e3o?<\/h2>\n\n\n\n<p>Os resultados mostraram que frutas frescas estavam fortemente ligadas \u00e0 habilidade de orienta\u00e7\u00e3o (saber a hora, lugar, etc.), enquanto <strong>vegetais frescos<\/strong> tinham menos influ\u00eancia no conjunto alimentar. Al\u00e9m disso, a variedade de frutas consumidas ao longo da semana parece ter um impacto cumulativo sobre a manuten\u00e7\u00e3o da mem\u00f3ria em idosos.<\/p>\n\n\n\n<h2 class=\"wp-block-heading\">Conclus\u00e3o: alimenta\u00e7\u00e3o, sa\u00fade f\u00edsica e cogni\u00e7\u00e3o<\/h2>\n\n\n\n<ul class=\"wp-block-list\">\n<li>Adicionar <strong>cogumelos<\/strong>, nozes e latic\u00ednios na dieta pode melhorar habilidades como mem\u00f3ria e aten\u00e7\u00e3o.<\/li>\n\n\n\n<li>A sa\u00fade cognitiva est\u00e1 interligada com escolhas alimentares e estilo de vida, enfatizando uma abordagem hol\u00edstica para o envelhecimento saud\u00e1vel.<\/li>\n\n\n\n<li>Mudan\u00e7as alimentares intencionais, embora simples, podem ter um grande impacto na sa\u00fade cerebral com o passar dos anos.<\/li>\n<\/ul>\n","protected":false},"excerpt":{"rendered":"<p>A dieta mediterr\u00e2nea e seu impacto na sa\u00fade do c\u00e9rebro: Descubra como a alimenta\u00e7\u00e3o pode proteger contra decl\u00ednio cognitivo e promover envelhecimento saud\u00e1vel.<\/p>\n","protected":false},"author":3,"featured_media":94932,"comment_status":"open","ping_status":"open","sticky":false,"template":"","format":"standard","meta":{"_yoast_wpseo_focuskw":"alimentos envelhecimento cerebral","_yoast_wpseo_title":"%%title%%","_yoast_wpseo_metadesc":"A dieta mediterr\u00e2nea e seu impacto na sa\u00fade do c\u00e9rebro: Descubra como a alimenta\u00e7\u00e3o pode proteger contra decl\u00ednio cognitivo e promover envelhecimento saud\u00e1vel.","jnews-multi-image_gallery":[],"jnews_single_post":{"format":"standard"},"jnews_primary_category":[],"jnews_social_meta":[],"jnews_override_counter":[],"footnotes":""},"categories":[112],"tags":[281,144,565],"class_list":["post-94930","post","type-post","status-publish","format-standard","has-post-thumbnail","hentry","category-curiosidades","tag-alimentacao","tag-curiosidades","tag-saude"],"yoast_head":"<!-- This site is optimized with the Yoast SEO plugin v24.6 - https:\/\/yoast.com\/wordpress\/plugins\/seo\/ -->\n<title>Esses alimentos podem ajudar a combater o envelhecimento cerebral, diz novo estudo<\/title>\n<meta name=\"description\" content=\"A dieta mediterr\u00e2nea e seu impacto na sa\u00fade do c\u00e9rebro: Descubra como a alimenta\u00e7\u00e3o pode proteger contra decl\u00ednio cognitivo e promover envelhecimento saud\u00e1vel.\" \/>\n<meta name=\"robots\" content=\"index, follow, max-snippet:-1, max-image-preview:large, max-video-preview:-1\" \/>\n<link rel=\"canonical\" href=\"https:\/\/www.correiobraziliense.com.br\/cbradar\/esses-alimentos-podem-ajudar-a-combater-o-envelhecimento-cerebral-diz-novo-estudo\/\" \/>\n<meta property=\"og:locale\" content=\"pt_BR\" \/>\n<meta property=\"og:type\" content=\"article\" \/>\n<meta property=\"og:title\" content=\"Esses alimentos podem ajudar a combater o envelhecimento cerebral, diz novo estudo\" \/>\n<meta property=\"og:description\" content=\"A dieta mediterr\u00e2nea e seu impacto na sa\u00fade do c\u00e9rebro: Descubra como a alimenta\u00e7\u00e3o pode proteger contra decl\u00ednio cognitivo e promover envelhecimento saud\u00e1vel.\" \/>\n<meta property=\"og:url\" content=\"https:\/\/www.correiobraziliense.com.br\/cbradar\/esses-alimentos-podem-ajudar-a-combater-o-envelhecimento-cerebral-diz-novo-estudo\/\" \/>\n<meta property=\"og:site_name\" content=\"Correio Braziliense - Radar\" \/>\n<meta property=\"article:published_time\" content=\"2025-08-30T09:13:00+00:00\" \/>\n<meta property=\"og:image\" content=\"https:\/\/www.correiobraziliense.com.br\/cbradar\/wp-content\/uploads\/2025\/08\/dieta-mediterranea_1756464089726.jpg\" \/>\n\t<meta property=\"og:image:width\" content=\"1280\" \/>\n\t<meta property=\"og:image:height\" content=\"720\" \/>\n\t<meta property=\"og:image:type\" content=\"image\/jpeg\" \/>\n<meta name=\"author\" content=\"Larissa Carvalho\" \/>\n<meta name=\"twitter:card\" content=\"summary_large_image\" \/>\n<meta name=\"twitter:label1\" content=\"Escrito por\" \/>\n\t<meta name=\"twitter:data1\" content=\"Larissa Carvalho\" \/>\n\t<meta name=\"twitter:label2\" content=\"Est. tempo de leitura\" \/>\n\t<meta name=\"twitter:data2\" content=\"3 minutos\" \/>\n<!-- \/ Yoast SEO plugin. -->","yoast_head_json":{"title":"Esses alimentos podem ajudar a combater o envelhecimento cerebral, diz novo estudo","description":"A dieta mediterr\u00e2nea e seu impacto na sa\u00fade do c\u00e9rebro: Descubra como a alimenta\u00e7\u00e3o pode proteger contra decl\u00ednio cognitivo e promover envelhecimento saud\u00e1vel.","robots":{"index":"index","follow":"follow","max-snippet":"max-snippet:-1","max-image-preview":"max-image-preview:large","max-video-preview":"max-video-preview:-1"},"canonical":"https:\/\/www.correiobraziliense.com.br\/cbradar\/esses-alimentos-podem-ajudar-a-combater-o-envelhecimento-cerebral-diz-novo-estudo\/","og_locale":"pt_BR","og_type":"article","og_title":"Esses alimentos podem ajudar a combater o envelhecimento cerebral, diz novo estudo","og_description":"A dieta mediterr\u00e2nea e seu impacto na sa\u00fade do c\u00e9rebro: Descubra como a alimenta\u00e7\u00e3o pode proteger contra decl\u00ednio cognitivo e promover envelhecimento saud\u00e1vel.","og_url":"https:\/\/www.correiobraziliense.com.br\/cbradar\/esses-alimentos-podem-ajudar-a-combater-o-envelhecimento-cerebral-diz-novo-estudo\/","og_site_name":"Correio Braziliense - Radar","article_published_time":"2025-08-30T09:13:00+00:00","og_image":[{"width":1280,"height":720,"url":"https:\/\/www.correiobraziliense.com.br\/cbradar\/wp-content\/uploads\/2025\/08\/dieta-mediterranea_1756464089726.jpg","type":"image\/jpeg"}],"author":"Larissa Carvalho","twitter_card":"summary_large_image","twitter_misc":{"Escrito por":"Larissa Carvalho","Est. tempo de leitura":"3 minutos"},"schema":{"@context":"https:\/\/schema.org","@graph":[{"@type":"WebPage","@id":"https:\/\/www.correiobraziliense.com.br\/cbradar\/esses-alimentos-podem-ajudar-a-combater-o-envelhecimento-cerebral-diz-novo-estudo\/","url":"https:\/\/www.correiobraziliense.com.br\/cbradar\/esses-alimentos-podem-ajudar-a-combater-o-envelhecimento-cerebral-diz-novo-estudo\/","name":"Esses alimentos podem ajudar a combater o envelhecimento cerebral, diz novo estudo","isPartOf":{"@id":"https:\/\/www.correiobraziliense.com.br\/cbradar\/#website"},"primaryImageOfPage":{"@id":"https:\/\/www.correiobraziliense.com.br\/cbradar\/esses-alimentos-podem-ajudar-a-combater-o-envelhecimento-cerebral-diz-novo-estudo\/#primaryimage"},"image":{"@id":"https:\/\/www.correiobraziliense.com.br\/cbradar\/esses-alimentos-podem-ajudar-a-combater-o-envelhecimento-cerebral-diz-novo-estudo\/#primaryimage"},"thumbnailUrl":"https:\/\/www.correiobraziliense.com.br\/cbradar\/wp-content\/uploads\/2025\/08\/dieta-mediterranea_1756464089726.jpg","datePublished":"2025-08-30T09:13:00+00:00","author":{"@id":"https:\/\/www.correiobraziliense.com.br\/cbradar\/#\/schema\/person\/58422787644df994b53a19d3e56c1513"},"description":"A dieta mediterr\u00e2nea e seu impacto na sa\u00fade do c\u00e9rebro: Descubra como a alimenta\u00e7\u00e3o pode proteger contra decl\u00ednio cognitivo e promover envelhecimento saud\u00e1vel.","breadcrumb":{"@id":"https:\/\/www.correiobraziliense.com.br\/cbradar\/esses-alimentos-podem-ajudar-a-combater-o-envelhecimento-cerebral-diz-novo-estudo\/#breadcrumb"},"inLanguage":"pt-BR","potentialAction":[{"@type":"ReadAction","target":["https:\/\/www.correiobraziliense.com.br\/cbradar\/esses-alimentos-podem-ajudar-a-combater-o-envelhecimento-cerebral-diz-novo-estudo\/"]}]},{"@type":"ImageObject","inLanguage":"pt-BR","@id":"https:\/\/www.correiobraziliense.com.br\/cbradar\/esses-alimentos-podem-ajudar-a-combater-o-envelhecimento-cerebral-diz-novo-estudo\/#primaryimage","url":"https:\/\/www.correiobraziliense.com.br\/cbradar\/wp-content\/uploads\/2025\/08\/dieta-mediterranea_1756464089726.jpg","contentUrl":"https:\/\/www.correiobraziliense.com.br\/cbradar\/wp-content\/uploads\/2025\/08\/dieta-mediterranea_1756464089726.jpg","width":1280,"height":720,"caption":"dieta mediterr\u00e2nea. Cr\u00e9ditos: depositphotos.com \/ MicEnin"},{"@type":"BreadcrumbList","@id":"https:\/\/www.correiobraziliense.com.br\/cbradar\/esses-alimentos-podem-ajudar-a-combater-o-envelhecimento-cerebral-diz-novo-estudo\/#breadcrumb","itemListElement":[{"@type":"ListItem","position":1,"name":"In\u00edcio","item":"https:\/\/www.correiobraziliense.com.br\/cbradar\/"},{"@type":"ListItem","position":2,"name":"Esses alimentos podem ajudar a combater o envelhecimento cerebral, diz novo estudo"}]},{"@type":"WebSite","@id":"https:\/\/www.correiobraziliense.com.br\/cbradar\/#website","url":"https:\/\/www.correiobraziliense.com.br\/cbradar\/","name":"Correio Braziliense - Radar","description":"Acompanhe as \u00faltimas not\u00edcias e fique bem informado sobre tudo o que acontece no Brasil e no mundo.","potentialAction":[{"@type":"SearchAction","target":{"@type":"EntryPoint","urlTemplate":"https:\/\/www.correiobraziliense.com.br\/cbradar\/?s={search_term_string}"},"query-input":{"@type":"PropertyValueSpecification","valueRequired":true,"valueName":"search_term_string"}}],"inLanguage":"pt-BR"},{"@type":"Person","@id":"https:\/\/www.correiobraziliense.com.br\/cbradar\/#\/schema\/person\/58422787644df994b53a19d3e56c1513","name":"Larissa Carvalho","image":{"@type":"ImageObject","inLanguage":"pt-BR","@id":"https:\/\/www.correiobraziliense.com.br\/cbradar\/#\/schema\/person\/image\/","url":"https:\/\/secure.gravatar.com\/avatar\/fe4f91a0de32b52a838d0d612abdc1aa?s=96&d=mm&r=g","contentUrl":"https:\/\/secure.gravatar.com\/avatar\/fe4f91a0de32b52a838d0d612abdc1aa?s=96&d=mm&r=g","caption":"Larissa Carvalho"},"url":"https:\/\/www.correiobraziliense.com.br\/cbradar\/author\/larissamyth\/"}]}},"_links":{"self":[{"href":"https:\/\/www.correiobraziliense.com.br\/cbradar\/wp-json\/wp\/v2\/posts\/94930","targetHints":{"allow":["GET"]}}],"collection":[{"href":"https:\/\/www.correiobraziliense.com.br\/cbradar\/wp-json\/wp\/v2\/posts"}],"about":[{"href":"https:\/\/www.correiobraziliense.com.br\/cbradar\/wp-json\/wp\/v2\/types\/post"}],"author":[{"embeddable":true,"href":"https:\/\/www.correiobraziliense.com.br\/cbradar\/wp-json\/wp\/v2\/users\/3"}],"replies":[{"embeddable":true,"href":"https:\/\/www.correiobraziliense.com.br\/cbradar\/wp-json\/wp\/v2\/comments?post=94930"}],"version-history":[{"count":2,"href":"https:\/\/www.correiobraziliense.com.br\/cbradar\/wp-json\/wp\/v2\/posts\/94930\/revisions"}],"predecessor-version":[{"id":94934,"href":"https:\/\/www.correiobraziliense.com.br\/cbradar\/wp-json\/wp\/v2\/posts\/94930\/revisions\/94934"}],"wp:featuredmedia":[{"embeddable":true,"href":"https:\/\/www.correiobraziliense.com.br\/cbradar\/wp-json\/wp\/v2\/media\/94932"}],"wp:attachment":[{"href":"https:\/\/www.correiobraziliense.com.br\/cbradar\/wp-json\/wp\/v2\/media?parent=94930"}],"wp:term":[{"taxonomy":"category","embeddable":true,"href":"https:\/\/www.correiobraziliense.com.br\/cbradar\/wp-json\/wp\/v2\/categories?post=94930"},{"taxonomy":"post_tag","embeddable":true,"href":"https:\/\/www.correiobraziliense.com.br\/cbradar\/wp-json\/wp\/v2\/tags?post=94930"}],"curies":[{"name":"wp","href":"https:\/\/api.w.org\/{rel}","templated":true}]}}