{"id":94965,"date":"2025-08-30T16:03:00","date_gmt":"2025-08-30T19:03:00","guid":{"rendered":"https:\/\/www.correiobraziliense.com.br\/cbradar\/?p=94965"},"modified":"2025-08-29T08:03:51","modified_gmt":"2025-08-29T11:03:51","slug":"planeta-anao-ceres-pode-ter-sido-adequado-para-a-vida-sugere-novo-estudo","status":"publish","type":"post","link":"https:\/\/www.correiobraziliense.com.br\/cbradar\/planeta-anao-ceres-pode-ter-sido-adequado-para-a-vida-sugere-novo-estudo\/","title":{"rendered":"Planeta an\u00e3o Ceres pode ter sido adequado para a vida, sugere novo estudo"},"content":{"rendered":"\n<p>Estudos recentes indicam que o <strong>planeta an\u00e3o Ceres<\/strong> poderia ter abrigado elementos essenciais para sustentar a vida microbiana no passado. Dados da miss\u00e3o Dawn da NASA oferecem novas perspectivas sobre a <strong>habitabilidade potencial<\/strong> de corpos gelados similares no sistema solar. Descubra o que a ci\u00eancia desvendou sobre este antigo oceano oculto.<\/p>\n\n\n\n<ul class=\"wp-block-list\">\n<li>Novo estudo sugere a presen\u00e7a de condi\u00e7\u00f5es habit\u00e1veis em Ceres.<\/li>\n\n\n\n<li>Decad\u00eancia radioativa pode ter aquecido seu interior.<\/li>\n\n\n\n<li>Sinais de ambientes habit\u00e1veis em pequenos corpos gelados do espa\u00e7o.<\/li>\n<\/ul>\n\n\n\n<h2 class=\"wp-block-heading\">O que h\u00e1 de novo sobre Ceres?<\/h2>\n\n\n\n<p>Tradicionalmente visto como um <strong>relicto congelado<\/strong> do sistema solar, Ceres surpreendeu cientistas ao revelar sinais de um passado mais din\u00e2mico. <strong>Dep\u00f3sitos de sal<\/strong> e mol\u00e9culas org\u00e2nicas em sua superf\u00edcie indicam que houve uma mudan\u00e7a dr\u00e1stica nas condi\u00e7\u00f5es do planeta ao longo do tempo.<\/p>\n\n\n\n<h2 class=\"wp-block-heading\">Como a decad\u00eancia radioativa influenciou Ceres?<\/h2>\n\n\n\n<p>Entre 2,5 e 4 bilh\u00f5es de anos atr\u00e1s, o <strong>decad\u00eancia radioativa<\/strong> no n\u00facleo rochoso de Ceres pode ter gerado calor suficiente para impulsionar atividade hidrotermal. Isso teria criado condi\u00e7\u00f5es similares aos <strong>ventos hidrotermais<\/strong> da Terra, alimentando um poss\u00edvel oceano global.<\/p>\n\n\n\n<h2 class=\"wp-block-heading\">O que isso significa para outros corpos gelados?<\/h2>\n\n\n\n<p>A habitabilidade passada de Ceres abre portas para reavaliar <strong>pequenos corpos gelados<\/strong> similares no sistema solar. Estudiosos sugerem que luas do tamanho de Ceres, como algumas ao redor de Urano e Saturno, poderiam ter evolu\u00eddo de maneira semelhante. Pesquisas recentes tamb\u00e9m destacam que Europa, lua de J\u00fapiter, mostra caracter\u00edsticas geol\u00f3gicas e de composi\u00e7\u00e3o que podem ser comparadas a Ceres.<\/p>\n\n\n\n<figure class=\"wp-block-image size-large\"><img decoding=\"async\" width=\"1024\" height=\"576\" src=\"https:\/\/www.correiobraziliense.com.br\/cbradar\/wp-content\/uploads\/2025\/08\/Ceres_1756465391788-1024x576.jpg\" alt=\"Planeta an\u00e3o Ceres pode ter sido adequado para a vida, sugere novo estudo\" class=\"wp-image-94968\" srcset=\"https:\/\/www.correiobraziliense.com.br\/cbradar\/wp-content\/uploads\/2025\/08\/Ceres_1756465391788-1024x576.jpg 1024w, https:\/\/www.correiobraziliense.com.br\/cbradar\/wp-content\/uploads\/2025\/08\/Ceres_1756465391788-300x169.jpg 300w, https:\/\/www.correiobraziliense.com.br\/cbradar\/wp-content\/uploads\/2025\/08\/Ceres_1756465391788-768x432.jpg 768w, https:\/\/www.correiobraziliense.com.br\/cbradar\/wp-content\/uploads\/2025\/08\/Ceres_1756465391788-750x422.jpg 750w, https:\/\/www.correiobraziliense.com.br\/cbradar\/wp-content\/uploads\/2025\/08\/Ceres_1756465391788-1140x642.jpg 1140w, https:\/\/www.correiobraziliense.com.br\/cbradar\/wp-content\/uploads\/2025\/08\/Ceres_1756465391788.jpg 1279w\" sizes=\"(max-width: 1024px) 100vw, 1024px\" \/><figcaption class=\"wp-element-caption\">Ceres. Cr\u00e9ditos: depositphotos.com \/ Elenarts<\/figcaption><\/figure>\n\n\n\n<p>Leia tamb\u00e9m: <em><a href=\"https:\/\/www.correiobraziliense.com.br\/cbradar\/planeta-y-sinais-de-um-mundo-escondido-em-nosso-sistema-solar\/\" target=\"_blank\" rel=\"noreferrer noopener\">Planeta Y: sinais de um mundo escondido em nosso Sistema Solar<\/a><\/em><\/p>\n\n\n\n<h2 class=\"wp-block-heading\">Perspectivas futuras de pesquisa<\/h2>\n\n\n\n<p>Mesmo que a vida nunca tenha se desenvolvido em Ceres, o estudo amplia o campo de pesquisa sobre ambientes habit\u00e1veis no passado. Pequenos corpos como Ceres oferecem uma <strong>janela \u00fanica<\/strong> para entender a evolu\u00e7\u00e3o dos oceanos tempor\u00e1rios que poderiam suportar vida antes de congelarem. Pesquisadores agora consideram futuras miss\u00f5es que possam perfurar sua superf\u00edcie em busca de vest\u00edgios de um oceano subsuperficial, ou at\u00e9 mesmo examinar poss\u00edveis emiss\u00f5es de vapor para identificar atividade geol\u00f3gica recente.<\/p>\n\n\n\n<p><strong>Aten\u00e7\u00e3o:<\/strong> Estudos futuros s\u00e3o essenciais para determinar se fluidos hidrotermais realmente influenciaram o <strong>oceano oculto<\/strong> de Ceres.<\/p>\n\n\n\n<h2 class=\"wp-block-heading\">Aprendizados essenciais sobre Ceres<\/h2>\n\n\n\n<ul class=\"wp-block-list\">\n<li><strong>Decad\u00eancia radioativa<\/strong> pode ter gerado calor suficiente para vida microbiana.<\/li>\n\n\n\n<li>A evolu\u00e7\u00e3o de <strong>corpos gelados<\/strong> pequenos mostra caminhos diferentes de habitabilidade.<\/li>\n\n\n\n<li>Ceres serve como modelo para estudar <strong>ambientes habit\u00e1veis<\/strong> no passado do sistema solar.<\/li>\n<\/ul>\n","protected":false},"excerpt":{"rendered":"<p>Estudos revelam que o planeta an\u00e3o Ceres poderia ter abrigado vida microbiana. Descubra como a decad\u00eancia radioativa influenciou seu passado.<\/p>\n","protected":false},"author":3,"featured_media":94967,"comment_status":"open","ping_status":"open","sticky":false,"template":"","format":"standard","meta":{"_yoast_wpseo_focuskw":"planeta an\u00e3o vida","_yoast_wpseo_title":"%%title%%","_yoast_wpseo_metadesc":"Estudos revelam que o planeta an\u00e3o Ceres poderia ter abrigado vida microbiana. Descubra como a decad\u00eancia radioativa influenciou seu passado.","jnews-multi-image_gallery":[],"jnews_single_post":{"format":"standard"},"jnews_primary_category":[],"jnews_social_meta":[],"jnews_override_counter":[],"footnotes":""},"categories":[112],"tags":[179,736,144],"class_list":["post-94965","post","type-post","status-publish","format-standard","has-post-thumbnail","hentry","category-curiosidades","tag-astronomia","tag-ciencia","tag-curiosidades"],"yoast_head":"<!-- This site is optimized with the Yoast SEO plugin v24.6 - https:\/\/yoast.com\/wordpress\/plugins\/seo\/ -->\n<title>Planeta an\u00e3o Ceres pode ter sido adequado para a vida, sugere novo estudo<\/title>\n<meta name=\"description\" content=\"Estudos revelam que o planeta an\u00e3o Ceres poderia ter abrigado vida microbiana. Descubra como a decad\u00eancia radioativa influenciou seu passado.\" \/>\n<meta name=\"robots\" content=\"index, follow, max-snippet:-1, max-image-preview:large, max-video-preview:-1\" \/>\n<link rel=\"canonical\" href=\"https:\/\/www.correiobraziliense.com.br\/cbradar\/planeta-anao-ceres-pode-ter-sido-adequado-para-a-vida-sugere-novo-estudo\/\" \/>\n<meta property=\"og:locale\" content=\"pt_BR\" \/>\n<meta property=\"og:type\" content=\"article\" \/>\n<meta property=\"og:title\" content=\"Planeta an\u00e3o Ceres pode ter sido adequado para a vida, sugere novo estudo\" \/>\n<meta property=\"og:description\" content=\"Estudos revelam que o planeta an\u00e3o Ceres poderia ter abrigado vida microbiana. Descubra como a decad\u00eancia radioativa influenciou seu passado.\" \/>\n<meta property=\"og:url\" content=\"https:\/\/www.correiobraziliense.com.br\/cbradar\/planeta-anao-ceres-pode-ter-sido-adequado-para-a-vida-sugere-novo-estudo\/\" \/>\n<meta property=\"og:site_name\" content=\"Correio Braziliense - Radar\" \/>\n<meta property=\"article:published_time\" content=\"2025-08-30T19:03:00+00:00\" \/>\n<meta property=\"og:image\" content=\"https:\/\/www.correiobraziliense.com.br\/cbradar\/wp-content\/uploads\/2025\/08\/Ceres_1756465331798.jpg\" \/>\n\t<meta property=\"og:image:width\" content=\"1280\" \/>\n\t<meta property=\"og:image:height\" content=\"720\" \/>\n\t<meta property=\"og:image:type\" content=\"image\/jpeg\" \/>\n<meta name=\"author\" content=\"Larissa Carvalho\" \/>\n<meta name=\"twitter:card\" content=\"summary_large_image\" \/>\n<meta name=\"twitter:label1\" content=\"Escrito por\" \/>\n\t<meta name=\"twitter:data1\" content=\"Larissa Carvalho\" \/>\n\t<meta name=\"twitter:label2\" content=\"Est. tempo de leitura\" \/>\n\t<meta name=\"twitter:data2\" content=\"3 minutos\" \/>\n<!-- \/ Yoast SEO plugin. -->","yoast_head_json":{"title":"Planeta an\u00e3o Ceres pode ter sido adequado para a vida, sugere novo estudo","description":"Estudos revelam que o planeta an\u00e3o Ceres poderia ter abrigado vida microbiana. Descubra como a decad\u00eancia radioativa influenciou seu passado.","robots":{"index":"index","follow":"follow","max-snippet":"max-snippet:-1","max-image-preview":"max-image-preview:large","max-video-preview":"max-video-preview:-1"},"canonical":"https:\/\/www.correiobraziliense.com.br\/cbradar\/planeta-anao-ceres-pode-ter-sido-adequado-para-a-vida-sugere-novo-estudo\/","og_locale":"pt_BR","og_type":"article","og_title":"Planeta an\u00e3o Ceres pode ter sido adequado para a vida, sugere novo estudo","og_description":"Estudos revelam que o planeta an\u00e3o Ceres poderia ter abrigado vida microbiana. Descubra como a decad\u00eancia radioativa influenciou seu passado.","og_url":"https:\/\/www.correiobraziliense.com.br\/cbradar\/planeta-anao-ceres-pode-ter-sido-adequado-para-a-vida-sugere-novo-estudo\/","og_site_name":"Correio Braziliense - Radar","article_published_time":"2025-08-30T19:03:00+00:00","og_image":[{"width":1280,"height":720,"url":"https:\/\/www.correiobraziliense.com.br\/cbradar\/wp-content\/uploads\/2025\/08\/Ceres_1756465331798.jpg","type":"image\/jpeg"}],"author":"Larissa Carvalho","twitter_card":"summary_large_image","twitter_misc":{"Escrito por":"Larissa Carvalho","Est. tempo de leitura":"3 minutos"},"schema":{"@context":"https:\/\/schema.org","@graph":[{"@type":"WebPage","@id":"https:\/\/www.correiobraziliense.com.br\/cbradar\/planeta-anao-ceres-pode-ter-sido-adequado-para-a-vida-sugere-novo-estudo\/","url":"https:\/\/www.correiobraziliense.com.br\/cbradar\/planeta-anao-ceres-pode-ter-sido-adequado-para-a-vida-sugere-novo-estudo\/","name":"Planeta an\u00e3o Ceres pode ter sido adequado para a vida, sugere novo estudo","isPartOf":{"@id":"https:\/\/www.correiobraziliense.com.br\/cbradar\/#website"},"primaryImageOfPage":{"@id":"https:\/\/www.correiobraziliense.com.br\/cbradar\/planeta-anao-ceres-pode-ter-sido-adequado-para-a-vida-sugere-novo-estudo\/#primaryimage"},"image":{"@id":"https:\/\/www.correiobraziliense.com.br\/cbradar\/planeta-anao-ceres-pode-ter-sido-adequado-para-a-vida-sugere-novo-estudo\/#primaryimage"},"thumbnailUrl":"https:\/\/www.correiobraziliense.com.br\/cbradar\/wp-content\/uploads\/2025\/08\/Ceres_1756465331798.jpg","datePublished":"2025-08-30T19:03:00+00:00","author":{"@id":"https:\/\/www.correiobraziliense.com.br\/cbradar\/#\/schema\/person\/58422787644df994b53a19d3e56c1513"},"description":"Estudos revelam que o planeta an\u00e3o Ceres poderia ter abrigado vida microbiana. Descubra como a decad\u00eancia radioativa influenciou seu passado.","breadcrumb":{"@id":"https:\/\/www.correiobraziliense.com.br\/cbradar\/planeta-anao-ceres-pode-ter-sido-adequado-para-a-vida-sugere-novo-estudo\/#breadcrumb"},"inLanguage":"pt-BR","potentialAction":[{"@type":"ReadAction","target":["https:\/\/www.correiobraziliense.com.br\/cbradar\/planeta-anao-ceres-pode-ter-sido-adequado-para-a-vida-sugere-novo-estudo\/"]}]},{"@type":"ImageObject","inLanguage":"pt-BR","@id":"https:\/\/www.correiobraziliense.com.br\/cbradar\/planeta-anao-ceres-pode-ter-sido-adequado-para-a-vida-sugere-novo-estudo\/#primaryimage","url":"https:\/\/www.correiobraziliense.com.br\/cbradar\/wp-content\/uploads\/2025\/08\/Ceres_1756465331798.jpg","contentUrl":"https:\/\/www.correiobraziliense.com.br\/cbradar\/wp-content\/uploads\/2025\/08\/Ceres_1756465331798.jpg","width":1280,"height":720,"caption":"Ceres. Cr\u00e9ditos: depositphotos.com \/ annlarich"},{"@type":"BreadcrumbList","@id":"https:\/\/www.correiobraziliense.com.br\/cbradar\/planeta-anao-ceres-pode-ter-sido-adequado-para-a-vida-sugere-novo-estudo\/#breadcrumb","itemListElement":[{"@type":"ListItem","position":1,"name":"In\u00edcio","item":"https:\/\/www.correiobraziliense.com.br\/cbradar\/"},{"@type":"ListItem","position":2,"name":"Planeta an\u00e3o Ceres pode ter sido adequado para a vida, sugere novo estudo"}]},{"@type":"WebSite","@id":"https:\/\/www.correiobraziliense.com.br\/cbradar\/#website","url":"https:\/\/www.correiobraziliense.com.br\/cbradar\/","name":"Correio Braziliense - Radar","description":"Acompanhe as \u00faltimas not\u00edcias e fique bem informado sobre tudo o que acontece no Brasil e no mundo.","potentialAction":[{"@type":"SearchAction","target":{"@type":"EntryPoint","urlTemplate":"https:\/\/www.correiobraziliense.com.br\/cbradar\/?s={search_term_string}"},"query-input":{"@type":"PropertyValueSpecification","valueRequired":true,"valueName":"search_term_string"}}],"inLanguage":"pt-BR"},{"@type":"Person","@id":"https:\/\/www.correiobraziliense.com.br\/cbradar\/#\/schema\/person\/58422787644df994b53a19d3e56c1513","name":"Larissa Carvalho","image":{"@type":"ImageObject","inLanguage":"pt-BR","@id":"https:\/\/www.correiobraziliense.com.br\/cbradar\/#\/schema\/person\/image\/","url":"https:\/\/secure.gravatar.com\/avatar\/fe4f91a0de32b52a838d0d612abdc1aa?s=96&d=mm&r=g","contentUrl":"https:\/\/secure.gravatar.com\/avatar\/fe4f91a0de32b52a838d0d612abdc1aa?s=96&d=mm&r=g","caption":"Larissa Carvalho"},"url":"https:\/\/www.correiobraziliense.com.br\/cbradar\/author\/larissamyth\/"}]}},"_links":{"self":[{"href":"https:\/\/www.correiobraziliense.com.br\/cbradar\/wp-json\/wp\/v2\/posts\/94965","targetHints":{"allow":["GET"]}}],"collection":[{"href":"https:\/\/www.correiobraziliense.com.br\/cbradar\/wp-json\/wp\/v2\/posts"}],"about":[{"href":"https:\/\/www.correiobraziliense.com.br\/cbradar\/wp-json\/wp\/v2\/types\/post"}],"author":[{"embeddable":true,"href":"https:\/\/www.correiobraziliense.com.br\/cbradar\/wp-json\/wp\/v2\/users\/3"}],"replies":[{"embeddable":true,"href":"https:\/\/www.correiobraziliense.com.br\/cbradar\/wp-json\/wp\/v2\/comments?post=94965"}],"version-history":[{"count":2,"href":"https:\/\/www.correiobraziliense.com.br\/cbradar\/wp-json\/wp\/v2\/posts\/94965\/revisions"}],"predecessor-version":[{"id":94969,"href":"https:\/\/www.correiobraziliense.com.br\/cbradar\/wp-json\/wp\/v2\/posts\/94965\/revisions\/94969"}],"wp:featuredmedia":[{"embeddable":true,"href":"https:\/\/www.correiobraziliense.com.br\/cbradar\/wp-json\/wp\/v2\/media\/94967"}],"wp:attachment":[{"href":"https:\/\/www.correiobraziliense.com.br\/cbradar\/wp-json\/wp\/v2\/media?parent=94965"}],"wp:term":[{"taxonomy":"category","embeddable":true,"href":"https:\/\/www.correiobraziliense.com.br\/cbradar\/wp-json\/wp\/v2\/categories?post=94965"},{"taxonomy":"post_tag","embeddable":true,"href":"https:\/\/www.correiobraziliense.com.br\/cbradar\/wp-json\/wp\/v2\/tags?post=94965"}],"curies":[{"name":"wp","href":"https:\/\/api.w.org\/{rel}","templated":true}]}}