{"id":9517,"date":"2025-03-07T07:30:00","date_gmt":"2025-03-07T10:30:00","guid":{"rendered":"https:\/\/www.correiobraziliense.com.br\/cbradar\/?p=9517"},"modified":"2025-03-07T05:45:08","modified_gmt":"2025-03-07T08:45:08","slug":"conheca-a-cidade-em-que-todos-moram-no-mesmo-predio","status":"publish","type":"post","link":"https:\/\/www.correiobraziliense.com.br\/cbradar\/conheca-a-cidade-em-que-todos-moram-no-mesmo-predio\/","title":{"rendered":"Conhe\u00e7a a cidade em que todos moram no mesmo pr\u00e9dio"},"content":{"rendered":"\n<p>Parece coisa de filme, mas essa cidade existe. <strong>Whittier<\/strong>, no <strong>Alasca<\/strong>, \u00e9 um dos lugares mais peculiares dos <strong>Estados Unidos<\/strong>. L\u00e1, quase <strong>todos os moradores vivem dentro do mesmo pr\u00e9dio<\/strong>, que abriga n\u00e3o apenas apartamentos, mas tamb\u00e9m lojas, correios, escola e at\u00e9 uma igreja.<\/p>\n\n\n\n<p>Esse modelo incomum surgiu por necessidade: o clima extremo e o isolamento geogr\u00e1fico da regi\u00e3o tornaram mais pr\u00e1tico concentrar toda a infraestrutura em um s\u00f3 lugar. Mas como \u00e9 a vida em uma cidade onde praticamente tudo acontece sob o mesmo teto?<\/p>\n\n\n\n<h2 class=\"wp-block-heading\"><strong>Como Whittier se tornou uma cidade-pr\u00e9dio?<\/strong><\/h2>\n\n\n\n<p>Whittier foi constru\u00edda na d\u00e9cada de 1940 pelo ex\u00e9rcito dos Estados Unidos, durante a Segunda Guerra Mundial. Seu objetivo era ser uma base militar secreta e de dif\u00edcil acesso, j\u00e1 que a cidade fica cercada por montanhas e o \u00fanico caminho terrestre \u00e9 um t\u00fanel estreito que fecha \u00e0 noite.<\/p>\n\n\n\n<p>Com o tempo, a base militar foi desativada, e a cidade passou a ser ocupada por civis. Como o clima no Alasca \u00e9 extremamente rigoroso, com invernos congelantes e fortes nevascas, a solu\u00e7\u00e3o foi transformar um grande edif\u00edcio em uma minicidade onde os habitantes pudessem viver sem precisar sair ao ar livre com frequ\u00eancia.<\/p>\n\n\n\n<p>O pr\u00e9dio principal de Whittier se chama <strong>Begich Towers<\/strong> e abriga quase toda a popula\u00e7\u00e3o da cidade, que tem cerca de 270 habitantes. Dentro do edif\u00edcio, al\u00e9m dos apartamentos, h\u00e1 um supermercado, posto de correios, escola, consult\u00f3rio m\u00e9dico, delegacia e at\u00e9 uma pequena igreja.<\/p>\n\n\n\n<figure class=\"wp-block-image size-large\"><img decoding=\"async\" width=\"1024\" height=\"576\" src=\"https:\/\/www.correiobraziliense.com.br\/cbradar\/wp-content\/uploads\/2025\/03\/Alasca_1741279514130-1024x576.jpg\" alt=\"Conhe\u00e7a a cidade em que todos moram no mesmo pr\u00e9dio\" class=\"wp-image-9585\" srcset=\"https:\/\/www.correiobraziliense.com.br\/cbradar\/wp-content\/uploads\/2025\/03\/Alasca_1741279514130-1024x576.jpg 1024w, https:\/\/www.correiobraziliense.com.br\/cbradar\/wp-content\/uploads\/2025\/03\/Alasca_1741279514130-300x169.jpg 300w, https:\/\/www.correiobraziliense.com.br\/cbradar\/wp-content\/uploads\/2025\/03\/Alasca_1741279514130-768x432.jpg 768w, https:\/\/www.correiobraziliense.com.br\/cbradar\/wp-content\/uploads\/2025\/03\/Alasca_1741279514130-750x422.jpg 750w, https:\/\/www.correiobraziliense.com.br\/cbradar\/wp-content\/uploads\/2025\/03\/Alasca_1741279514130-1140x641.jpg 1140w, https:\/\/www.correiobraziliense.com.br\/cbradar\/wp-content\/uploads\/2025\/03\/Alasca_1741279514130.jpg 1280w\" sizes=\"(max-width: 1024px) 100vw, 1024px\" \/><figcaption class=\"wp-element-caption\">Alasca. Cr\u00e9ditos: depositphotos.com \/ mcornelius<\/figcaption><\/figure>\n\n\n\n<h2 class=\"wp-block-heading\"><strong>Como \u00e9 a vida em um pr\u00e9dio-cidade?<\/strong><\/h2>\n\n\n\n<p>Morar em Whittier significa fazer tudo sem precisar sair do mesmo edif\u00edcio. As crian\u00e7as v\u00e3o para a escola sem precisar enfrentar o frio, os vizinhos se conhecem pelo nome e praticamente tudo o que algu\u00e9m precisa est\u00e1 dispon\u00edvel dentro do pr\u00e9dio.<\/p>\n\n\n\n<p>No entanto, isso tamb\u00e9m significa viver em um ambiente onde a privacidade \u00e9 m\u00ednima. Todos sabem da vida de todos, e h\u00e1 pouca separa\u00e7\u00e3o entre espa\u00e7os p\u00fablicos e privados.<\/p>\n\n\n\n<p>Os moradores podem sair para explorar a natureza ao redor, mas no inverno, quando a neve toma conta da paisagem, muitas pessoas passam dias ou at\u00e9 semanas sem sair do pr\u00e9dio. Quem precisa viajar tem que atravessar o <strong>Anton Anderson Memorial Tunnel<\/strong>, um t\u00fanel de mais de 4 km que \u00e9 a \u00fanica conex\u00e3o da cidade com o resto do mundo e que s\u00f3 abre em hor\u00e1rios espec\u00edficos.<\/p>\n\n\n\n<h3 class=\"wp-block-heading\"><strong>Curiosidades sobre Whittier<\/strong><\/h3>\n\n\n\n<ul class=\"wp-block-list\">\n<li><strong>A cidade inteira cabe em um pr\u00e9dio<\/strong> \u2013 Quase todos os moradores vivem no Begich Towers, que funciona como um condom\u00ednio gigante.<\/li>\n\n\n\n<li><strong>O t\u00fanel que fecha \u00e0 noite<\/strong> \u2013 A \u00fanica estrada que leva a Whittier passa por um t\u00fanel que s\u00f3 abre em hor\u00e1rios controlados e fecha completamente \u00e0 noite.<\/li>\n\n\n\n<li><strong>Neve por quase todo o ano<\/strong> \u2013 O clima extremo do Alasca faz com que a cidade passe grande parte do ano coberta de neve e gelo.<\/li>\n\n\n\n<li><strong>Turismo no ver\u00e3o<\/strong> \u2013 Apesar do isolamento, Whittier recebe turistas durante o ver\u00e3o, quando navios de cruzeiro param na regi\u00e3o.<\/li>\n\n\n\n<li><strong>Um dos lugares mais isolados dos EUA<\/strong> \u2013 A cidade foi constru\u00edda para ser uma base secreta, e at\u00e9 hoje mant\u00e9m uma atmosfera de mist\u00e9rio.<\/li>\n<\/ul>\n\n\n\n<h2 class=\"wp-block-heading\"><strong>Uma cidade-pr\u00e9dio pode ser o futuro?<\/strong><\/h2>\n\n\n\n<p>Whittier pode parecer um caso \u00fanico, mas o conceito de cidades compactas e verticais vem ganhando espa\u00e7o ao redor do mundo. Em lugares com condi\u00e7\u00f5es clim\u00e1ticas extremas ou limita\u00e7\u00e3o de espa\u00e7o, a ideia de concentrar toda a infraestrutura em um s\u00f3 local pode se tornar uma solu\u00e7\u00e3o vi\u00e1vel.<\/p>\n\n\n\n<p>Embora viver em um pr\u00e9dio-cidade possa parecer sufocante para alguns, para os moradores de Whittier, essa \u00e9 apenas a rotina normal. O que para muitos seria impens\u00e1vel, para eles \u00e9 simplesmente o jeito mais pr\u00e1tico de viver.<\/p>\n","protected":false},"excerpt":{"rendered":"<p>Existe uma cidade onde quase todos os moradores vivem dentro de um \u00fanico pr\u00e9dio, que funciona como um condom\u00ednio gigante.<\/p>\n","protected":false},"author":3,"featured_media":9584,"comment_status":"open","ping_status":"open","sticky":false,"template":"","format":"standard","meta":{"_yoast_wpseo_focuskw":"cidade mesmo pr\u00e9dio","_yoast_wpseo_title":"%%title%%","_yoast_wpseo_metadesc":"Existe uma cidade onde quase todos os moradores vivem dentro de um \u00fanico pr\u00e9dio, que funciona como um condom\u00ednio gigante.","jnews-multi-image_gallery":[],"jnews_single_post":{"format":"standard"},"jnews_primary_category":[],"jnews_social_meta":[],"jnews_override_counter":[],"footnotes":""},"categories":[108],"post_tag":[109],"class_list":["post-9517","post","type-post","status-publish","format-standard","has-post-thumbnail","hentry","category-cidades","tag-cidades"],"yoast_head":"<!-- This site is optimized with the Yoast SEO plugin v24.6 - https:\/\/yoast.com\/wordpress\/plugins\/seo\/ -->\n<title>Conhe\u00e7a a cidade em que todos moram no mesmo pr\u00e9dio<\/title>\n<meta name=\"description\" content=\"Existe uma cidade onde quase todos os moradores vivem dentro de um \u00fanico pr\u00e9dio, que funciona como um condom\u00ednio gigante.\" \/>\n<meta name=\"robots\" content=\"index, follow, max-snippet:-1, max-image-preview:large, max-video-preview:-1\" \/>\n<link rel=\"canonical\" href=\"https:\/\/www.correiobraziliense.com.br\/cbradar\/conheca-a-cidade-em-que-todos-moram-no-mesmo-predio\/\" \/>\n<meta property=\"og:locale\" content=\"pt_BR\" \/>\n<meta property=\"og:type\" content=\"article\" \/>\n<meta property=\"og:title\" content=\"Conhe\u00e7a a cidade em que todos moram no mesmo pr\u00e9dio\" \/>\n<meta property=\"og:description\" content=\"Existe uma cidade onde quase todos os moradores vivem dentro de um \u00fanico pr\u00e9dio, que funciona como um condom\u00ednio gigante.\" \/>\n<meta property=\"og:url\" content=\"https:\/\/www.correiobraziliense.com.br\/cbradar\/conheca-a-cidade-em-que-todos-moram-no-mesmo-predio\/\" \/>\n<meta property=\"og:site_name\" content=\"Correio Braziliense - Radar\" \/>\n<meta property=\"article:published_time\" content=\"2025-03-07T10:30:00+00:00\" \/>\n<meta property=\"og:image\" content=\"https:\/\/www.correiobraziliense.com.br\/cbradar\/wp-content\/uploads\/2025\/03\/Alasca_1741279461787.jpg\" \/>\n\t<meta property=\"og:image:width\" content=\"1280\" \/>\n\t<meta property=\"og:image:height\" content=\"720\" \/>\n\t<meta property=\"og:image:type\" content=\"image\/jpeg\" \/>\n<meta name=\"author\" content=\"Larissa Carvalho\" \/>\n<meta name=\"twitter:card\" content=\"summary_large_image\" \/>\n<meta name=\"twitter:label1\" content=\"Escrito por\" \/>\n\t<meta name=\"twitter:data1\" content=\"Larissa Carvalho\" \/>\n\t<meta name=\"twitter:label2\" content=\"Est. tempo de leitura\" \/>\n\t<meta name=\"twitter:data2\" content=\"4 minutos\" \/>\n<!-- \/ Yoast SEO plugin. -->","yoast_head_json":{"title":"Conhe\u00e7a a cidade em que todos moram no mesmo pr\u00e9dio","description":"Existe uma cidade onde quase todos os moradores vivem dentro de um \u00fanico pr\u00e9dio, que funciona como um condom\u00ednio gigante.","robots":{"index":"index","follow":"follow","max-snippet":"max-snippet:-1","max-image-preview":"max-image-preview:large","max-video-preview":"max-video-preview:-1"},"canonical":"https:\/\/www.correiobraziliense.com.br\/cbradar\/conheca-a-cidade-em-que-todos-moram-no-mesmo-predio\/","og_locale":"pt_BR","og_type":"article","og_title":"Conhe\u00e7a a cidade em que todos moram no mesmo pr\u00e9dio","og_description":"Existe uma cidade onde quase todos os moradores vivem dentro de um \u00fanico pr\u00e9dio, que funciona como um condom\u00ednio gigante.","og_url":"https:\/\/www.correiobraziliense.com.br\/cbradar\/conheca-a-cidade-em-que-todos-moram-no-mesmo-predio\/","og_site_name":"Correio Braziliense - Radar","article_published_time":"2025-03-07T10:30:00+00:00","og_image":[{"width":1280,"height":720,"url":"https:\/\/www.correiobraziliense.com.br\/cbradar\/wp-content\/uploads\/2025\/03\/Alasca_1741279461787.jpg","type":"image\/jpeg"}],"author":"Larissa Carvalho","twitter_card":"summary_large_image","twitter_misc":{"Escrito por":"Larissa Carvalho","Est. tempo de leitura":"4 minutos"},"schema":{"@context":"https:\/\/schema.org","@graph":[{"@type":"WebPage","@id":"https:\/\/www.correiobraziliense.com.br\/cbradar\/conheca-a-cidade-em-que-todos-moram-no-mesmo-predio\/","url":"https:\/\/www.correiobraziliense.com.br\/cbradar\/conheca-a-cidade-em-que-todos-moram-no-mesmo-predio\/","name":"Conhe\u00e7a a cidade em que todos moram no mesmo pr\u00e9dio","isPartOf":{"@id":"https:\/\/www.correiobraziliense.com.br\/cbradar\/#website"},"primaryImageOfPage":{"@id":"https:\/\/www.correiobraziliense.com.br\/cbradar\/conheca-a-cidade-em-que-todos-moram-no-mesmo-predio\/#primaryimage"},"image":{"@id":"https:\/\/www.correiobraziliense.com.br\/cbradar\/conheca-a-cidade-em-que-todos-moram-no-mesmo-predio\/#primaryimage"},"thumbnailUrl":"https:\/\/www.correiobraziliense.com.br\/cbradar\/wp-content\/uploads\/2025\/03\/Alasca_1741279461787.jpg","datePublished":"2025-03-07T10:30:00+00:00","author":{"@id":"https:\/\/www.correiobraziliense.com.br\/cbradar\/#\/schema\/person\/58422787644df994b53a19d3e56c1513"},"description":"Existe uma cidade onde quase todos os moradores vivem dentro de um \u00fanico pr\u00e9dio, que funciona como um condom\u00ednio gigante.","breadcrumb":{"@id":"https:\/\/www.correiobraziliense.com.br\/cbradar\/conheca-a-cidade-em-que-todos-moram-no-mesmo-predio\/#breadcrumb"},"inLanguage":"pt-BR","potentialAction":[{"@type":"ReadAction","target":["https:\/\/www.correiobraziliense.com.br\/cbradar\/conheca-a-cidade-em-que-todos-moram-no-mesmo-predio\/"]}]},{"@type":"ImageObject","inLanguage":"pt-BR","@id":"https:\/\/www.correiobraziliense.com.br\/cbradar\/conheca-a-cidade-em-que-todos-moram-no-mesmo-predio\/#primaryimage","url":"https:\/\/www.correiobraziliense.com.br\/cbradar\/wp-content\/uploads\/2025\/03\/Alasca_1741279461787.jpg","contentUrl":"https:\/\/www.correiobraziliense.com.br\/cbradar\/wp-content\/uploads\/2025\/03\/Alasca_1741279461787.jpg","width":1280,"height":720,"caption":"Alasca. Cr\u00e9ditos: depositphotos.com \/ lhboucault"},{"@type":"BreadcrumbList","@id":"https:\/\/www.correiobraziliense.com.br\/cbradar\/conheca-a-cidade-em-que-todos-moram-no-mesmo-predio\/#breadcrumb","itemListElement":[{"@type":"ListItem","position":1,"name":"In\u00edcio","item":"https:\/\/www.correiobraziliense.com.br\/cbradar\/"},{"@type":"ListItem","position":2,"name":"Conhe\u00e7a a cidade em que todos moram no mesmo pr\u00e9dio"}]},{"@type":"WebSite","@id":"https:\/\/www.correiobraziliense.com.br\/cbradar\/#website","url":"https:\/\/www.correiobraziliense.com.br\/cbradar\/","name":"Correio Braziliense - Radar","description":"Acompanhe as \u00faltimas not\u00edcias e fique bem informado sobre tudo o que acontece no Brasil e no mundo.","potentialAction":[{"@type":"SearchAction","target":{"@type":"EntryPoint","urlTemplate":"https:\/\/www.correiobraziliense.com.br\/cbradar\/?s={search_term_string}"},"query-input":{"@type":"PropertyValueSpecification","valueRequired":true,"valueName":"search_term_string"}}],"inLanguage":"pt-BR"},{"@type":"Person","@id":"https:\/\/www.correiobraziliense.com.br\/cbradar\/#\/schema\/person\/58422787644df994b53a19d3e56c1513","name":"Larissa Carvalho","image":{"@type":"ImageObject","inLanguage":"pt-BR","@id":"https:\/\/www.correiobraziliense.com.br\/cbradar\/#\/schema\/person\/image\/","url":"https:\/\/secure.gravatar.com\/avatar\/fe4f91a0de32b52a838d0d612abdc1aa?s=96&d=mm&r=g","contentUrl":"https:\/\/secure.gravatar.com\/avatar\/fe4f91a0de32b52a838d0d612abdc1aa?s=96&d=mm&r=g","caption":"Larissa Carvalho"},"url":"https:\/\/www.correiobraziliense.com.br\/cbradar\/author\/larissamyth\/"}]}},"_links":{"self":[{"href":"https:\/\/www.correiobraziliense.com.br\/cbradar\/wp-json\/wp\/v2\/posts\/9517","targetHints":{"allow":["GET"]}}],"collection":[{"href":"https:\/\/www.correiobraziliense.com.br\/cbradar\/wp-json\/wp\/v2\/posts"}],"about":[{"href":"https:\/\/www.correiobraziliense.com.br\/cbradar\/wp-json\/wp\/v2\/types\/post"}],"author":[{"embeddable":true,"href":"https:\/\/www.correiobraziliense.com.br\/cbradar\/wp-json\/wp\/v2\/users\/3"}],"replies":[{"embeddable":true,"href":"https:\/\/www.correiobraziliense.com.br\/cbradar\/wp-json\/wp\/v2\/comments?post=9517"}],"version-history":[{"count":1,"href":"https:\/\/www.correiobraziliense.com.br\/cbradar\/wp-json\/wp\/v2\/posts\/9517\/revisions"}],"predecessor-version":[{"id":9586,"href":"https:\/\/www.correiobraziliense.com.br\/cbradar\/wp-json\/wp\/v2\/posts\/9517\/revisions\/9586"}],"wp:featuredmedia":[{"embeddable":true,"href":"https:\/\/www.correiobraziliense.com.br\/cbradar\/wp-json\/wp\/v2\/media\/9584"}],"wp:attachment":[{"href":"https:\/\/www.correiobraziliense.com.br\/cbradar\/wp-json\/wp\/v2\/media?parent=9517"}],"wp:term":[{"taxonomy":"category","embeddable":true,"href":"https:\/\/www.correiobraziliense.com.br\/cbradar\/wp-json\/wp\/v2\/categories?post=9517"},{"taxonomy":"post_tag","embeddable":true,"href":"https:\/\/www.correiobraziliense.com.br\/cbradar\/wp-json\/wp\/v2\/post_tag?post=9517"}],"curies":[{"name":"wp","href":"https:\/\/api.w.org\/{rel}","templated":true}]}}