{"id":9522,"date":"2025-03-07T10:30:00","date_gmt":"2025-03-07T13:30:00","guid":{"rendered":"https:\/\/www.correiobraziliense.com.br\/cbradar\/?p=9522"},"modified":"2025-03-07T06:45:27","modified_gmt":"2025-03-07T09:45:27","slug":"se-voce-gostou-de-dexter-estas-comedias-dramaticas-sombrias-sao-imperdiveis","status":"publish","type":"post","link":"https:\/\/www.correiobraziliense.com.br\/cbradar\/se-voce-gostou-de-dexter-estas-comedias-dramaticas-sombrias-sao-imperdiveis\/","title":{"rendered":"Se voc\u00ea gostou de Dexter, estas com\u00e9dias dram\u00e1ticas sombrias s\u00e3o imperd\u00edveis"},"content":{"rendered":"\n<p>Desde sua estreia,&nbsp;<strong>Dexter<\/strong>&nbsp;conquistou o p\u00fablico com sua narrativa envolvente e seu protagonista moralmente amb\u00edguo. A s\u00e9rie, centrada em um serial killer que justifica seus atos, destacou-se no g\u00eanero de dramas criminais. Com o tempo, Dexter expandiu-se em uma franquia com v\u00e1rias s\u00e9ries derivadas, cada uma trazendo novas perspectivas para a hist\u00f3ria original. Enquanto os f\u00e3s aguardam ansiosamente por novas adi\u00e7\u00f5es \u00e0 saga, existem outras s\u00e9ries que compartilham temas e elementos semelhantes, atraindo aqueles que apreciaram a complexidade de Dexter.<\/p>\n\n\n\n<p>Essas s\u00e9ries oferecem uma combina\u00e7\u00e3o de suspense, drama e personagens anti-her\u00f3is, proporcionando uma experi\u00eancia similar \u00e0 narrativa do serial killer. Este artigo explora algumas dessas s\u00e9ries, destacando como elas capturam o humor sombrio, a tens\u00e3o investigativa e os segredos obscuros que caracterizam Dexter.<\/p>\n\n\n\n<h2 class=\"wp-block-heading\"><strong>Quais s\u00e9ries compartilham o humor sombrio de Dexter?<\/strong><\/h2>\n\n\n\n<p>Uma s\u00e9rie que compartilha o humor sombrio de <strong>Dexter <\/strong>\u00e9\u00a0<em><strong>Six Feet Under<\/strong><\/em>. Antes de se tornar famoso como Dexter, <strong>Michael C. Hall<\/strong> j\u00e1 havia conquistado o p\u00fablico com seu papel em Six Feet Under. A s\u00e9rie segue uma fam\u00edlia que administra uma funer\u00e1ria em Los Angeles, combinando humor negro com temas de morte e luto. Michael C. Hall interpreta David Fisher, um dos personagens mais memor\u00e1veis da s\u00e9rie, trazendo uma profundidade emocional que ressoa com os f\u00e3s de Dexter.<\/p>\n\n\n\n<figure class=\"wp-block-image size-large\"><img decoding=\"async\" width=\"1024\" height=\"576\" src=\"https:\/\/www.correiobraziliense.com.br\/cbradar\/wp-content\/uploads\/2025\/03\/michael-C.-Hall_1741273404862-1024x576.jpg\" alt=\"Se voc\u00ea gostou de Dexter, estas com\u00e9dias dram\u00e1ticas sombrias s\u00e3o imperd\u00edveis\" class=\"wp-image-9550\" srcset=\"https:\/\/www.correiobraziliense.com.br\/cbradar\/wp-content\/uploads\/2025\/03\/michael-C.-Hall_1741273404862-1024x576.jpg 1024w, https:\/\/www.correiobraziliense.com.br\/cbradar\/wp-content\/uploads\/2025\/03\/michael-C.-Hall_1741273404862-300x169.jpg 300w, https:\/\/www.correiobraziliense.com.br\/cbradar\/wp-content\/uploads\/2025\/03\/michael-C.-Hall_1741273404862-768x432.jpg 768w, https:\/\/www.correiobraziliense.com.br\/cbradar\/wp-content\/uploads\/2025\/03\/michael-C.-Hall_1741273404862-750x422.jpg 750w, https:\/\/www.correiobraziliense.com.br\/cbradar\/wp-content\/uploads\/2025\/03\/michael-C.-Hall_1741273404862-1140x641.jpg 1140w, https:\/\/www.correiobraziliense.com.br\/cbradar\/wp-content\/uploads\/2025\/03\/michael-C.-Hall_1741273404862.jpg 1280w\" sizes=\"(max-width: 1024px) 100vw, 1024px\" \/><figcaption class=\"wp-element-caption\">michael \nCr\u00e9ditos: depositphotos.com \/ Jean_Nelson<\/figcaption><\/figure>\n\n\n\n<h2 class=\"wp-block-heading\"><strong>Qual s\u00e9rie policial se assemelha a Dexter?<\/strong><\/h2>\n\n\n\n<p><strong>True Detective<\/strong>&nbsp;\u00e9 uma s\u00e9rie que, assim como Dexter, explora o lado mais sombrio da investiga\u00e7\u00e3o criminal. Cada temporada de True Detective apresenta uma nova hist\u00f3ria e um novo elenco, mas todas compartilham uma atmosfera de mist\u00e9rio e tens\u00e3o. A primeira temporada, em particular, destaca-se por seu elemento sobrenatural e cultos demon\u00edacos, oferecendo uma narrativa rica em suspense e complexidade psicol\u00f3gica.<\/p>\n\n\n\n<iframe loading=\"lazy\" width=\"560\" height=\"315\" src=\"https:\/\/www.youtube.com\/embed\/8Wm9bLXRIw0?si=tYkc3HCcUOD2bAWY\" title=\"YouTube video player\" frameborder=\"0\" allow=\"accelerometer; autoplay; clipboard-write; encrypted-media; gyroscope; picture-in-picture; web-share\" referrerpolicy=\"strict-origin-when-cross-origin\" allowfullscreen><\/iframe>\n\n\n\n<h2 class=\"wp-block-heading\"><strong>H\u00e1 s\u00e9ries que exploram segredos obscuros como Dexter?<\/strong><\/h2>\n\n\n\n<p><em>Desperate Housewives<\/em>&nbsp;pode n\u00e3o parecer uma escolha \u00f3bvia, mas a s\u00e9rie tamb\u00e9m explora a vida de pessoas aparentemente respeit\u00e1veis que escondem segredos sombrios. Assim como Dexter esconde sua verdadeira natureza de sua fam\u00edlia e colegas, os personagens de Desperate Housewives lidam com suas pr\u00f3prias duplicidades e, em alguns casos, at\u00e9 mesmo com assassinatos. A s\u00e9rie mistura drama e mist\u00e9rio, criando uma narrativa intrigante para os espectadores.<\/p>\n\n\n\n<h2 class=\"wp-block-heading\"><strong>Quais s\u00e9ries apresentam anti-her\u00f3is fascinantes?<\/strong><\/h2>\n\n\n\n<p><strong>Killing Eve<\/strong>&nbsp;\u00e9 uma s\u00e9rie que, assim como Dexter, apresenta um anti-her\u00f3i complexo. A s\u00e9rie segue a rela\u00e7\u00e3o entre Villanelle, uma assassina habilidosa, e Eva, uma investigadora da intelig\u00eancia brit\u00e2nica. A din\u00e2mica entre as duas personagens \u00e9 cheia de reviravoltas, proporcionando uma explora\u00e7\u00e3o profunda da moralidade e das motiva\u00e7\u00f5es humanas. A s\u00e9rie destaca-se por sua narrativa envolvente e personagens cativantes, atraindo aqueles que apreciam hist\u00f3rias de anti-her\u00f3is.<\/p>\n\n\n\n<iframe loading=\"lazy\" width=\"560\" height=\"315\" src=\"https:\/\/www.youtube.com\/embed\/-MBjBavIC9U?si=NLj1URq6TYPUkjFY\" title=\"YouTube video player\" frameborder=\"0\" allow=\"accelerometer; autoplay; clipboard-write; encrypted-media; gyroscope; picture-in-picture; web-share\" referrerpolicy=\"strict-origin-when-cross-origin\" allowfullscreen><\/iframe>\n\n\n\n<p>Em suma, enquanto Dexter continua a ser uma refer\u00eancia no g\u00eanero de dramas criminais, v\u00e1rias outras s\u00e9ries oferecem experi\u00eancias semelhantes. Sejam atrav\u00e9s de humor sombrio, investiga\u00e7\u00f5es criminais complexas ou personagens moralmente amb\u00edguos, essas s\u00e9ries capturam a ess\u00eancia que tornou Dexter um sucesso duradouro.<\/p>\n","protected":false},"excerpt":{"rendered":"<p>Se voc\u00ea gostou de Dexter, essas com\u00e9dias dram\u00e1ticas sombrias sobre personagens moralmente amb\u00edguos podem ser para voc\u00ea.<\/p>\n","protected":false},"author":3,"featured_media":9551,"comment_status":"open","ping_status":"open","sticky":false,"template":"","format":"standard","meta":{"_yoast_wpseo_focuskw":"Dexter","_yoast_wpseo_title":"%%title%%","_yoast_wpseo_metadesc":"Se voc\u00ea gostou de Dexter, essas com\u00e9dias dram\u00e1ticas sombrias sobre personagens moralmente amb\u00edguos podem ser para voc\u00ea.","jnews-multi-image_gallery":[],"jnews_single_post":{"format":"standard"},"jnews_primary_category":[],"jnews_social_meta":[],"jnews_override_counter":[],"footnotes":""},"categories":[140],"post_tag":[1646,568],"class_list":["post-9522","post","type-post","status-publish","format-standard","has-post-thumbnail","hentry","category-entretenimento","tag-dexter","tag-series-e-filmes"],"yoast_head":"<!-- This site is optimized with the Yoast SEO plugin v24.6 - https:\/\/yoast.com\/wordpress\/plugins\/seo\/ -->\n<title>Se voc\u00ea gostou de Dexter, estas com\u00e9dias dram\u00e1ticas sombrias s\u00e3o imperd\u00edveis<\/title>\n<meta name=\"description\" content=\"Se voc\u00ea gostou de Dexter, essas com\u00e9dias dram\u00e1ticas sombrias sobre personagens moralmente amb\u00edguos podem ser para voc\u00ea.\" \/>\n<meta name=\"robots\" content=\"index, follow, max-snippet:-1, max-image-preview:large, max-video-preview:-1\" \/>\n<link rel=\"canonical\" href=\"https:\/\/www.correiobraziliense.com.br\/cbradar\/se-voce-gostou-de-dexter-estas-comedias-dramaticas-sombrias-sao-imperdiveis\/\" \/>\n<meta property=\"og:locale\" content=\"pt_BR\" \/>\n<meta property=\"og:type\" content=\"article\" \/>\n<meta property=\"og:title\" content=\"Se voc\u00ea gostou de Dexter, estas com\u00e9dias dram\u00e1ticas sombrias s\u00e3o imperd\u00edveis\" \/>\n<meta property=\"og:description\" content=\"Se voc\u00ea gostou de Dexter, essas com\u00e9dias dram\u00e1ticas sombrias sobre personagens moralmente amb\u00edguos podem ser para voc\u00ea.\" \/>\n<meta property=\"og:url\" content=\"https:\/\/www.correiobraziliense.com.br\/cbradar\/se-voce-gostou-de-dexter-estas-comedias-dramaticas-sombrias-sao-imperdiveis\/\" \/>\n<meta property=\"og:site_name\" content=\"Correio Braziliense - Radar\" \/>\n<meta property=\"article:published_time\" content=\"2025-03-07T13:30:00+00:00\" \/>\n<meta property=\"og:image\" content=\"https:\/\/www.correiobraziliense.com.br\/cbradar\/wp-content\/uploads\/2025\/03\/michael-C.-Hall_1741273476967.jpg\" \/>\n\t<meta property=\"og:image:width\" content=\"1280\" \/>\n\t<meta property=\"og:image:height\" content=\"720\" \/>\n\t<meta property=\"og:image:type\" content=\"image\/jpeg\" \/>\n<meta name=\"author\" content=\"Larissa Carvalho\" \/>\n<meta name=\"twitter:card\" content=\"summary_large_image\" \/>\n<meta name=\"twitter:label1\" content=\"Escrito por\" \/>\n\t<meta name=\"twitter:data1\" content=\"Larissa Carvalho\" \/>\n\t<meta name=\"twitter:label2\" content=\"Est. tempo de leitura\" \/>\n\t<meta name=\"twitter:data2\" content=\"4 minutos\" \/>\n<!-- \/ Yoast SEO plugin. -->","yoast_head_json":{"title":"Se voc\u00ea gostou de Dexter, estas com\u00e9dias dram\u00e1ticas sombrias s\u00e3o imperd\u00edveis","description":"Se voc\u00ea gostou de Dexter, essas com\u00e9dias dram\u00e1ticas sombrias sobre personagens moralmente amb\u00edguos podem ser para voc\u00ea.","robots":{"index":"index","follow":"follow","max-snippet":"max-snippet:-1","max-image-preview":"max-image-preview:large","max-video-preview":"max-video-preview:-1"},"canonical":"https:\/\/www.correiobraziliense.com.br\/cbradar\/se-voce-gostou-de-dexter-estas-comedias-dramaticas-sombrias-sao-imperdiveis\/","og_locale":"pt_BR","og_type":"article","og_title":"Se voc\u00ea gostou de Dexter, estas com\u00e9dias dram\u00e1ticas sombrias s\u00e3o imperd\u00edveis","og_description":"Se voc\u00ea gostou de Dexter, essas com\u00e9dias dram\u00e1ticas sombrias sobre personagens moralmente amb\u00edguos podem ser para voc\u00ea.","og_url":"https:\/\/www.correiobraziliense.com.br\/cbradar\/se-voce-gostou-de-dexter-estas-comedias-dramaticas-sombrias-sao-imperdiveis\/","og_site_name":"Correio Braziliense - Radar","article_published_time":"2025-03-07T13:30:00+00:00","og_image":[{"width":1280,"height":720,"url":"https:\/\/www.correiobraziliense.com.br\/cbradar\/wp-content\/uploads\/2025\/03\/michael-C.-Hall_1741273476967.jpg","type":"image\/jpeg"}],"author":"Larissa Carvalho","twitter_card":"summary_large_image","twitter_misc":{"Escrito por":"Larissa Carvalho","Est. tempo de leitura":"4 minutos"},"schema":{"@context":"https:\/\/schema.org","@graph":[{"@type":"WebPage","@id":"https:\/\/www.correiobraziliense.com.br\/cbradar\/se-voce-gostou-de-dexter-estas-comedias-dramaticas-sombrias-sao-imperdiveis\/","url":"https:\/\/www.correiobraziliense.com.br\/cbradar\/se-voce-gostou-de-dexter-estas-comedias-dramaticas-sombrias-sao-imperdiveis\/","name":"Se voc\u00ea gostou de Dexter, estas com\u00e9dias dram\u00e1ticas sombrias s\u00e3o imperd\u00edveis","isPartOf":{"@id":"https:\/\/www.correiobraziliense.com.br\/cbradar\/#website"},"primaryImageOfPage":{"@id":"https:\/\/www.correiobraziliense.com.br\/cbradar\/se-voce-gostou-de-dexter-estas-comedias-dramaticas-sombrias-sao-imperdiveis\/#primaryimage"},"image":{"@id":"https:\/\/www.correiobraziliense.com.br\/cbradar\/se-voce-gostou-de-dexter-estas-comedias-dramaticas-sombrias-sao-imperdiveis\/#primaryimage"},"thumbnailUrl":"https:\/\/www.correiobraziliense.com.br\/cbradar\/wp-content\/uploads\/2025\/03\/michael-C.-Hall_1741273476967.jpg","datePublished":"2025-03-07T13:30:00+00:00","author":{"@id":"https:\/\/www.correiobraziliense.com.br\/cbradar\/#\/schema\/person\/58422787644df994b53a19d3e56c1513"},"description":"Se voc\u00ea gostou de Dexter, essas com\u00e9dias dram\u00e1ticas sombrias sobre personagens moralmente amb\u00edguos podem ser para voc\u00ea.","breadcrumb":{"@id":"https:\/\/www.correiobraziliense.com.br\/cbradar\/se-voce-gostou-de-dexter-estas-comedias-dramaticas-sombrias-sao-imperdiveis\/#breadcrumb"},"inLanguage":"pt-BR","potentialAction":[{"@type":"ReadAction","target":["https:\/\/www.correiobraziliense.com.br\/cbradar\/se-voce-gostou-de-dexter-estas-comedias-dramaticas-sombrias-sao-imperdiveis\/"]}]},{"@type":"ImageObject","inLanguage":"pt-BR","@id":"https:\/\/www.correiobraziliense.com.br\/cbradar\/se-voce-gostou-de-dexter-estas-comedias-dramaticas-sombrias-sao-imperdiveis\/#primaryimage","url":"https:\/\/www.correiobraziliense.com.br\/cbradar\/wp-content\/uploads\/2025\/03\/michael-C.-Hall_1741273476967.jpg","contentUrl":"https:\/\/www.correiobraziliense.com.br\/cbradar\/wp-content\/uploads\/2025\/03\/michael-C.-Hall_1741273476967.jpg","width":1280,"height":720,"caption":"Michael C. Hall Cr\u00e9ditos: depositphotos.com \/ Jean_Nelson"},{"@type":"BreadcrumbList","@id":"https:\/\/www.correiobraziliense.com.br\/cbradar\/se-voce-gostou-de-dexter-estas-comedias-dramaticas-sombrias-sao-imperdiveis\/#breadcrumb","itemListElement":[{"@type":"ListItem","position":1,"name":"In\u00edcio","item":"https:\/\/www.correiobraziliense.com.br\/cbradar\/"},{"@type":"ListItem","position":2,"name":"Se voc\u00ea gostou de Dexter, estas com\u00e9dias dram\u00e1ticas sombrias s\u00e3o imperd\u00edveis"}]},{"@type":"WebSite","@id":"https:\/\/www.correiobraziliense.com.br\/cbradar\/#website","url":"https:\/\/www.correiobraziliense.com.br\/cbradar\/","name":"Correio Braziliense - Radar","description":"Acompanhe as \u00faltimas not\u00edcias e fique bem informado sobre tudo o que acontece no Brasil e no mundo.","potentialAction":[{"@type":"SearchAction","target":{"@type":"EntryPoint","urlTemplate":"https:\/\/www.correiobraziliense.com.br\/cbradar\/?s={search_term_string}"},"query-input":{"@type":"PropertyValueSpecification","valueRequired":true,"valueName":"search_term_string"}}],"inLanguage":"pt-BR"},{"@type":"Person","@id":"https:\/\/www.correiobraziliense.com.br\/cbradar\/#\/schema\/person\/58422787644df994b53a19d3e56c1513","name":"Larissa Carvalho","image":{"@type":"ImageObject","inLanguage":"pt-BR","@id":"https:\/\/www.correiobraziliense.com.br\/cbradar\/#\/schema\/person\/image\/","url":"https:\/\/secure.gravatar.com\/avatar\/fe4f91a0de32b52a838d0d612abdc1aa?s=96&d=mm&r=g","contentUrl":"https:\/\/secure.gravatar.com\/avatar\/fe4f91a0de32b52a838d0d612abdc1aa?s=96&d=mm&r=g","caption":"Larissa Carvalho"},"url":"https:\/\/www.correiobraziliense.com.br\/cbradar\/author\/larissamyth\/"}]}},"_links":{"self":[{"href":"https:\/\/www.correiobraziliense.com.br\/cbradar\/wp-json\/wp\/v2\/posts\/9522","targetHints":{"allow":["GET"]}}],"collection":[{"href":"https:\/\/www.correiobraziliense.com.br\/cbradar\/wp-json\/wp\/v2\/posts"}],"about":[{"href":"https:\/\/www.correiobraziliense.com.br\/cbradar\/wp-json\/wp\/v2\/types\/post"}],"author":[{"embeddable":true,"href":"https:\/\/www.correiobraziliense.com.br\/cbradar\/wp-json\/wp\/v2\/users\/3"}],"replies":[{"embeddable":true,"href":"https:\/\/www.correiobraziliense.com.br\/cbradar\/wp-json\/wp\/v2\/comments?post=9522"}],"version-history":[{"count":2,"href":"https:\/\/www.correiobraziliense.com.br\/cbradar\/wp-json\/wp\/v2\/posts\/9522\/revisions"}],"predecessor-version":[{"id":9626,"href":"https:\/\/www.correiobraziliense.com.br\/cbradar\/wp-json\/wp\/v2\/posts\/9522\/revisions\/9626"}],"wp:featuredmedia":[{"embeddable":true,"href":"https:\/\/www.correiobraziliense.com.br\/cbradar\/wp-json\/wp\/v2\/media\/9551"}],"wp:attachment":[{"href":"https:\/\/www.correiobraziliense.com.br\/cbradar\/wp-json\/wp\/v2\/media?parent=9522"}],"wp:term":[{"taxonomy":"category","embeddable":true,"href":"https:\/\/www.correiobraziliense.com.br\/cbradar\/wp-json\/wp\/v2\/categories?post=9522"},{"taxonomy":"post_tag","embeddable":true,"href":"https:\/\/www.correiobraziliense.com.br\/cbradar\/wp-json\/wp\/v2\/post_tag?post=9522"}],"curies":[{"name":"wp","href":"https:\/\/api.w.org\/{rel}","templated":true}]}}