{"id":9536,"date":"2025-03-07T18:23:00","date_gmt":"2025-03-07T21:23:00","guid":{"rendered":"https:\/\/www.correiobraziliense.com.br\/cbradar\/?p=9536"},"modified":"2025-03-06T12:49:10","modified_gmt":"2025-03-06T15:49:10","slug":"cerebro-humano-precisa-de-cuidado-que-muita-gente-nao-sabia","status":"publish","type":"post","link":"https:\/\/www.correiobraziliense.com.br\/cbradar\/cerebro-humano-precisa-de-cuidado-que-muita-gente-nao-sabia\/","title":{"rendered":"C\u00e9rebro humano precisa de cuidado que muita gente n\u00e3o sabia!"},"content":{"rendered":"\n<p>O <a href=\"https:\/\/pt.wikipedia.org\/wiki\/C\u00e9rebro\" target=\"_blank\" rel=\"noreferrer noopener\">c\u00e9rebro<\/a>, centro de comando do nosso corpo, \u00e9 um \u00f3rg\u00e3o complexo e fascinante que demanda cuidados constantes para funcionar em sua m\u00e1xima capacidade. Assim como um carro de corrida necessita de combust\u00edvel de alta qualidade para atingir o melhor desempenho, o c\u00e9rebro tamb\u00e9m depende de uma nutri\u00e7\u00e3o adequada para otimizar suas fun\u00e7\u00f5es cognitivas, como mem\u00f3ria, concentra\u00e7\u00e3o, aprendizado e racioc\u00ednio. <\/p>\n\n\n\n<p>A rela\u00e7\u00e3o entre alimenta\u00e7\u00e3o e sa\u00fade cerebral \u00e9 cada vez mais evidente, e estudos cient\u00edficos demonstram que certos alimentos e nutrientes podem exercer um impacto significativo na sa\u00fade do c\u00e9rebro ao longo da vida. Este guia completo visa explorar essa conex\u00e3o vital, oferecendo um panorama abrangente sobre a nutri\u00e7\u00e3o para a sa\u00fade do c\u00e9rebro e apresentando dicas pr\u00e1ticas de alimentos que podem impulsionar a mem\u00f3ria, a concentra\u00e7\u00e3o e o bem-estar cognitivo geral.<\/p>\n\n\n\n<h2 class=\"wp-block-heading\"><strong>Nutri\u00e7\u00e3o e c\u00e9rebro: uma conex\u00e3o vital<\/strong><\/h2>\n\n\n\n<p>A nutri\u00e7\u00e3o desempenha um papel fundamental na sa\u00fade do c\u00e9rebro, influenciando sua estrutura, fun\u00e7\u00e3o e capacidade de desempenho ao longo da vida. O c\u00e9rebro, apesar de representar apenas cerca de 2% do peso corporal, consome aproximadamente 20% da energia total do organismo. Essa demanda energ\u00e9tica elevada demonstra a intensa atividade metab\u00f3lica que ocorre nesse \u00f3rg\u00e3o vital, e a import\u00e2ncia de fornecer os nutrientes adequados para sustentar seu funcionamento. <\/p>\n\n\n\n<p>Uma dieta equilibrada e rica em nutrientes essenciais \u00e9 crucial para garantir a sa\u00fade cerebral a longo prazo, pois vitaminas, minerais, antioxidantes, \u00e1cidos graxos \u00f4mega-3 e outros compostos bioativos presentes nos alimentos desempenham pap\u00e9is espec\u00edficos na prote\u00e7\u00e3o e otimiza\u00e7\u00e3o das fun\u00e7\u00f5es cerebrais. A defici\u00eancia de certos nutrientes pode comprometer a sa\u00fade cognitiva, aumentando o risco de problemas como decl\u00ednio da mem\u00f3ria, dificuldade de concentra\u00e7\u00e3o, fadiga mental e at\u00e9 mesmo doen\u00e7as neurodegenerativas. <\/p>\n\n\n\n<p>Por outro lado, uma alimenta\u00e7\u00e3o rica em alimentos processados, a\u00e7\u00facares refinados, gorduras saturadas e pobres em nutrientes essenciais pode ter um impacto negativo na sa\u00fade cerebral, contribuindo para a inflama\u00e7\u00e3o cr\u00f4nica, o estresse oxidativo e a resist\u00eancia \u00e0 insulina no c\u00e9rebro, fatores que est\u00e3o associados ao decl\u00ednio cognitivo e ao aumento do risco de doen\u00e7as como Alzheimer e Parkinson.<\/p>\n\n\n<div class=\"wp-block-image\">\n<figure class=\"aligncenter size-large\"><img decoding=\"async\" width=\"1024\" height=\"576\" src=\"https:\/\/www.correiobraziliense.com.br\/cbradar\/wp-content\/uploads\/2025\/03\/cerebro_1741269062695-1024x576.jpg\" alt=\"C\u00e9rebro humano precisa de cuidado que muita gente n\u00e3o sabia!\" class=\"wp-image-9538\" srcset=\"https:\/\/www.correiobraziliense.com.br\/cbradar\/wp-content\/uploads\/2025\/03\/cerebro_1741269062695-1024x576.jpg 1024w, https:\/\/www.correiobraziliense.com.br\/cbradar\/wp-content\/uploads\/2025\/03\/cerebro_1741269062695-300x169.jpg 300w, https:\/\/www.correiobraziliense.com.br\/cbradar\/wp-content\/uploads\/2025\/03\/cerebro_1741269062695-768x432.jpg 768w, https:\/\/www.correiobraziliense.com.br\/cbradar\/wp-content\/uploads\/2025\/03\/cerebro_1741269062695-750x422.jpg 750w, https:\/\/www.correiobraziliense.com.br\/cbradar\/wp-content\/uploads\/2025\/03\/cerebro_1741269062695-1140x641.jpg 1140w, https:\/\/www.correiobraziliense.com.br\/cbradar\/wp-content\/uploads\/2025\/03\/cerebro_1741269062695.jpg 1280w\" sizes=\"(max-width: 1024px) 100vw, 1024px\" \/><figcaption class=\"wp-element-caption\">Quebra-cabe\u00e7as &#8211; Cr\u00e9ditos: depositphotos.com \/ HayDmitriy<\/figcaption><\/figure><\/div>\n\n\n<h2 class=\"wp-block-heading\"><strong>Alimentos que turbinam a mem\u00f3ria e a concentra\u00e7\u00e3o<\/strong><\/h2>\n\n\n\n<p>A natureza oferece uma vasta gama de alimentos que podem ser verdadeiros aliados da sa\u00fade cerebral. Incorporar esses alimentos de forma regular na dieta pode trazer benef\u00edcios significativos para a mem\u00f3ria, a concentra\u00e7\u00e3o e outras fun\u00e7\u00f5es cognitivas. Entre os alimentos mais importantes para a sa\u00fade do c\u00e9rebro, destacam-se:<\/p>\n\n\n\n<ul class=\"wp-block-list\">\n<li><strong>Peixes gordurosos:<\/strong> Salm\u00e3o, atum, sardinha e arenque s\u00e3o ricos em \u00e1cidos graxos \u00f4mega-3, especialmente o DHA, essencial para a estrutura cerebral, comunica\u00e7\u00e3o neuronal e redu\u00e7\u00e3o da inflama\u00e7\u00e3o.<\/li>\n\n\n\n<li><strong>Frutas vermelhas:<\/strong> Mirtilos, morangos, framboesas e amoras s\u00e3o pot\u00eancias antioxidantes, protegendo o c\u00e9rebro contra o estresse oxidativo e melhorando a comunica\u00e7\u00e3o entre neur\u00f4nios.<\/li>\n\n\n\n<li><strong>Ovos:<\/strong> Excelente fonte de colina, nutriente crucial para a produ\u00e7\u00e3o de acetilcolina, neurotransmissor fundamental para mem\u00f3ria e aprendizado.<\/li>\n\n\n\n<li><strong>Vegetais verde-escuros:<\/strong> Espinafre, couve, br\u00f3colis e r\u00facula oferecem vitaminas do complexo B, vitamina K, lute\u00edna e folato, essenciais para a sa\u00fade cerebral e fun\u00e7\u00e3o cognitiva.<\/li>\n\n\n\n<li><strong>Nozes e sementes:<\/strong> Nozes, am\u00eandoas, castanhas, sementes de girassol e ab\u00f3bora fornecem vitamina E, antioxidantes, gorduras saud\u00e1veis e minerais importantes para a sa\u00fade cerebral e fun\u00e7\u00e3o cognitiva.<\/li>\n\n\n\n<li><strong>Chocolate amargo:<\/strong> Rico em flavonoides, antioxidantes que protegem o c\u00e9rebro, melhoram o fluxo sangu\u00edneo cerebral e podem estimular a neurog\u00eanese.<\/li>\n\n\n\n<li><strong>Caf\u00e9 e ch\u00e1 verde:<\/strong> A cafe\u00edna melhora o estado de alerta e a concentra\u00e7\u00e3o a curto prazo, enquanto o ch\u00e1 verde, rico em antioxidantes, pode proteger o c\u00e9rebro a longo prazo.<\/li>\n<\/ul>\n\n\n\n<h2 class=\"wp-block-heading\"><strong>Dicas pr\u00e1ticas para uma dieta amiga do c\u00e9rebro<\/strong><\/h2>\n\n\n\n<p>Para incorporar alimentos que promovem a sa\u00fade cerebral na dieta di\u00e1ria, considere as seguintes dicas:<\/p>\n\n\n\n<ul class=\"wp-block-list\">\n<li>Inclua peixe gorduroso nas refei\u00e7\u00f5es pelo menos duas vezes por semana, preferindo prepara\u00e7\u00f5es saud\u00e1veis.<\/li>\n\n\n\n<li>Consuma uma por\u00e7\u00e3o di\u00e1ria de frutas vermelhas no caf\u00e9 da manh\u00e3, lanches ou sobremesas.<\/li>\n\n\n\n<li>Incorpore ovos na dieta regularmente, variando as prepara\u00e7\u00f5es.<\/li>\n\n\n\n<li>Aumente o consumo de vegetais verde-escuros em saladas, sopas ou como acompanhamento.<\/li>\n\n\n\n<li>Consuma um punhado de nozes e sementes como lanche ou adicione-os em prepara\u00e7\u00f5es.<\/li>\n\n\n\n<li>Desfrute de chocolate amargo moderadamente.<\/li>\n\n\n\n<li>Opte por caf\u00e9 da manh\u00e3 nutritivos como mingau de aveia com frutas e nozes, ou iogurte com granola e frutas vermelhas.<\/li>\n\n\n\n<li>Prepare lanches saud\u00e1veis como frutas, vegetais crus, nozes e sementes.<\/li>\n\n\n\n<li>Mantenha-se hidratado bebendo \u00e1gua regularmente ao longo do dia.<\/li>\n<\/ul>\n\n\n\n<h3 class=\"wp-block-heading\"><strong>Reconhecendo sinais de desidrata\u00e7\u00e3o<\/strong><\/h3>\n\n\n\n<p>\u00c9 fundamental estar atento aos sinais que o corpo emite quando est\u00e1 desidratado, como sede, boca seca, urina escura, dor de cabe\u00e7a, fadiga, c\u00e3ibras musculares e tontura. Ao identificar qualquer um desses sintomas, \u00e9 importante interromper o exerc\u00edcio e iniciar a reidrata\u00e7\u00e3o imediatamente.<\/p>\n\n\n\n<h3 class=\"wp-block-heading\"><strong>O que fazer em caso de desidrata\u00e7\u00e3o<\/strong><\/h3>\n\n\n\n<p>Ao perceber os sinais de desidrata\u00e7\u00e3o, siga estes passos: interrompa o exerc\u00edcio imediatamente, procure um local fresco e arejado, beba \u00e1gua ou bebidas esportivas em pequenos goles e procure ajuda m\u00e9dica se os sintomas persistirem ou forem graves.<\/p>\n","protected":false},"excerpt":{"rendered":"<p>O c\u00e9rebro, centro de comando do nosso corpo, \u00e9 um \u00f3rg\u00e3o complexo e fascinante que demanda cuidados constantes para funcionar em sua m\u00e1xima capacidade. Assim como um carro de corrida necessita de combust\u00edvel de alta qualidade para atingir o melhor desempenho, o c\u00e9rebro tamb\u00e9m depende de uma nutri\u00e7\u00e3o adequada para otimizar suas fun\u00e7\u00f5es cognitivas, como [&hellip;]<\/p>\n","protected":false},"author":11,"featured_media":9537,"comment_status":"open","ping_status":"open","sticky":false,"template":"","format":"standard","meta":{"_yoast_wpseo_focuskw":"C\u00e9rebro","_yoast_wpseo_title":"","_yoast_wpseo_metadesc":"O c\u00e9rebro humano exige cuidados espec\u00edficos que muitas pessoas desconhecem. Sabia que pequenas atitudes podem melhorar seu funcionamento?","jnews-multi-image_gallery":[],"jnews_single_post":{"format":"standard"},"jnews_primary_category":[],"jnews_social_meta":[],"jnews_override_counter":[],"footnotes":""},"categories":[119],"tags":[1320,698,565],"class_list":["post-9536","post","type-post","status-publish","format-standard","has-post-thumbnail","hentry","category-bem-estar","tag-bem-estar-2","tag-cerebro","tag-saude"],"yoast_head":"<!-- This site is optimized with the Yoast SEO plugin v24.6 - https:\/\/yoast.com\/wordpress\/plugins\/seo\/ -->\n<title>C\u00e9rebro humano precisa de cuidado que muita gente n\u00e3o sabia! - Correio Braziliense - Radar<\/title>\n<meta name=\"description\" content=\"O c\u00e9rebro humano exige cuidados espec\u00edficos que muitas pessoas desconhecem. Sabia que pequenas atitudes podem melhorar seu funcionamento?\" \/>\n<meta name=\"robots\" content=\"index, follow, max-snippet:-1, max-image-preview:large, max-video-preview:-1\" \/>\n<link rel=\"canonical\" href=\"https:\/\/www.correiobraziliense.com.br\/cbradar\/cerebro-humano-precisa-de-cuidado-que-muita-gente-nao-sabia\/\" \/>\n<meta property=\"og:locale\" content=\"pt_BR\" \/>\n<meta property=\"og:type\" content=\"article\" \/>\n<meta property=\"og:title\" content=\"C\u00e9rebro humano precisa de cuidado que muita gente n\u00e3o sabia! - Correio Braziliense - Radar\" \/>\n<meta property=\"og:description\" content=\"O c\u00e9rebro humano exige cuidados espec\u00edficos que muitas pessoas desconhecem. Sabia que pequenas atitudes podem melhorar seu funcionamento?\" \/>\n<meta property=\"og:url\" content=\"https:\/\/www.correiobraziliense.com.br\/cbradar\/cerebro-humano-precisa-de-cuidado-que-muita-gente-nao-sabia\/\" \/>\n<meta property=\"og:site_name\" content=\"Correio Braziliense - Radar\" \/>\n<meta property=\"article:published_time\" content=\"2025-03-07T21:23:00+00:00\" \/>\n<meta property=\"og:image\" content=\"https:\/\/www.correiobraziliense.com.br\/cbradar\/wp-content\/uploads\/2025\/03\/cerebro_1741269024293.jpg\" \/>\n\t<meta property=\"og:image:width\" content=\"1280\" \/>\n\t<meta property=\"og:image:height\" content=\"720\" \/>\n\t<meta property=\"og:image:type\" content=\"image\/jpeg\" \/>\n<meta name=\"author\" content=\"Paulo Custodio\" \/>\n<meta name=\"twitter:card\" content=\"summary_large_image\" \/>\n<meta name=\"twitter:label1\" content=\"Escrito por\" \/>\n\t<meta name=\"twitter:data1\" content=\"Paulo Custodio\" \/>\n\t<meta name=\"twitter:label2\" content=\"Est. tempo de leitura\" \/>\n\t<meta name=\"twitter:data2\" content=\"5 minutos\" \/>\n<!-- \/ Yoast SEO plugin. -->","yoast_head_json":{"title":"C\u00e9rebro humano precisa de cuidado que muita gente n\u00e3o sabia! - Correio Braziliense - Radar","description":"O c\u00e9rebro humano exige cuidados espec\u00edficos que muitas pessoas desconhecem. Sabia que pequenas atitudes podem melhorar seu funcionamento?","robots":{"index":"index","follow":"follow","max-snippet":"max-snippet:-1","max-image-preview":"max-image-preview:large","max-video-preview":"max-video-preview:-1"},"canonical":"https:\/\/www.correiobraziliense.com.br\/cbradar\/cerebro-humano-precisa-de-cuidado-que-muita-gente-nao-sabia\/","og_locale":"pt_BR","og_type":"article","og_title":"C\u00e9rebro humano precisa de cuidado que muita gente n\u00e3o sabia! - Correio Braziliense - Radar","og_description":"O c\u00e9rebro humano exige cuidados espec\u00edficos que muitas pessoas desconhecem. Sabia que pequenas atitudes podem melhorar seu funcionamento?","og_url":"https:\/\/www.correiobraziliense.com.br\/cbradar\/cerebro-humano-precisa-de-cuidado-que-muita-gente-nao-sabia\/","og_site_name":"Correio Braziliense - Radar","article_published_time":"2025-03-07T21:23:00+00:00","og_image":[{"width":1280,"height":720,"url":"https:\/\/www.correiobraziliense.com.br\/cbradar\/wp-content\/uploads\/2025\/03\/cerebro_1741269024293.jpg","type":"image\/jpeg"}],"author":"Paulo Custodio","twitter_card":"summary_large_image","twitter_misc":{"Escrito por":"Paulo Custodio","Est. tempo de leitura":"5 minutos"},"schema":{"@context":"https:\/\/schema.org","@graph":[{"@type":"WebPage","@id":"https:\/\/www.correiobraziliense.com.br\/cbradar\/cerebro-humano-precisa-de-cuidado-que-muita-gente-nao-sabia\/","url":"https:\/\/www.correiobraziliense.com.br\/cbradar\/cerebro-humano-precisa-de-cuidado-que-muita-gente-nao-sabia\/","name":"C\u00e9rebro humano precisa de cuidado que muita gente n\u00e3o sabia! - Correio Braziliense - Radar","isPartOf":{"@id":"https:\/\/www.correiobraziliense.com.br\/cbradar\/#website"},"primaryImageOfPage":{"@id":"https:\/\/www.correiobraziliense.com.br\/cbradar\/cerebro-humano-precisa-de-cuidado-que-muita-gente-nao-sabia\/#primaryimage"},"image":{"@id":"https:\/\/www.correiobraziliense.com.br\/cbradar\/cerebro-humano-precisa-de-cuidado-que-muita-gente-nao-sabia\/#primaryimage"},"thumbnailUrl":"https:\/\/www.correiobraziliense.com.br\/cbradar\/wp-content\/uploads\/2025\/03\/cerebro_1741269024293.jpg","datePublished":"2025-03-07T21:23:00+00:00","author":{"@id":"https:\/\/www.correiobraziliense.com.br\/cbradar\/#\/schema\/person\/4cec7857301a9a1a2ef249893cd908d3"},"description":"O c\u00e9rebro humano exige cuidados espec\u00edficos que muitas pessoas desconhecem. Sabia que pequenas atitudes podem melhorar seu funcionamento?","breadcrumb":{"@id":"https:\/\/www.correiobraziliense.com.br\/cbradar\/cerebro-humano-precisa-de-cuidado-que-muita-gente-nao-sabia\/#breadcrumb"},"inLanguage":"pt-BR","potentialAction":[{"@type":"ReadAction","target":["https:\/\/www.correiobraziliense.com.br\/cbradar\/cerebro-humano-precisa-de-cuidado-que-muita-gente-nao-sabia\/"]}]},{"@type":"ImageObject","inLanguage":"pt-BR","@id":"https:\/\/www.correiobraziliense.com.br\/cbradar\/cerebro-humano-precisa-de-cuidado-que-muita-gente-nao-sabia\/#primaryimage","url":"https:\/\/www.correiobraziliense.com.br\/cbradar\/wp-content\/uploads\/2025\/03\/cerebro_1741269024293.jpg","contentUrl":"https:\/\/www.correiobraziliense.com.br\/cbradar\/wp-content\/uploads\/2025\/03\/cerebro_1741269024293.jpg","width":1280,"height":720,"caption":"C\u00e9rebro - Cr\u00e9ditos: depositphotos.com \/ KostyaKlimenko"},{"@type":"BreadcrumbList","@id":"https:\/\/www.correiobraziliense.com.br\/cbradar\/cerebro-humano-precisa-de-cuidado-que-muita-gente-nao-sabia\/#breadcrumb","itemListElement":[{"@type":"ListItem","position":1,"name":"In\u00edcio","item":"https:\/\/www.correiobraziliense.com.br\/cbradar\/"},{"@type":"ListItem","position":2,"name":"C\u00e9rebro humano precisa de cuidado que muita gente n\u00e3o sabia!"}]},{"@type":"WebSite","@id":"https:\/\/www.correiobraziliense.com.br\/cbradar\/#website","url":"https:\/\/www.correiobraziliense.com.br\/cbradar\/","name":"Correio Braziliense - Radar","description":"Acompanhe as \u00faltimas not\u00edcias e fique bem informado sobre tudo o que acontece no Brasil e no mundo.","potentialAction":[{"@type":"SearchAction","target":{"@type":"EntryPoint","urlTemplate":"https:\/\/www.correiobraziliense.com.br\/cbradar\/?s={search_term_string}"},"query-input":{"@type":"PropertyValueSpecification","valueRequired":true,"valueName":"search_term_string"}}],"inLanguage":"pt-BR"},{"@type":"Person","@id":"https:\/\/www.correiobraziliense.com.br\/cbradar\/#\/schema\/person\/4cec7857301a9a1a2ef249893cd908d3","name":"Paulo Custodio","image":{"@type":"ImageObject","inLanguage":"pt-BR","@id":"https:\/\/www.correiobraziliense.com.br\/cbradar\/#\/schema\/person\/image\/","url":"https:\/\/secure.gravatar.com\/avatar\/bcd67168d1534e8fcf4f45c726a87cea?s=96&d=mm&r=g","contentUrl":"https:\/\/secure.gravatar.com\/avatar\/bcd67168d1534e8fcf4f45c726a87cea?s=96&d=mm&r=g","caption":"Paulo Custodio"},"sameAs":["https:\/\/www.correiobraziliense.com.br\/cbradar"],"url":"https:\/\/www.correiobraziliense.com.br\/cbradar\/author\/paulomyth\/"}]}},"_links":{"self":[{"href":"https:\/\/www.correiobraziliense.com.br\/cbradar\/wp-json\/wp\/v2\/posts\/9536","targetHints":{"allow":["GET"]}}],"collection":[{"href":"https:\/\/www.correiobraziliense.com.br\/cbradar\/wp-json\/wp\/v2\/posts"}],"about":[{"href":"https:\/\/www.correiobraziliense.com.br\/cbradar\/wp-json\/wp\/v2\/types\/post"}],"author":[{"embeddable":true,"href":"https:\/\/www.correiobraziliense.com.br\/cbradar\/wp-json\/wp\/v2\/users\/11"}],"replies":[{"embeddable":true,"href":"https:\/\/www.correiobraziliense.com.br\/cbradar\/wp-json\/wp\/v2\/comments?post=9536"}],"version-history":[{"count":1,"href":"https:\/\/www.correiobraziliense.com.br\/cbradar\/wp-json\/wp\/v2\/posts\/9536\/revisions"}],"predecessor-version":[{"id":9539,"href":"https:\/\/www.correiobraziliense.com.br\/cbradar\/wp-json\/wp\/v2\/posts\/9536\/revisions\/9539"}],"wp:featuredmedia":[{"embeddable":true,"href":"https:\/\/www.correiobraziliense.com.br\/cbradar\/wp-json\/wp\/v2\/media\/9537"}],"wp:attachment":[{"href":"https:\/\/www.correiobraziliense.com.br\/cbradar\/wp-json\/wp\/v2\/media?parent=9536"}],"wp:term":[{"taxonomy":"category","embeddable":true,"href":"https:\/\/www.correiobraziliense.com.br\/cbradar\/wp-json\/wp\/v2\/categories?post=9536"},{"taxonomy":"post_tag","embeddable":true,"href":"https:\/\/www.correiobraziliense.com.br\/cbradar\/wp-json\/wp\/v2\/tags?post=9536"}],"curies":[{"name":"wp","href":"https:\/\/api.w.org\/{rel}","templated":true}]}}