{"id":95375,"date":"2025-08-31T17:23:00","date_gmt":"2025-08-31T20:23:00","guid":{"rendered":"https:\/\/www.correiobraziliense.com.br\/cbradar\/?p=95375"},"modified":"2025-08-30T17:30:09","modified_gmt":"2025-08-30T20:30:09","slug":"esta-e-a-maneira-mais-segura-de-abrir-um-abacate-e-evitar-a-mao-de-abacate","status":"publish","type":"post","link":"https:\/\/www.correiobraziliense.com.br\/cbradar\/esta-e-a-maneira-mais-segura-de-abrir-um-abacate-e-evitar-a-mao-de-abacate\/","title":{"rendered":"Esta \u00e9 a maneira mais segura de abrir um abacate e evitar a m\u00e3o de abacate"},"content":{"rendered":"\n<p>Ao contr\u00e1rio do que muitos pensam, manusear um <strong>abacate<\/strong> pode ser mais perigoso do que aparenta. De fato, o termo &#8220;m\u00e3o de abacate&#8221; refere-se a cortes acidentais na palma da m\u00e3o ao tentar remov\u00ea-lo da casca ou caro\u00e7o. A seguir, veja como prevenir essas les\u00f5es comuns:<\/p>\n\n\n\n<ul class=\"wp-block-list\">\n<li>Mantenha o <strong>abacate<\/strong> sobre uma superf\u00edcie est\u00e1vel ao cort\u00e1-lo<\/li>\n\n\n\n<li>Evite segurar o fruto na m\u00e3o ao remov\u00ea-lo<\/li>\n\n\n\n<li>Use uma colher, n\u00e3o faca, para retirar o caro\u00e7o<\/li>\n<\/ul>\n\n\n\n<h2 class=\"wp-block-heading\">Por que \u00e9 importante cortar o abacate corretamente?<\/h2>\n\n\n\n<p>Apesar da popularidade do <strong>abacate<\/strong>, muitos n\u00e3o sabem que cort\u00e1-lo incorretamente pode causar les\u00f5es graves. A &#8220;m\u00e3o de abacate&#8221; ocorre quando se tenta segurar o fruto na m\u00e3o enquanto corta. Evite este erro usando sempre uma t\u00e1bua de corte.<\/p>\n\n\n\n<h2 class=\"wp-block-heading\">Qual \u00e9 a maneira mais segura de cortar abacates?<\/h2>\n\n\n\n<p>Para evitar les\u00f5es ao cortar um <strong>abacate<\/strong>, siga estas etapas simples:<\/p>\n\n\n\n<ul class=\"wp-block-list\">\n<li>Coloque o abacate sobre uma t\u00e1bua de corte firme<\/li>\n\n\n\n<li>Segure-o com a m\u00e3o n\u00e3o dominante<\/li>\n\n\n\n<li>Corte a fruta ao meio, girando-a sob a l\u00e2mina da faca<\/li>\n<\/ul>\n\n\n\n<p>Esse m\u00e9todo n\u00e3o apenas garante precis\u00e3o, mas tamb\u00e9m mant\u00e9m suas m\u00e3os seguras. Se poss\u00edvel, escolha facas de l\u00e2mina lisa e bem afiadas para reduzir o esfor\u00e7o durante o corte, tornando o processo ainda mais seguro.<\/p>\n\n\n\n<figure class=\"wp-block-image size-large\"><img decoding=\"async\" width=\"1024\" height=\"576\" src=\"https:\/\/www.correiobraziliense.com.br\/cbradar\/wp-content\/uploads\/2025\/08\/abacate_1756585766761-1024x576.jpg\" alt=\"Esta \u00e9 a maneira mais segura de abrir um abacate e evitar a m\u00e3o de abacate\" class=\"wp-image-95378\" srcset=\"https:\/\/www.correiobraziliense.com.br\/cbradar\/wp-content\/uploads\/2025\/08\/abacate_1756585766761-1024x576.jpg 1024w, https:\/\/www.correiobraziliense.com.br\/cbradar\/wp-content\/uploads\/2025\/08\/abacate_1756585766761-300x169.jpg 300w, https:\/\/www.correiobraziliense.com.br\/cbradar\/wp-content\/uploads\/2025\/08\/abacate_1756585766761-768x432.jpg 768w, https:\/\/www.correiobraziliense.com.br\/cbradar\/wp-content\/uploads\/2025\/08\/abacate_1756585766761-750x422.jpg 750w, https:\/\/www.correiobraziliense.com.br\/cbradar\/wp-content\/uploads\/2025\/08\/abacate_1756585766761-1140x641.jpg 1140w, https:\/\/www.correiobraziliense.com.br\/cbradar\/wp-content\/uploads\/2025\/08\/abacate_1756585766761.jpg 1280w\" sizes=\"(max-width: 1024px) 100vw, 1024px\" \/><figcaption class=\"wp-element-caption\">Abacate. Cr\u00e9ditos: depositphotos.com \/ canadapanda<\/figcaption><\/figure>\n\n\n\n<h2 class=\"wp-block-heading\">Como remover o caro\u00e7o do abacate de forma segura?<\/h2>\n\n\n\n<p>Para <strong>remover o caro\u00e7o<\/strong>, resista \u00e0 tenta\u00e7\u00e3o de usar a faca como uma ferramenta de impacto. Utilize uma colher para retirar o caro\u00e7o ap\u00f3s a abertura do fruto. Isso reduz drasticamente o risco de cortes. Outra dica \u00e9 apoiar o abacate cortado com a parte plana sobre a t\u00e1bua antes de remover o caro\u00e7o, minimizando chances de acidentes.<\/p>\n\n\n\n<h2 class=\"wp-block-heading\">A melhor maneira de fatiar um abacate em por\u00e7\u00f5es menores<\/h2>\n\n\n\n<p>Para por\u00e7\u00f5es menores, como fatias ou cubos, continue usando a t\u00e1bua de corte e evite trabalhar com o <strong>abacate<\/strong> na m\u00e3o. Um tapete antiderrapante pode fornecer ainda mais estabilidade durante o processo. Se preferir, corte o abacate em fatias ainda dentro da casca, utilizando uma faca de ponta arredondada, e depois retire as fatias com uma colher.<\/p>\n\n\n\n<h2 class=\"wp-block-heading\">Desfrute de seus abacates com seguran\u00e7a<\/h2>\n\n\n\n<p>Com esses cuidados, voc\u00ea estar\u00e1 pronto para aproveitar os benef\u00edcios nutricionais do <strong>abacate<\/strong> sem acidentes.<\/p>\n\n\n\n<ul class=\"wp-block-list\">\n<li>Mantenha sempre o abacate sobre uma base est\u00e1vel<\/li>\n\n\n\n<li>Use utens\u00edlios seguros para remover o caro\u00e7o<\/li>\n\n\n\n<li>Prefira fatiar o abacate em por\u00e7\u00f5es menores na t\u00e1bua de corte<\/li>\n<\/ul>\n\n\n\n<p><strong>Leia tamb\u00e9m:<\/strong> <a href=\"https:\/\/www.correiobraziliense.com.br\/cbradar\/nem-uma-semana-nem-um-mes-quando-recomendam-podar-o-abacateiro-e-por-que\/\" target=\"_blank\" rel=\"noreferrer noopener\">Nem uma semana nem um m\u00eas: quando recomendam podar o abacateiro e por qu\u00ea<\/a><\/p>\n","protected":false},"excerpt":{"rendered":"<p>Aprenda a cortar abacate com seguran\u00e7a e evite acidentes na cozinha. Siga estas dicas simples e aproveite seus abacates sem preocupa\u00e7\u00f5es.<\/p>\n","protected":false},"author":3,"featured_media":95377,"comment_status":"open","ping_status":"open","sticky":false,"template":"","format":"standard","meta":{"_yoast_wpseo_focuskw":"abrir abacate","_yoast_wpseo_title":"%%title%%","_yoast_wpseo_metadesc":"Aprenda a cortar abacate com seguran\u00e7a e evite acidentes na cozinha. Siga estas dicas simples e aproveite seus abacates sem preocupa\u00e7\u00f5es.","jnews-multi-image_gallery":[],"jnews_single_post":{"format":"standard"},"jnews_primary_category":[],"jnews_social_meta":[],"jnews_override_counter":[],"footnotes":""},"categories":[112],"tags":[281,1423,144],"class_list":["post-95375","post","type-post","status-publish","format-standard","has-post-thumbnail","hentry","category-curiosidades","tag-alimentacao","tag-alimentos","tag-curiosidades"],"yoast_head":"<!-- This site is optimized with the Yoast SEO plugin v24.6 - https:\/\/yoast.com\/wordpress\/plugins\/seo\/ -->\n<title>Esta \u00e9 a maneira mais segura de abrir um abacate e evitar a m\u00e3o de abacate<\/title>\n<meta name=\"description\" content=\"Aprenda a cortar abacate com seguran\u00e7a e evite acidentes na cozinha. Siga estas dicas simples e aproveite seus abacates sem preocupa\u00e7\u00f5es.\" \/>\n<meta name=\"robots\" content=\"index, follow, max-snippet:-1, max-image-preview:large, max-video-preview:-1\" \/>\n<link rel=\"canonical\" href=\"https:\/\/www.correiobraziliense.com.br\/cbradar\/esta-e-a-maneira-mais-segura-de-abrir-um-abacate-e-evitar-a-mao-de-abacate\/\" \/>\n<meta property=\"og:locale\" content=\"pt_BR\" \/>\n<meta property=\"og:type\" content=\"article\" \/>\n<meta property=\"og:title\" content=\"Esta \u00e9 a maneira mais segura de abrir um abacate e evitar a m\u00e3o de abacate\" \/>\n<meta property=\"og:description\" content=\"Aprenda a cortar abacate com seguran\u00e7a e evite acidentes na cozinha. Siga estas dicas simples e aproveite seus abacates sem preocupa\u00e7\u00f5es.\" \/>\n<meta property=\"og:url\" content=\"https:\/\/www.correiobraziliense.com.br\/cbradar\/esta-e-a-maneira-mais-segura-de-abrir-um-abacate-e-evitar-a-mao-de-abacate\/\" \/>\n<meta property=\"og:site_name\" content=\"Correio Braziliense - Radar\" \/>\n<meta property=\"article:published_time\" content=\"2025-08-31T20:23:00+00:00\" \/>\n<meta property=\"og:image\" content=\"https:\/\/www.correiobraziliense.com.br\/cbradar\/wp-content\/uploads\/2025\/08\/abacate_1756585704236.jpg\" \/>\n\t<meta property=\"og:image:width\" content=\"1280\" \/>\n\t<meta property=\"og:image:height\" content=\"720\" \/>\n\t<meta property=\"og:image:type\" content=\"image\/jpeg\" \/>\n<meta name=\"author\" content=\"Larissa Carvalho\" \/>\n<meta name=\"twitter:card\" content=\"summary_large_image\" \/>\n<meta name=\"twitter:label1\" content=\"Escrito por\" \/>\n\t<meta name=\"twitter:data1\" content=\"Larissa Carvalho\" \/>\n\t<meta name=\"twitter:label2\" content=\"Est. tempo de leitura\" \/>\n\t<meta name=\"twitter:data2\" content=\"3 minutos\" \/>\n<!-- \/ Yoast SEO plugin. -->","yoast_head_json":{"title":"Esta \u00e9 a maneira mais segura de abrir um abacate e evitar a m\u00e3o de abacate","description":"Aprenda a cortar abacate com seguran\u00e7a e evite acidentes na cozinha. Siga estas dicas simples e aproveite seus abacates sem preocupa\u00e7\u00f5es.","robots":{"index":"index","follow":"follow","max-snippet":"max-snippet:-1","max-image-preview":"max-image-preview:large","max-video-preview":"max-video-preview:-1"},"canonical":"https:\/\/www.correiobraziliense.com.br\/cbradar\/esta-e-a-maneira-mais-segura-de-abrir-um-abacate-e-evitar-a-mao-de-abacate\/","og_locale":"pt_BR","og_type":"article","og_title":"Esta \u00e9 a maneira mais segura de abrir um abacate e evitar a m\u00e3o de abacate","og_description":"Aprenda a cortar abacate com seguran\u00e7a e evite acidentes na cozinha. Siga estas dicas simples e aproveite seus abacates sem preocupa\u00e7\u00f5es.","og_url":"https:\/\/www.correiobraziliense.com.br\/cbradar\/esta-e-a-maneira-mais-segura-de-abrir-um-abacate-e-evitar-a-mao-de-abacate\/","og_site_name":"Correio Braziliense - Radar","article_published_time":"2025-08-31T20:23:00+00:00","og_image":[{"width":1280,"height":720,"url":"https:\/\/www.correiobraziliense.com.br\/cbradar\/wp-content\/uploads\/2025\/08\/abacate_1756585704236.jpg","type":"image\/jpeg"}],"author":"Larissa Carvalho","twitter_card":"summary_large_image","twitter_misc":{"Escrito por":"Larissa Carvalho","Est. tempo de leitura":"3 minutos"},"schema":{"@context":"https:\/\/schema.org","@graph":[{"@type":"WebPage","@id":"https:\/\/www.correiobraziliense.com.br\/cbradar\/esta-e-a-maneira-mais-segura-de-abrir-um-abacate-e-evitar-a-mao-de-abacate\/","url":"https:\/\/www.correiobraziliense.com.br\/cbradar\/esta-e-a-maneira-mais-segura-de-abrir-um-abacate-e-evitar-a-mao-de-abacate\/","name":"Esta \u00e9 a maneira mais segura de abrir um abacate e evitar a m\u00e3o de abacate","isPartOf":{"@id":"https:\/\/www.correiobraziliense.com.br\/cbradar\/#website"},"primaryImageOfPage":{"@id":"https:\/\/www.correiobraziliense.com.br\/cbradar\/esta-e-a-maneira-mais-segura-de-abrir-um-abacate-e-evitar-a-mao-de-abacate\/#primaryimage"},"image":{"@id":"https:\/\/www.correiobraziliense.com.br\/cbradar\/esta-e-a-maneira-mais-segura-de-abrir-um-abacate-e-evitar-a-mao-de-abacate\/#primaryimage"},"thumbnailUrl":"https:\/\/www.correiobraziliense.com.br\/cbradar\/wp-content\/uploads\/2025\/08\/abacate_1756585704236.jpg","datePublished":"2025-08-31T20:23:00+00:00","author":{"@id":"https:\/\/www.correiobraziliense.com.br\/cbradar\/#\/schema\/person\/58422787644df994b53a19d3e56c1513"},"description":"Aprenda a cortar abacate com seguran\u00e7a e evite acidentes na cozinha. Siga estas dicas simples e aproveite seus abacates sem preocupa\u00e7\u00f5es.","breadcrumb":{"@id":"https:\/\/www.correiobraziliense.com.br\/cbradar\/esta-e-a-maneira-mais-segura-de-abrir-um-abacate-e-evitar-a-mao-de-abacate\/#breadcrumb"},"inLanguage":"pt-BR","potentialAction":[{"@type":"ReadAction","target":["https:\/\/www.correiobraziliense.com.br\/cbradar\/esta-e-a-maneira-mais-segura-de-abrir-um-abacate-e-evitar-a-mao-de-abacate\/"]}]},{"@type":"ImageObject","inLanguage":"pt-BR","@id":"https:\/\/www.correiobraziliense.com.br\/cbradar\/esta-e-a-maneira-mais-segura-de-abrir-um-abacate-e-evitar-a-mao-de-abacate\/#primaryimage","url":"https:\/\/www.correiobraziliense.com.br\/cbradar\/wp-content\/uploads\/2025\/08\/abacate_1756585704236.jpg","contentUrl":"https:\/\/www.correiobraziliense.com.br\/cbradar\/wp-content\/uploads\/2025\/08\/abacate_1756585704236.jpg","width":1280,"height":720,"caption":"abacate. Cr\u00e9ditos: depositphotos.com \/ perfectfood78.gmail.com"},{"@type":"BreadcrumbList","@id":"https:\/\/www.correiobraziliense.com.br\/cbradar\/esta-e-a-maneira-mais-segura-de-abrir-um-abacate-e-evitar-a-mao-de-abacate\/#breadcrumb","itemListElement":[{"@type":"ListItem","position":1,"name":"In\u00edcio","item":"https:\/\/www.correiobraziliense.com.br\/cbradar\/"},{"@type":"ListItem","position":2,"name":"Esta \u00e9 a maneira mais segura de abrir um abacate e evitar a m\u00e3o de abacate"}]},{"@type":"WebSite","@id":"https:\/\/www.correiobraziliense.com.br\/cbradar\/#website","url":"https:\/\/www.correiobraziliense.com.br\/cbradar\/","name":"Correio Braziliense - Radar","description":"Acompanhe as \u00faltimas not\u00edcias e fique bem informado sobre tudo o que acontece no Brasil e no mundo.","potentialAction":[{"@type":"SearchAction","target":{"@type":"EntryPoint","urlTemplate":"https:\/\/www.correiobraziliense.com.br\/cbradar\/?s={search_term_string}"},"query-input":{"@type":"PropertyValueSpecification","valueRequired":true,"valueName":"search_term_string"}}],"inLanguage":"pt-BR"},{"@type":"Person","@id":"https:\/\/www.correiobraziliense.com.br\/cbradar\/#\/schema\/person\/58422787644df994b53a19d3e56c1513","name":"Larissa Carvalho","image":{"@type":"ImageObject","inLanguage":"pt-BR","@id":"https:\/\/www.correiobraziliense.com.br\/cbradar\/#\/schema\/person\/image\/","url":"https:\/\/secure.gravatar.com\/avatar\/fe4f91a0de32b52a838d0d612abdc1aa?s=96&d=mm&r=g","contentUrl":"https:\/\/secure.gravatar.com\/avatar\/fe4f91a0de32b52a838d0d612abdc1aa?s=96&d=mm&r=g","caption":"Larissa Carvalho"},"url":"https:\/\/www.correiobraziliense.com.br\/cbradar\/author\/larissamyth\/"}]}},"_links":{"self":[{"href":"https:\/\/www.correiobraziliense.com.br\/cbradar\/wp-json\/wp\/v2\/posts\/95375","targetHints":{"allow":["GET"]}}],"collection":[{"href":"https:\/\/www.correiobraziliense.com.br\/cbradar\/wp-json\/wp\/v2\/posts"}],"about":[{"href":"https:\/\/www.correiobraziliense.com.br\/cbradar\/wp-json\/wp\/v2\/types\/post"}],"author":[{"embeddable":true,"href":"https:\/\/www.correiobraziliense.com.br\/cbradar\/wp-json\/wp\/v2\/users\/3"}],"replies":[{"embeddable":true,"href":"https:\/\/www.correiobraziliense.com.br\/cbradar\/wp-json\/wp\/v2\/comments?post=95375"}],"version-history":[{"count":2,"href":"https:\/\/www.correiobraziliense.com.br\/cbradar\/wp-json\/wp\/v2\/posts\/95375\/revisions"}],"predecessor-version":[{"id":95379,"href":"https:\/\/www.correiobraziliense.com.br\/cbradar\/wp-json\/wp\/v2\/posts\/95375\/revisions\/95379"}],"wp:featuredmedia":[{"embeddable":true,"href":"https:\/\/www.correiobraziliense.com.br\/cbradar\/wp-json\/wp\/v2\/media\/95377"}],"wp:attachment":[{"href":"https:\/\/www.correiobraziliense.com.br\/cbradar\/wp-json\/wp\/v2\/media?parent=95375"}],"wp:term":[{"taxonomy":"category","embeddable":true,"href":"https:\/\/www.correiobraziliense.com.br\/cbradar\/wp-json\/wp\/v2\/categories?post=95375"},{"taxonomy":"post_tag","embeddable":true,"href":"https:\/\/www.correiobraziliense.com.br\/cbradar\/wp-json\/wp\/v2\/tags?post=95375"}],"curies":[{"name":"wp","href":"https:\/\/api.w.org\/{rel}","templated":true}]}}