{"id":9553,"date":"2025-03-07T12:50:00","date_gmt":"2025-03-07T15:50:00","guid":{"rendered":"https:\/\/www.correiobraziliense.com.br\/cbradar\/?p=9553"},"modified":"2025-03-07T06:45:53","modified_gmt":"2025-03-07T09:45:53","slug":"nova-clt-pode-impactar-nas-suas-ferias-veja-mudancas","status":"publish","type":"post","link":"https:\/\/www.correiobraziliense.com.br\/cbradar\/nova-clt-pode-impactar-nas-suas-ferias-veja-mudancas\/","title":{"rendered":"Nova CLT pode impactar nas suas f\u00e9rias, veja mudan\u00e7as"},"content":{"rendered":"\n<p>A <strong><a href=\"https:\/\/www.planalto.gov.br\/ccivil_03\/decreto-lei\/del5452.htm\" target=\"_blank\" rel=\"noreferrer noopener\">Consolida\u00e7\u00e3o das Leis do Trabalho (CLT)<\/a><\/strong> \u00e9 um conjunto de normas que regulamenta as rela\u00e7\u00f5es de trabalho no <strong>Brasil<\/strong>. Criada em 1943, durante o governo de <strong>Get\u00falio Vargas<\/strong>, a CLT foi um marco na prote\u00e7\u00e3o dos direitos dos trabalhadores, estabelecendo garantias como sal\u00e1rio m\u00ednimo, jornada de trabalho e f\u00e9rias remuneradas. Ao longo dos anos, a CLT passou por diversas atualiza\u00e7\u00f5es para se adaptar \u00e0s mudan\u00e7as no mercado de trabalho e nas necessidades dos trabalhadores e empregadores.<\/p>\n\n\n\n<h2 class=\"wp-block-heading\"><strong>Quais s\u00e3o as regras atuais para concess\u00e3o de f\u00e9rias?<\/strong><\/h2>\n\n\n\n<p>Atualmente, a CLT determina que todo trabalhador com carteira assinada tem direito a 30 dias de f\u00e9rias ap\u00f3s completar 12 meses de servi\u00e7o na mesma empresa, per\u00edodo conhecido como &#8220;per\u00edodo aquisitivo&#8221;. Ap\u00f3s esse per\u00edodo, o empregador tem um prazo para conceder as f\u00e9rias, respeitando a legisla\u00e7\u00e3o vigente. As f\u00e9rias s\u00e3o um direito constitucional, garantindo ao trabalhador um per\u00edodo de descanso remunerado, essencial para a sa\u00fade e bem-estar.<\/p>\n\n\n\n<figure class=\"wp-block-image size-large\"><img decoding=\"async\" width=\"1024\" height=\"576\" src=\"https:\/\/www.correiobraziliense.com.br\/cbradar\/wp-content\/uploads\/2025\/03\/Trabalhador_1741273708408-1024x576.jpg\" alt=\"Nova CLT pode impactar nas suas f\u00e9rias, veja mudan\u00e7as\" class=\"wp-image-9555\" srcset=\"https:\/\/www.correiobraziliense.com.br\/cbradar\/wp-content\/uploads\/2025\/03\/Trabalhador_1741273708408-1024x576.jpg 1024w, https:\/\/www.correiobraziliense.com.br\/cbradar\/wp-content\/uploads\/2025\/03\/Trabalhador_1741273708408-300x169.jpg 300w, https:\/\/www.correiobraziliense.com.br\/cbradar\/wp-content\/uploads\/2025\/03\/Trabalhador_1741273708408-768x432.jpg 768w, https:\/\/www.correiobraziliense.com.br\/cbradar\/wp-content\/uploads\/2025\/03\/Trabalhador_1741273708408-750x422.jpg 750w, https:\/\/www.correiobraziliense.com.br\/cbradar\/wp-content\/uploads\/2025\/03\/Trabalhador_1741273708408-1140x641.jpg 1140w, https:\/\/www.correiobraziliense.com.br\/cbradar\/wp-content\/uploads\/2025\/03\/Trabalhador_1741273708408.jpg 1280w\" sizes=\"(max-width: 1024px) 100vw, 1024px\" \/><figcaption class=\"wp-element-caption\">Trabalhador\nCr\u00e9ditos: depositphotos.com \/ AllaSerebrina<\/figcaption><\/figure>\n\n\n\n<h2 class=\"wp-block-heading\"><strong>O que pode mudar nas regras de f\u00e9rias em 2025?<\/strong><\/h2>\n\n\n\n<p>Em 2025, novas propostas de mudan\u00e7as nas regras de concess\u00e3o de f\u00e9rias est\u00e3o em discuss\u00e3o. O foco principal \u00e9 tornar os crit\u00e9rios mais rigorosos, buscando um equil\u00edbrio entre os direitos dos trabalhadores e as necessidades das empresas. Uma das propostas sugere que faltas injustificadas possam impactar mais significativamente o per\u00edodo de f\u00e9rias, reduzindo os dias de descanso. Atualmente, a CLT j\u00e1 prev\u00ea essa possibilidade, mas a ideia \u00e9 tornar a regra mais r\u00edgida.<\/p>\n\n\n\n<h2 class=\"wp-block-heading\"><strong>As f\u00e9rias remuneradas podem ser extintas?<\/strong><\/h2>\n\n\n\n<p>Especialistas afirmam que as f\u00e9rias remuneradas n\u00e3o podem ser extintas, pois s\u00e3o um direito garantido pela Constitui\u00e7\u00e3o Federal. No entanto, a forma como esse benef\u00edcio \u00e9 concedido pode ser alterada. As mudan\u00e7as propostas visam ajustar a legisla\u00e7\u00e3o \u00e0s novas din\u00e2micas do mercado de trabalho, sem comprometer os direitos fundamentais dos trabalhadores. \u00c9 crucial que tanto empregadores quanto empregados acompanhem as atualiza\u00e7\u00f5es na legisla\u00e7\u00e3o trabalhista para compreender como essas mudan\u00e7as podem impactar suas rotinas.<\/p>\n\n\n\n<h2 class=\"wp-block-heading\"><strong>Como as mudan\u00e7as podem afetar o mercado de trabalho?<\/strong><\/h2>\n\n\n\n<p>As poss\u00edveis altera\u00e7\u00f5es nas regras de concess\u00e3o de f\u00e9rias podem ter um impacto significativo no mercado de trabalho. Para os empregadores, as mudan\u00e7as podem oferecer maior flexibilidade na gest\u00e3o de pessoal, permitindo uma melhor adapta\u00e7\u00e3o \u00e0s demandas do mercado. Para os trabalhadores, \u00e9 essencial que as altera\u00e7\u00f5es n\u00e3o comprometam o direito ao descanso, fundamental para a sa\u00fade e produtividade. Acompanhar as discuss\u00f5es e entender as novas regras ser\u00e1 crucial para todos os envolvidos.<\/p>\n","protected":false},"excerpt":{"rendered":"<p>Com as novas mudan\u00e7as, algumas regras de f\u00e9rias podem alterar, entenda o que pode mudar no seu dia a dia como celetista<\/p>\n","protected":false},"author":3,"featured_media":9554,"comment_status":"open","ping_status":"open","sticky":false,"template":"","format":"standard","meta":{"_yoast_wpseo_focuskw":"CLT f\u00e9rias","_yoast_wpseo_title":"%%title%%","_yoast_wpseo_metadesc":"Com as novas mudan\u00e7as, algumas regras de f\u00e9rias podem alterar, entenda o que pode mudar no seu dia a dia como celetista","jnews-multi-image_gallery":[],"jnews_single_post":{"format":"standard"},"jnews_primary_category":[],"jnews_social_meta":[],"jnews_override_counter":[],"footnotes":""},"categories":[112],"post_tag":[263,1644],"class_list":["post-9553","post","type-post","status-publish","format-standard","has-post-thumbnail","hentry","category-curiosidades","tag-clt","tag-ferias"],"yoast_head":"<!-- This site is optimized with the Yoast SEO plugin v24.6 - https:\/\/yoast.com\/wordpress\/plugins\/seo\/ -->\n<title>Nova CLT pode impactar nas suas f\u00e9rias, veja mudan\u00e7as<\/title>\n<meta name=\"description\" content=\"Com as novas mudan\u00e7as, algumas regras de f\u00e9rias podem alterar, entenda o que pode mudar no seu dia a dia como celetista\" \/>\n<meta name=\"robots\" content=\"index, follow, max-snippet:-1, max-image-preview:large, max-video-preview:-1\" \/>\n<link rel=\"canonical\" href=\"https:\/\/www.correiobraziliense.com.br\/cbradar\/nova-clt-pode-impactar-nas-suas-ferias-veja-mudancas\/\" \/>\n<meta property=\"og:locale\" content=\"pt_BR\" \/>\n<meta property=\"og:type\" content=\"article\" \/>\n<meta property=\"og:title\" content=\"Nova CLT pode impactar nas suas f\u00e9rias, veja mudan\u00e7as\" \/>\n<meta property=\"og:description\" content=\"Com as novas mudan\u00e7as, algumas regras de f\u00e9rias podem alterar, entenda o que pode mudar no seu dia a dia como celetista\" \/>\n<meta property=\"og:url\" content=\"https:\/\/www.correiobraziliense.com.br\/cbradar\/nova-clt-pode-impactar-nas-suas-ferias-veja-mudancas\/\" \/>\n<meta property=\"og:site_name\" content=\"Correio Braziliense - Radar\" \/>\n<meta property=\"article:published_time\" content=\"2025-03-07T15:50:00+00:00\" \/>\n<meta property=\"og:image\" content=\"https:\/\/www.correiobraziliense.com.br\/cbradar\/wp-content\/uploads\/2025\/03\/Trabalhador_1741273649391.jpg\" \/>\n\t<meta property=\"og:image:width\" content=\"1280\" \/>\n\t<meta property=\"og:image:height\" content=\"720\" \/>\n\t<meta property=\"og:image:type\" content=\"image\/jpeg\" \/>\n<meta name=\"author\" content=\"Larissa Carvalho\" \/>\n<meta name=\"twitter:card\" content=\"summary_large_image\" \/>\n<meta name=\"twitter:label1\" content=\"Escrito por\" \/>\n\t<meta name=\"twitter:data1\" content=\"Larissa Carvalho\" \/>\n\t<meta name=\"twitter:label2\" content=\"Est. tempo de leitura\" \/>\n\t<meta name=\"twitter:data2\" content=\"3 minutos\" \/>\n<!-- \/ Yoast SEO plugin. -->","yoast_head_json":{"title":"Nova CLT pode impactar nas suas f\u00e9rias, veja mudan\u00e7as","description":"Com as novas mudan\u00e7as, algumas regras de f\u00e9rias podem alterar, entenda o que pode mudar no seu dia a dia como celetista","robots":{"index":"index","follow":"follow","max-snippet":"max-snippet:-1","max-image-preview":"max-image-preview:large","max-video-preview":"max-video-preview:-1"},"canonical":"https:\/\/www.correiobraziliense.com.br\/cbradar\/nova-clt-pode-impactar-nas-suas-ferias-veja-mudancas\/","og_locale":"pt_BR","og_type":"article","og_title":"Nova CLT pode impactar nas suas f\u00e9rias, veja mudan\u00e7as","og_description":"Com as novas mudan\u00e7as, algumas regras de f\u00e9rias podem alterar, entenda o que pode mudar no seu dia a dia como celetista","og_url":"https:\/\/www.correiobraziliense.com.br\/cbradar\/nova-clt-pode-impactar-nas-suas-ferias-veja-mudancas\/","og_site_name":"Correio Braziliense - Radar","article_published_time":"2025-03-07T15:50:00+00:00","og_image":[{"width":1280,"height":720,"url":"https:\/\/www.correiobraziliense.com.br\/cbradar\/wp-content\/uploads\/2025\/03\/Trabalhador_1741273649391.jpg","type":"image\/jpeg"}],"author":"Larissa Carvalho","twitter_card":"summary_large_image","twitter_misc":{"Escrito por":"Larissa Carvalho","Est. tempo de leitura":"3 minutos"},"schema":{"@context":"https:\/\/schema.org","@graph":[{"@type":"WebPage","@id":"https:\/\/www.correiobraziliense.com.br\/cbradar\/nova-clt-pode-impactar-nas-suas-ferias-veja-mudancas\/","url":"https:\/\/www.correiobraziliense.com.br\/cbradar\/nova-clt-pode-impactar-nas-suas-ferias-veja-mudancas\/","name":"Nova CLT pode impactar nas suas f\u00e9rias, veja mudan\u00e7as","isPartOf":{"@id":"https:\/\/www.correiobraziliense.com.br\/cbradar\/#website"},"primaryImageOfPage":{"@id":"https:\/\/www.correiobraziliense.com.br\/cbradar\/nova-clt-pode-impactar-nas-suas-ferias-veja-mudancas\/#primaryimage"},"image":{"@id":"https:\/\/www.correiobraziliense.com.br\/cbradar\/nova-clt-pode-impactar-nas-suas-ferias-veja-mudancas\/#primaryimage"},"thumbnailUrl":"https:\/\/www.correiobraziliense.com.br\/cbradar\/wp-content\/uploads\/2025\/03\/Trabalhador_1741273649391.jpg","datePublished":"2025-03-07T15:50:00+00:00","author":{"@id":"https:\/\/www.correiobraziliense.com.br\/cbradar\/#\/schema\/person\/58422787644df994b53a19d3e56c1513"},"description":"Com as novas mudan\u00e7as, algumas regras de f\u00e9rias podem alterar, entenda o que pode mudar no seu dia a dia como celetista","breadcrumb":{"@id":"https:\/\/www.correiobraziliense.com.br\/cbradar\/nova-clt-pode-impactar-nas-suas-ferias-veja-mudancas\/#breadcrumb"},"inLanguage":"pt-BR","potentialAction":[{"@type":"ReadAction","target":["https:\/\/www.correiobraziliense.com.br\/cbradar\/nova-clt-pode-impactar-nas-suas-ferias-veja-mudancas\/"]}]},{"@type":"ImageObject","inLanguage":"pt-BR","@id":"https:\/\/www.correiobraziliense.com.br\/cbradar\/nova-clt-pode-impactar-nas-suas-ferias-veja-mudancas\/#primaryimage","url":"https:\/\/www.correiobraziliense.com.br\/cbradar\/wp-content\/uploads\/2025\/03\/Trabalhador_1741273649391.jpg","contentUrl":"https:\/\/www.correiobraziliense.com.br\/cbradar\/wp-content\/uploads\/2025\/03\/Trabalhador_1741273649391.jpg","width":1280,"height":720,"caption":"Trabalhado Cr\u00e9ditos: depositphotos.com \/ IgorVetushko"},{"@type":"BreadcrumbList","@id":"https:\/\/www.correiobraziliense.com.br\/cbradar\/nova-clt-pode-impactar-nas-suas-ferias-veja-mudancas\/#breadcrumb","itemListElement":[{"@type":"ListItem","position":1,"name":"In\u00edcio","item":"https:\/\/www.correiobraziliense.com.br\/cbradar\/"},{"@type":"ListItem","position":2,"name":"Nova CLT pode impactar nas suas f\u00e9rias, veja mudan\u00e7as"}]},{"@type":"WebSite","@id":"https:\/\/www.correiobraziliense.com.br\/cbradar\/#website","url":"https:\/\/www.correiobraziliense.com.br\/cbradar\/","name":"Correio Braziliense - Radar","description":"Acompanhe as \u00faltimas not\u00edcias e fique bem informado sobre tudo o que acontece no Brasil e no mundo.","potentialAction":[{"@type":"SearchAction","target":{"@type":"EntryPoint","urlTemplate":"https:\/\/www.correiobraziliense.com.br\/cbradar\/?s={search_term_string}"},"query-input":{"@type":"PropertyValueSpecification","valueRequired":true,"valueName":"search_term_string"}}],"inLanguage":"pt-BR"},{"@type":"Person","@id":"https:\/\/www.correiobraziliense.com.br\/cbradar\/#\/schema\/person\/58422787644df994b53a19d3e56c1513","name":"Larissa Carvalho","image":{"@type":"ImageObject","inLanguage":"pt-BR","@id":"https:\/\/www.correiobraziliense.com.br\/cbradar\/#\/schema\/person\/image\/","url":"https:\/\/secure.gravatar.com\/avatar\/fe4f91a0de32b52a838d0d612abdc1aa?s=96&d=mm&r=g","contentUrl":"https:\/\/secure.gravatar.com\/avatar\/fe4f91a0de32b52a838d0d612abdc1aa?s=96&d=mm&r=g","caption":"Larissa Carvalho"},"url":"https:\/\/www.correiobraziliense.com.br\/cbradar\/author\/larissamyth\/"}]}},"_links":{"self":[{"href":"https:\/\/www.correiobraziliense.com.br\/cbradar\/wp-json\/wp\/v2\/posts\/9553","targetHints":{"allow":["GET"]}}],"collection":[{"href":"https:\/\/www.correiobraziliense.com.br\/cbradar\/wp-json\/wp\/v2\/posts"}],"about":[{"href":"https:\/\/www.correiobraziliense.com.br\/cbradar\/wp-json\/wp\/v2\/types\/post"}],"author":[{"embeddable":true,"href":"https:\/\/www.correiobraziliense.com.br\/cbradar\/wp-json\/wp\/v2\/users\/3"}],"replies":[{"embeddable":true,"href":"https:\/\/www.correiobraziliense.com.br\/cbradar\/wp-json\/wp\/v2\/comments?post=9553"}],"version-history":[{"count":2,"href":"https:\/\/www.correiobraziliense.com.br\/cbradar\/wp-json\/wp\/v2\/posts\/9553\/revisions"}],"predecessor-version":[{"id":9871,"href":"https:\/\/www.correiobraziliense.com.br\/cbradar\/wp-json\/wp\/v2\/posts\/9553\/revisions\/9871"}],"wp:featuredmedia":[{"embeddable":true,"href":"https:\/\/www.correiobraziliense.com.br\/cbradar\/wp-json\/wp\/v2\/media\/9554"}],"wp:attachment":[{"href":"https:\/\/www.correiobraziliense.com.br\/cbradar\/wp-json\/wp\/v2\/media?parent=9553"}],"wp:term":[{"taxonomy":"category","embeddable":true,"href":"https:\/\/www.correiobraziliense.com.br\/cbradar\/wp-json\/wp\/v2\/categories?post=9553"},{"taxonomy":"post_tag","embeddable":true,"href":"https:\/\/www.correiobraziliense.com.br\/cbradar\/wp-json\/wp\/v2\/post_tag?post=9553"}],"curies":[{"name":"wp","href":"https:\/\/api.w.org\/{rel}","templated":true}]}}