{"id":95609,"date":"2025-08-31T14:23:00","date_gmt":"2025-08-31T17:23:00","guid":{"rendered":"https:\/\/www.correiobraziliense.com.br\/cbradar\/?p=95609"},"modified":"2025-08-31T01:42:54","modified_gmt":"2025-08-31T04:42:54","slug":"por-que-a-pneumonia-e-tao-letal-na-terceira-idade","status":"publish","type":"post","link":"https:\/\/www.correiobraziliense.com.br\/cbradar\/por-que-a-pneumonia-e-tao-letal-na-terceira-idade\/","title":{"rendered":"Por que a Pneumonia \u00e9 t\u00e3o letal na terceira idade"},"content":{"rendered":"\n<p>A <strong>Pneumonia<\/strong>, uma infec\u00e7\u00e3o aguda que inflama os alv\u00e9olos pulmonares, pode ser causada por v\u00edrus, bact\u00e9rias, fungos ou parasitas. Essa condi\u00e7\u00e3o se destaca pela sua gravidade em grupos vulner\u00e1veis, especialmente entre idosos e crian\u00e7as. A causa mais comum de Pneumonia \u00e9 a bact\u00e9ria\u00a0<strong>Streptococcus pneumoniae<\/strong>, tamb\u00e9m conhecida como pneumococo. Este tipo de Pneumonia tem um impacto significativo devido \u00e0 sua capacidade de danificar as estruturas pulmonares respons\u00e1veis pelas trocas gasosas fundamentais para o funcionamento celular.<\/p>\n\n\n\n<p>Nos idosos, a Pneumonia apresenta riscos adicionais. Com o avan\u00e7o da idade, h\u00e1 uma redu\u00e7\u00e3o natural da capacidade pulmonar, fator que agrava ainda mais a situa\u00e7\u00e3o. Essa perda progressiva de capacidade respirat\u00f3ria come\u00e7a ap\u00f3s os 20 a 25 anos, tornando as infec\u00e7\u00f5es pulmonares mais desafiadoras e potencialmente fatais. Os sintomas incluem dificuldade para respirar e dor, provocados pelo ac\u00famulo de pus e l\u00edquido nos alv\u00e9olos, que deveriam estar cheios de ar.<\/p>\n\n\n\n<h2 class=\"wp-block-heading\">Por que a Pneumonia \u00e9 mais severa em idosos?<\/h2>\n\n\n\n<p>Os idosos enfrentam um quadro cl\u00ednico mais complicado quando lidam com a Pneumonia, em parte devido \u00e0 fragilidade do sistema imunol\u00f3gico associado ao envelhecimento. Este processo natural de envelhecimento resulta na incapacidade do corpo de combater infec\u00e7\u00f5es com a mesma efic\u00e1cia de antes. Al\u00e9m disso, muitos idosos convivem simultaneamente com condi\u00e7\u00f5es cr\u00f4nicas, como problemas card\u00edacos ou diabetes, que podem complicar ainda mais a resposta do organismo \u00e0 Pneumonia.<\/p>\n\n\n<div class=\"wp-block-image\">\n<figure class=\"aligncenter size-large\"><img decoding=\"async\" width=\"1024\" height=\"576\" src=\"https:\/\/www.correiobraziliense.com.br\/cbradar\/wp-content\/uploads\/2025\/08\/Pneumonia_1756615369098-1024x576.jpg\" alt=\"\" class=\"wp-image-95613\" srcset=\"https:\/\/www.correiobraziliense.com.br\/cbradar\/wp-content\/uploads\/2025\/08\/Pneumonia_1756615369098-1024x576.jpg 1024w, https:\/\/www.correiobraziliense.com.br\/cbradar\/wp-content\/uploads\/2025\/08\/Pneumonia_1756615369098-300x169.jpg 300w, https:\/\/www.correiobraziliense.com.br\/cbradar\/wp-content\/uploads\/2025\/08\/Pneumonia_1756615369098-768x432.jpg 768w, https:\/\/www.correiobraziliense.com.br\/cbradar\/wp-content\/uploads\/2025\/08\/Pneumonia_1756615369098-750x422.jpg 750w, https:\/\/www.correiobraziliense.com.br\/cbradar\/wp-content\/uploads\/2025\/08\/Pneumonia_1756615369098-1140x641.jpg 1140w, https:\/\/www.correiobraziliense.com.br\/cbradar\/wp-content\/uploads\/2025\/08\/Pneumonia_1756615369098.jpg 1280w\" sizes=\"(max-width: 1024px) 100vw, 1024px\" \/><figcaption class=\"wp-element-caption\">Pneumonia &#8211; Cr\u00e9ditos: depositphotos.com \/ DragonImages<\/figcaption><\/figure><\/div>\n\n\n<p>O tratamento da Pneumonia em idosos requer um olhar atento e integrado, muitas vezes necessitando de hospitaliza\u00e7\u00e3o para o uso de antibi\u00f3ticos intravenosos e suporte respirat\u00f3rio. A recupera\u00e7\u00e3o \u00e9 geralmente mais lenta e os riscos de complica\u00e7\u00f5es, como fal\u00eancia respirat\u00f3ria, s\u00e3o aumentados. Por isso, a vacina\u00e7\u00e3o \u00e9 uma estrat\u00e9gia preventiva essencial para reduzir a ocorr\u00eancia e a severidade dos casos, protegendo os grupos mais vulner\u00e1veis.<\/p>\n\n\n\n<h2 class=\"wp-block-heading\">Quais s\u00e3o as medidas preventivas mais eficazes para combater a Pneumonia?<\/h2>\n\n\n\n<p>A preven\u00e7\u00e3o da Pneumonia, especialmente entre os idosos, passa por um conjunto de a\u00e7\u00f5es que envolvem desde medidas de higiene at\u00e9 a vacina\u00e7\u00e3o. A vacina pneumoc\u00f3cica \u00e9 uma importante aliada na redu\u00e7\u00e3o da incid\u00eancia da doen\u00e7a. Adicionalmente, garantir uma boa nutri\u00e7\u00e3o, hidrata\u00e7\u00e3o adequada e evitar o contato com fontes de infec\u00e7\u00e3o s\u00e3o passos importantes para proteger os idosos. \u00c9 fundamental tamb\u00e9m o acompanhamento <a href=\"https:\/\/www.instagram.com\/rodrigosouzacardio\/\" target=\"_blank\" rel=\"noreferrer noopener\">m\u00e9dico <\/a>regular para monitorar a sa\u00fade pulmonar e geral do paciente, especialmente se houver hist\u00f3rico de doen\u00e7as respirat\u00f3rias.<\/p>\n\n\n\n<p>H\u00e1 ainda recomenda\u00e7\u00f5es comuns, como lavar as m\u00e3os frequentemente e evitar ambientes com fumantes, que s\u00e3o parte de um esfor\u00e7o maior para minimizar os riscos de infec\u00e7\u00e3o. A educa\u00e7\u00e3o dos cuidadores e familiares sobre os sinais de alerta da Pneumonia pode ser vital na identifica\u00e7\u00e3o precoce da doen\u00e7a e na busca por atendimento <a href=\"https:\/\/www.correiobraziliense.com.br\/cbradar\/dr-rodrigo-souza-cardiologista-coracao-acelerado-em-repouso-pode-ser-alerta-silencioso\/\" target=\"_blank\" rel=\"noreferrer noopener\">m\u00e9dico<\/a>. A preven\u00e7\u00e3o, portanto, \u00e9 a melhor forma de controlar a dissemina\u00e7\u00e3o e o impacto das doen\u00e7as respirat\u00f3rias entre os idosos.<\/p>\n\n\n\n<h2 class=\"wp-block-heading\">Como enfrentar os desafios da Pneumonia na terceira idade?<\/h2>\n\n\n\n<p>Viver com doen\u00e7as cr\u00f4nicas ou lidar com problemas de sa\u00fade complexos \u00e9 uma realidade que muitos idosos enfrentam. No entanto, a compreens\u00e3o dos riscos e das medidas preventivas contra a Pneumonia pode fazer uma diferen\u00e7a consider\u00e1vel na qualidade de vida. A implementa\u00e7\u00e3o de medidas preventivas e o reconhecimento precoce dos sintomas s\u00e3o cruciais. Sobretudo, a sociedade e os sistemas de <a href=\"https:\/\/www.gov.br\/saude\/pt-br\" target=\"_blank\" rel=\"noreferrer noopener\">sa\u00fade <\/a>precisam estar bem preparados para apoiar essa faixa et\u00e1ria, promovendo ambientes seguros e saud\u00e1veis.<\/p>\n\n\n\n<p>Com um enfoque na preven\u00e7\u00e3o e conscientiza\u00e7\u00e3o, \u00e9 poss\u00edvel mitigar os s\u00e9rios riscos que a Pneumonia representa para os idosos. A integra\u00e7\u00e3o de a\u00e7\u00f5es educativas e de vacina\u00e7\u00e3o no cotidiano dessas pessoas \u00e9 n\u00e3o apenas desej\u00e1vel, mas imprescind\u00edvel. Assim, \u00e9 poss\u00edvel proporcionar aos idosos uma vida mais saud\u00e1vel e com menos complica\u00e7\u00f5es relacionadas a doen\u00e7as respirat\u00f3rias graves.<\/p>\n\n\n<a href=\"https:\/\/www.instagram.com\/dra.annaluisabf\/\" target=\"_blank\" rel=\"noopener\" style=\"text-decoration: none; color: inherit;\">\n    <span style=\"display: inline-block; border: 1px solid #ccc; border-radius: 10px; padding: 15px; max-width: 550px; font-family: sans-serif; box-shadow: 0 2px 5px rgba(0,0,0,0.1); width: 100%;\">\n\n      <!-- T\u00edtulo -->\n      <span style=\"display: block; margin: 0 0 15px 0; font-weight: bold; color: #2c3e50; text-align: center;\">\n        Entre em contato:\n      <\/span>\n\n      <!-- Linha do perfil -->\n      <span style=\"display: flex; align-items: center; gap: 15px;\">\n        <img decoding=\"async\"\n          src=\"https:\/\/www.correiobraziliense.com.br\/cbradar\/wp-content\/uploads\/2025\/08\/dra_anna_luisa.jpeg\"\n          alt=\"Foto da Dra. Anna Lu\u00edsa\"\n          style=\"border-radius: 50%; width: 80px; height: 80px; object-fit: cover;\"\n        \/>\n        <span style=\"display: flex; flex-direction: column;\">\n          <span style=\"font-size: 18px; font-weight: 700; color: #2c3e50;\">Dra. Anna Lu\u00edsa Barbosa Fernandes<\/span>\n          <span style=\"color: #555;\">CRM-GO 33.271<\/span>\n        <\/span>\n      <\/span>\n\n      <!-- Redes -->\n      <span style=\"display: flex; align-items: center; gap: 10px; margin-top: 12px;\">\n        <img decoding=\"async\" src=\"https:\/\/cdn-icons-png.flaticon.com\/24\/1384\/1384063.png\" alt=\"Instagram\" width=\"24\" height=\"24\" \/>\n        <span style=\"text-decoration: underline; color: #2c3e50;\">@dra.annaluisabf<\/span>\n      <\/span>\n\n    <\/span>\n  <\/a>\n\n\n<p><\/p>\n","protected":false},"excerpt":{"rendered":"<p>A Pneumonia, uma infec\u00e7\u00e3o aguda que inflama os alv\u00e9olos pulmonares, pode ser causada por v\u00edrus, bact\u00e9rias, fungos ou parasitas. Essa condi\u00e7\u00e3o se destaca pela sua gravidade em grupos vulner\u00e1veis, especialmente entre idosos e crian\u00e7as. A causa mais comum de Pneumonia \u00e9 a bact\u00e9ria\u00a0Streptococcus pneumoniae, tamb\u00e9m conhecida como pneumococo. Este tipo de Pneumonia tem um impacto [&hellip;]<\/p>\n","protected":false},"author":14,"featured_media":95612,"comment_status":"open","ping_status":"open","sticky":false,"template":"","format":"standard","meta":{"_yoast_wpseo_focuskw":"Pneumonia","_yoast_wpseo_title":"","_yoast_wpseo_metadesc":"Veja por que a pneumonia \u00e9 mais perigosa na terceira idade e como a\u00e7\u00f5es simples podem salvar vidas quando os primeiros sintomas aparecem.","jnews-multi-image_gallery":[],"jnews_single_post":{"format":"standard"},"jnews_primary_category":[],"jnews_social_meta":[],"jnews_override_counter":[],"footnotes":""},"categories":[4404],"post_tag":[120,9924,1318],"class_list":["post-95609","post","type-post","status-publish","format-standard","has-post-thumbnail","hentry","category-saude","tag-bem-estar","tag-pneumonia","tag-saude-2"],"yoast_head":"<!-- This site is optimized with the Yoast SEO plugin v24.6 - https:\/\/yoast.com\/wordpress\/plugins\/seo\/ -->\n<title>Por que a Pneumonia \u00e9 t\u00e3o letal na terceira idade - Correio Braziliense - Radar<\/title>\n<meta name=\"description\" content=\"Veja por que a pneumonia \u00e9 mais perigosa na terceira idade e como a\u00e7\u00f5es simples podem salvar vidas quando os primeiros sintomas aparecem.\" \/>\n<meta name=\"robots\" content=\"index, follow, max-snippet:-1, max-image-preview:large, max-video-preview:-1\" \/>\n<link rel=\"canonical\" href=\"https:\/\/www.correiobraziliense.com.br\/cbradar\/por-que-a-pneumonia-e-tao-letal-na-terceira-idade\/\" \/>\n<meta property=\"og:locale\" content=\"pt_BR\" \/>\n<meta property=\"og:type\" content=\"article\" \/>\n<meta property=\"og:title\" content=\"Por que a Pneumonia \u00e9 t\u00e3o letal na terceira idade - Correio Braziliense - Radar\" \/>\n<meta property=\"og:description\" content=\"Veja por que a pneumonia \u00e9 mais perigosa na terceira idade e como a\u00e7\u00f5es simples podem salvar vidas quando os primeiros sintomas aparecem.\" \/>\n<meta property=\"og:url\" content=\"https:\/\/www.correiobraziliense.com.br\/cbradar\/por-que-a-pneumonia-e-tao-letal-na-terceira-idade\/\" \/>\n<meta property=\"og:site_name\" content=\"Correio Braziliense - Radar\" \/>\n<meta property=\"article:published_time\" content=\"2025-08-31T17:23:00+00:00\" \/>\n<meta property=\"og:image\" content=\"https:\/\/www.correiobraziliense.com.br\/cbradar\/wp-content\/uploads\/2025\/08\/Pneumonia_1756615278620.jpg\" \/>\n\t<meta property=\"og:image:width\" content=\"1280\" \/>\n\t<meta property=\"og:image:height\" content=\"720\" \/>\n\t<meta property=\"og:image:type\" content=\"image\/jpeg\" \/>\n<meta name=\"author\" content=\"guilherme_saude\" \/>\n<meta name=\"twitter:card\" content=\"summary_large_image\" \/>\n<meta name=\"twitter:label1\" content=\"Escrito por\" \/>\n\t<meta name=\"twitter:data1\" content=\"guilherme_saude\" \/>\n\t<meta name=\"twitter:label2\" content=\"Est. tempo de leitura\" \/>\n\t<meta name=\"twitter:data2\" content=\"5 minutos\" \/>\n<!-- \/ Yoast SEO plugin. -->","yoast_head_json":{"title":"Por que a Pneumonia \u00e9 t\u00e3o letal na terceira idade - Correio Braziliense - Radar","description":"Veja por que a pneumonia \u00e9 mais perigosa na terceira idade e como a\u00e7\u00f5es simples podem salvar vidas quando os primeiros sintomas aparecem.","robots":{"index":"index","follow":"follow","max-snippet":"max-snippet:-1","max-image-preview":"max-image-preview:large","max-video-preview":"max-video-preview:-1"},"canonical":"https:\/\/www.correiobraziliense.com.br\/cbradar\/por-que-a-pneumonia-e-tao-letal-na-terceira-idade\/","og_locale":"pt_BR","og_type":"article","og_title":"Por que a Pneumonia \u00e9 t\u00e3o letal na terceira idade - Correio Braziliense - Radar","og_description":"Veja por que a pneumonia \u00e9 mais perigosa na terceira idade e como a\u00e7\u00f5es simples podem salvar vidas quando os primeiros sintomas aparecem.","og_url":"https:\/\/www.correiobraziliense.com.br\/cbradar\/por-que-a-pneumonia-e-tao-letal-na-terceira-idade\/","og_site_name":"Correio Braziliense - Radar","article_published_time":"2025-08-31T17:23:00+00:00","og_image":[{"width":1280,"height":720,"url":"https:\/\/www.correiobraziliense.com.br\/cbradar\/wp-content\/uploads\/2025\/08\/Pneumonia_1756615278620.jpg","type":"image\/jpeg"}],"author":"guilherme_saude","twitter_card":"summary_large_image","twitter_misc":{"Escrito por":"guilherme_saude","Est. tempo de leitura":"5 minutos"},"schema":{"@context":"https:\/\/schema.org","@graph":[{"@type":"WebPage","@id":"https:\/\/www.correiobraziliense.com.br\/cbradar\/por-que-a-pneumonia-e-tao-letal-na-terceira-idade\/","url":"https:\/\/www.correiobraziliense.com.br\/cbradar\/por-que-a-pneumonia-e-tao-letal-na-terceira-idade\/","name":"Por que a Pneumonia \u00e9 t\u00e3o letal na terceira idade - Correio Braziliense - Radar","isPartOf":{"@id":"https:\/\/www.correiobraziliense.com.br\/cbradar\/#website"},"primaryImageOfPage":{"@id":"https:\/\/www.correiobraziliense.com.br\/cbradar\/por-que-a-pneumonia-e-tao-letal-na-terceira-idade\/#primaryimage"},"image":{"@id":"https:\/\/www.correiobraziliense.com.br\/cbradar\/por-que-a-pneumonia-e-tao-letal-na-terceira-idade\/#primaryimage"},"thumbnailUrl":"https:\/\/www.correiobraziliense.com.br\/cbradar\/wp-content\/uploads\/2025\/08\/Pneumonia_1756615278620.jpg","datePublished":"2025-08-31T17:23:00+00:00","author":{"@id":"https:\/\/www.correiobraziliense.com.br\/cbradar\/#\/schema\/person\/5aa4bf3c8fa699c267933611de12978b"},"description":"Veja por que a pneumonia \u00e9 mais perigosa na terceira idade e como a\u00e7\u00f5es simples podem salvar vidas quando os primeiros sintomas aparecem.","breadcrumb":{"@id":"https:\/\/www.correiobraziliense.com.br\/cbradar\/por-que-a-pneumonia-e-tao-letal-na-terceira-idade\/#breadcrumb"},"inLanguage":"pt-BR","potentialAction":[{"@type":"ReadAction","target":["https:\/\/www.correiobraziliense.com.br\/cbradar\/por-que-a-pneumonia-e-tao-letal-na-terceira-idade\/"]}]},{"@type":"ImageObject","inLanguage":"pt-BR","@id":"https:\/\/www.correiobraziliense.com.br\/cbradar\/por-que-a-pneumonia-e-tao-letal-na-terceira-idade\/#primaryimage","url":"https:\/\/www.correiobraziliense.com.br\/cbradar\/wp-content\/uploads\/2025\/08\/Pneumonia_1756615278620.jpg","contentUrl":"https:\/\/www.correiobraziliense.com.br\/cbradar\/wp-content\/uploads\/2025\/08\/Pneumonia_1756615278620.jpg","width":1280,"height":720,"caption":"Pneumonia - Cr\u00e9ditos: depositphotos.com \/ IgorVetushko"},{"@type":"BreadcrumbList","@id":"https:\/\/www.correiobraziliense.com.br\/cbradar\/por-que-a-pneumonia-e-tao-letal-na-terceira-idade\/#breadcrumb","itemListElement":[{"@type":"ListItem","position":1,"name":"In\u00edcio","item":"https:\/\/www.correiobraziliense.com.br\/cbradar\/"},{"@type":"ListItem","position":2,"name":"Por que a Pneumonia \u00e9 t\u00e3o letal na terceira idade"}]},{"@type":"WebSite","@id":"https:\/\/www.correiobraziliense.com.br\/cbradar\/#website","url":"https:\/\/www.correiobraziliense.com.br\/cbradar\/","name":"Correio Braziliense - Radar","description":"Acompanhe as \u00faltimas not\u00edcias e fique bem informado sobre tudo o que acontece no Brasil e no mundo.","potentialAction":[{"@type":"SearchAction","target":{"@type":"EntryPoint","urlTemplate":"https:\/\/www.correiobraziliense.com.br\/cbradar\/?s={search_term_string}"},"query-input":{"@type":"PropertyValueSpecification","valueRequired":true,"valueName":"search_term_string"}}],"inLanguage":"pt-BR"},{"@type":"Person","@id":"https:\/\/www.correiobraziliense.com.br\/cbradar\/#\/schema\/person\/5aa4bf3c8fa699c267933611de12978b","name":"guilherme_saude","image":{"@type":"ImageObject","inLanguage":"pt-BR","@id":"https:\/\/www.correiobraziliense.com.br\/cbradar\/#\/schema\/person\/image\/","url":"https:\/\/secure.gravatar.com\/avatar\/df9adfb835d344bc0af109d41756253f?s=96&d=mm&r=g","contentUrl":"https:\/\/secure.gravatar.com\/avatar\/df9adfb835d344bc0af109d41756253f?s=96&d=mm&r=g","caption":"guilherme_saude"},"url":"https:\/\/www.correiobraziliense.com.br\/cbradar\/author\/guilherme_saude\/"}]}},"_links":{"self":[{"href":"https:\/\/www.correiobraziliense.com.br\/cbradar\/wp-json\/wp\/v2\/posts\/95609","targetHints":{"allow":["GET"]}}],"collection":[{"href":"https:\/\/www.correiobraziliense.com.br\/cbradar\/wp-json\/wp\/v2\/posts"}],"about":[{"href":"https:\/\/www.correiobraziliense.com.br\/cbradar\/wp-json\/wp\/v2\/types\/post"}],"author":[{"embeddable":true,"href":"https:\/\/www.correiobraziliense.com.br\/cbradar\/wp-json\/wp\/v2\/users\/14"}],"replies":[{"embeddable":true,"href":"https:\/\/www.correiobraziliense.com.br\/cbradar\/wp-json\/wp\/v2\/comments?post=95609"}],"version-history":[{"count":1,"href":"https:\/\/www.correiobraziliense.com.br\/cbradar\/wp-json\/wp\/v2\/posts\/95609\/revisions"}],"predecessor-version":[{"id":95614,"href":"https:\/\/www.correiobraziliense.com.br\/cbradar\/wp-json\/wp\/v2\/posts\/95609\/revisions\/95614"}],"wp:featuredmedia":[{"embeddable":true,"href":"https:\/\/www.correiobraziliense.com.br\/cbradar\/wp-json\/wp\/v2\/media\/95612"}],"wp:attachment":[{"href":"https:\/\/www.correiobraziliense.com.br\/cbradar\/wp-json\/wp\/v2\/media?parent=95609"}],"wp:term":[{"taxonomy":"category","embeddable":true,"href":"https:\/\/www.correiobraziliense.com.br\/cbradar\/wp-json\/wp\/v2\/categories?post=95609"},{"taxonomy":"post_tag","embeddable":true,"href":"https:\/\/www.correiobraziliense.com.br\/cbradar\/wp-json\/wp\/v2\/post_tag?post=95609"}],"curies":[{"name":"wp","href":"https:\/\/api.w.org\/{rel}","templated":true}]}}