{"id":9565,"date":"2025-03-07T19:30:00","date_gmt":"2025-03-07T22:30:00","guid":{"rendered":"https:\/\/www.correiobraziliense.com.br\/cbradar\/?p=9565"},"modified":"2025-03-07T06:51:55","modified_gmt":"2025-03-07T09:51:55","slug":"panico-7-retorno-franquia","status":"publish","type":"post","link":"https:\/\/www.correiobraziliense.com.br\/cbradar\/panico-7-retorno-franquia\/","title":{"rendered":"P\u00e2nico 7: o retorno da franquia de terror que promete surpreender os f\u00e3s"},"content":{"rendered":"\n<p><strong>David Arquette<\/strong>, conhecido por seu papel como <strong>Dewey Riley<\/strong> na famosa franquia de terror\u00a0<em><strong>P\u00e2nico<\/strong><\/em>, est\u00e1 confirmado para retornar no s\u00e9timo filme da s\u00e9rie. Esta not\u00edcia vem ap\u00f3s o personagem ter sido dado como morto em\u00a0<strong><em>P\u00e2nico 5<\/em>,<\/strong> lan\u00e7ado em 2022. O retorno de Arquette foi anunciado pelo Deadline, mas detalhes sobre como Dewey ser\u00e1 reintegrado \u00e0 trama ainda n\u00e3o foram revelados.<\/p>\n\n\n\n<p>Com estreia prevista para fevereiro de 2026,\u00a0<em>P\u00e2nico 7<\/em>\u00a0promete trazer de volta outros personagens ic\u00f4nicos, incluindo Stu Macher, interpretado por <strong>Matthew Lillard<\/strong>, que tamb\u00e9m foi morto no primeiro filme da franquia. A expectativa \u00e9 grande para ver como a narrativa ir\u00e1 justificar o retorno desses personagens.<\/p>\n\n\n\n<h2 class=\"wp-block-heading\"><strong>Quem mais retorna em p\u00e2nico 7?<\/strong><\/h2>\n\n\n\n<p>Al\u00e9m de David Arquette,&nbsp;<strong>Neve Campbell<\/strong>&nbsp;tamb\u00e9m est\u00e1 confirmada para reprisar seu papel como Sidney Prescott. A atriz anunciou seu retorno em mar\u00e7o do ano passado, ap\u00f3s ficar de fora do sexto filme devido a desentendimentos contratuais. Courteney Cox, que interpreta Gale Weathers, tamb\u00e9m estar\u00e1 de volta, mantendo sua presen\u00e7a em todos os filmes da s\u00e9rie.<\/p>\n\n\n\n<figure class=\"wp-block-image size-large\"><img decoding=\"async\" width=\"1024\" height=\"576\" src=\"https:\/\/www.correiobraziliense.com.br\/cbradar\/wp-content\/uploads\/2025\/03\/Panico-o-filme-_1741275725731-1024x576.jpg\" alt=\"P\u00e2nico 7: o retorno da franquia de terror que promete surpreender os f\u00e3s\" class=\"wp-image-9567\" srcset=\"https:\/\/www.correiobraziliense.com.br\/cbradar\/wp-content\/uploads\/2025\/03\/Panico-o-filme-_1741275725731-1024x576.jpg 1024w, https:\/\/www.correiobraziliense.com.br\/cbradar\/wp-content\/uploads\/2025\/03\/Panico-o-filme-_1741275725731-300x169.jpg 300w, https:\/\/www.correiobraziliense.com.br\/cbradar\/wp-content\/uploads\/2025\/03\/Panico-o-filme-_1741275725731-768x432.jpg 768w, https:\/\/www.correiobraziliense.com.br\/cbradar\/wp-content\/uploads\/2025\/03\/Panico-o-filme-_1741275725731-750x422.jpg 750w, https:\/\/www.correiobraziliense.com.br\/cbradar\/wp-content\/uploads\/2025\/03\/Panico-o-filme-_1741275725731-1140x641.jpg 1140w, https:\/\/www.correiobraziliense.com.br\/cbradar\/wp-content\/uploads\/2025\/03\/Panico-o-filme-_1741275725731.jpg 1280w\" sizes=\"(max-width: 1024px) 100vw, 1024px\" \/><figcaption class=\"wp-element-caption\">Shocked young woman watching movie at home, using 3d glasses, eating popcorn<\/figcaption><\/figure>\n\n\n\n<p>O elenco de&nbsp;<em>P\u00e2nico 7<\/em>&nbsp;ser\u00e1 refor\u00e7ado por Jasmin Savoy Brown e Mason Gooding, que retornam como os g\u00eameos Mindy e Chad Meeks-Martin. Ambos os personagens foram introduzidos em&nbsp;<em>P\u00e2nico 5<\/em>&nbsp;e continuaram suas hist\u00f3rias no sexto filme.<\/p>\n\n\n\n<h2 class=\"wp-block-heading\"><strong>Quais novidades o elenco de p\u00e2nico 7 Traz?<\/strong><\/h2>\n\n\n\n<p>O novo filme da franquia&nbsp;<em>P\u00e2nico<\/em>&nbsp;tamb\u00e9m contar\u00e1 com adi\u00e7\u00f5es ao elenco, trazendo novos rostos para a trama. Joel McHale foi escalado para interpretar Mark Evans, o marido de Sidney Prescott. Isabel May ser\u00e1 a filha de Sidney, adicionando uma nova din\u00e2mica familiar \u00e0 hist\u00f3ria.<\/p>\n\n\n\n<p>Outros nomes confirmados incluem Mckenna Grace, Celeste O\u2019Connor, Asa Germann, Sam Rechner, Mark Consuelos e Anna Camp, embora seus pap\u00e9is ainda n\u00e3o tenham sido divulgados. A inclus\u00e3o desses atores promete trazer novas camadas e reviravoltas \u00e0 narrativa, mantendo o p\u00fablico ansioso pelo lan\u00e7amento.<\/p>\n\n\n\n<h2 class=\"wp-block-heading\"><strong>Como a trama de p\u00e2nico 7 Ir\u00e1 se desenvolver?<\/strong><\/h2>\n\n\n\n<p>Embora os detalhes do enredo de&nbsp;<em>P\u00e2nico 7<\/em>&nbsp;ainda n\u00e3o tenham sido divulgados, a presen\u00e7a de personagens que foram dados como mortos sugere uma abordagem inovadora para a narrativa. A franquia \u00e9 conhecida por suas reviravoltas e suspense, e o novo filme n\u00e3o deve ser diferente.<\/p>\n\n\n\n<p>Com o retorno de personagens queridos e a introdu\u00e7\u00e3o de novos, o s\u00e9timo filme da s\u00e9rie&nbsp;<em>P\u00e2nico<\/em>&nbsp;tem potencial para revitalizar a franquia e atrair tanto f\u00e3s antigos quanto novos espectadores. A expectativa \u00e9 que o filme mantenha o equil\u00edbrio entre nostalgia e inova\u00e7\u00e3o, proporcionando uma experi\u00eancia emocionante e assustadora.<\/p>\n","protected":false},"excerpt":{"rendered":"<p>David Arquette vai reprisar seu papel como Dewey Riley em P\u00e2nico 7, junto com Neve Campbell como Sidney Prescott e Courteney Cox<\/p>\n","protected":false},"author":3,"featured_media":9566,"comment_status":"open","ping_status":"open","sticky":false,"template":"","format":"standard","meta":{"_yoast_wpseo_focuskw":"P\u00e2nico 7","_yoast_wpseo_title":"%%title%%","_yoast_wpseo_metadesc":"David Arquette vai reprisar seu papel como Dewey Riley em P\u00e2nico 7, junto com Neve Campbell como Sidney Prescott e Courteney Cox","jnews-multi-image_gallery":[],"jnews_single_post":{"format":"standard"},"jnews_primary_category":[],"jnews_social_meta":[],"jnews_override_counter":[],"footnotes":""},"categories":[140],"post_tag":[1638,568],"class_list":["post-9565","post","type-post","status-publish","format-standard","has-post-thumbnail","hentry","category-entretenimento","tag-panico-7","tag-series-e-filmes"],"yoast_head":"<!-- This site is optimized with the Yoast SEO plugin v24.6 - https:\/\/yoast.com\/wordpress\/plugins\/seo\/ -->\n<title>P\u00e2nico 7: o retorno da franquia de terror que promete surpreender os f\u00e3s<\/title>\n<meta name=\"description\" content=\"David Arquette vai reprisar seu papel como Dewey Riley em P\u00e2nico 7, junto com Neve Campbell como Sidney Prescott e Courteney Cox\" \/>\n<meta name=\"robots\" content=\"index, follow, max-snippet:-1, max-image-preview:large, max-video-preview:-1\" \/>\n<link rel=\"canonical\" href=\"https:\/\/www.correiobraziliense.com.br\/cbradar\/panico-7-retorno-franquia\/\" \/>\n<meta property=\"og:locale\" content=\"pt_BR\" \/>\n<meta property=\"og:type\" content=\"article\" \/>\n<meta property=\"og:title\" content=\"P\u00e2nico 7: o retorno da franquia de terror que promete surpreender os f\u00e3s\" \/>\n<meta property=\"og:description\" content=\"David Arquette vai reprisar seu papel como Dewey Riley em P\u00e2nico 7, junto com Neve Campbell como Sidney Prescott e Courteney Cox\" \/>\n<meta property=\"og:url\" content=\"https:\/\/www.correiobraziliense.com.br\/cbradar\/panico-7-retorno-franquia\/\" \/>\n<meta property=\"og:site_name\" content=\"Correio Braziliense - Radar\" \/>\n<meta property=\"article:published_time\" content=\"2025-03-07T22:30:00+00:00\" \/>\n<meta property=\"og:image\" content=\"https:\/\/www.correiobraziliense.com.br\/cbradar\/wp-content\/uploads\/2025\/03\/Panico-o-filme-_1741275688402.jpg\" \/>\n\t<meta property=\"og:image:width\" content=\"1280\" \/>\n\t<meta property=\"og:image:height\" content=\"720\" \/>\n\t<meta property=\"og:image:type\" content=\"image\/jpeg\" \/>\n<meta name=\"author\" content=\"Larissa Carvalho\" \/>\n<meta name=\"twitter:card\" content=\"summary_large_image\" \/>\n<meta name=\"twitter:label1\" content=\"Escrito por\" \/>\n\t<meta name=\"twitter:data1\" content=\"Larissa Carvalho\" \/>\n\t<meta name=\"twitter:label2\" content=\"Est. tempo de leitura\" \/>\n\t<meta name=\"twitter:data2\" content=\"3 minutos\" \/>\n<!-- \/ Yoast SEO plugin. -->","yoast_head_json":{"title":"P\u00e2nico 7: o retorno da franquia de terror que promete surpreender os f\u00e3s","description":"David Arquette vai reprisar seu papel como Dewey Riley em P\u00e2nico 7, junto com Neve Campbell como Sidney Prescott e Courteney Cox","robots":{"index":"index","follow":"follow","max-snippet":"max-snippet:-1","max-image-preview":"max-image-preview:large","max-video-preview":"max-video-preview:-1"},"canonical":"https:\/\/www.correiobraziliense.com.br\/cbradar\/panico-7-retorno-franquia\/","og_locale":"pt_BR","og_type":"article","og_title":"P\u00e2nico 7: o retorno da franquia de terror que promete surpreender os f\u00e3s","og_description":"David Arquette vai reprisar seu papel como Dewey Riley em P\u00e2nico 7, junto com Neve Campbell como Sidney Prescott e Courteney Cox","og_url":"https:\/\/www.correiobraziliense.com.br\/cbradar\/panico-7-retorno-franquia\/","og_site_name":"Correio Braziliense - Radar","article_published_time":"2025-03-07T22:30:00+00:00","og_image":[{"width":1280,"height":720,"url":"https:\/\/www.correiobraziliense.com.br\/cbradar\/wp-content\/uploads\/2025\/03\/Panico-o-filme-_1741275688402.jpg","type":"image\/jpeg"}],"author":"Larissa Carvalho","twitter_card":"summary_large_image","twitter_misc":{"Escrito por":"Larissa Carvalho","Est. tempo de leitura":"3 minutos"},"schema":{"@context":"https:\/\/schema.org","@graph":[{"@type":"WebPage","@id":"https:\/\/www.correiobraziliense.com.br\/cbradar\/panico-7-retorno-franquia\/","url":"https:\/\/www.correiobraziliense.com.br\/cbradar\/panico-7-retorno-franquia\/","name":"P\u00e2nico 7: o retorno da franquia de terror que promete surpreender os f\u00e3s","isPartOf":{"@id":"https:\/\/www.correiobraziliense.com.br\/cbradar\/#website"},"primaryImageOfPage":{"@id":"https:\/\/www.correiobraziliense.com.br\/cbradar\/panico-7-retorno-franquia\/#primaryimage"},"image":{"@id":"https:\/\/www.correiobraziliense.com.br\/cbradar\/panico-7-retorno-franquia\/#primaryimage"},"thumbnailUrl":"https:\/\/www.correiobraziliense.com.br\/cbradar\/wp-content\/uploads\/2025\/03\/Panico-o-filme-_1741275688402.jpg","datePublished":"2025-03-07T22:30:00+00:00","author":{"@id":"https:\/\/www.correiobraziliense.com.br\/cbradar\/#\/schema\/person\/58422787644df994b53a19d3e56c1513"},"description":"David Arquette vai reprisar seu papel como Dewey Riley em P\u00e2nico 7, junto com Neve Campbell como Sidney Prescott e Courteney Cox","breadcrumb":{"@id":"https:\/\/www.correiobraziliense.com.br\/cbradar\/panico-7-retorno-franquia\/#breadcrumb"},"inLanguage":"pt-BR","potentialAction":[{"@type":"ReadAction","target":["https:\/\/www.correiobraziliense.com.br\/cbradar\/panico-7-retorno-franquia\/"]}]},{"@type":"ImageObject","inLanguage":"pt-BR","@id":"https:\/\/www.correiobraziliense.com.br\/cbradar\/panico-7-retorno-franquia\/#primaryimage","url":"https:\/\/www.correiobraziliense.com.br\/cbradar\/wp-content\/uploads\/2025\/03\/Panico-o-filme-_1741275688402.jpg","contentUrl":"https:\/\/www.correiobraziliense.com.br\/cbradar\/wp-content\/uploads\/2025\/03\/Panico-o-filme-_1741275688402.jpg","width":1280,"height":720,"caption":"P\u00e2nico Cr\u00e9ditos: depositphotos.com \/ esthermm"},{"@type":"BreadcrumbList","@id":"https:\/\/www.correiobraziliense.com.br\/cbradar\/panico-7-retorno-franquia\/#breadcrumb","itemListElement":[{"@type":"ListItem","position":1,"name":"In\u00edcio","item":"https:\/\/www.correiobraziliense.com.br\/cbradar\/"},{"@type":"ListItem","position":2,"name":"P\u00e2nico 7: o retorno da franquia de terror que promete surpreender os f\u00e3s"}]},{"@type":"WebSite","@id":"https:\/\/www.correiobraziliense.com.br\/cbradar\/#website","url":"https:\/\/www.correiobraziliense.com.br\/cbradar\/","name":"Correio Braziliense - Radar","description":"Acompanhe as \u00faltimas not\u00edcias e fique bem informado sobre tudo o que acontece no Brasil e no mundo.","potentialAction":[{"@type":"SearchAction","target":{"@type":"EntryPoint","urlTemplate":"https:\/\/www.correiobraziliense.com.br\/cbradar\/?s={search_term_string}"},"query-input":{"@type":"PropertyValueSpecification","valueRequired":true,"valueName":"search_term_string"}}],"inLanguage":"pt-BR"},{"@type":"Person","@id":"https:\/\/www.correiobraziliense.com.br\/cbradar\/#\/schema\/person\/58422787644df994b53a19d3e56c1513","name":"Larissa Carvalho","image":{"@type":"ImageObject","inLanguage":"pt-BR","@id":"https:\/\/www.correiobraziliense.com.br\/cbradar\/#\/schema\/person\/image\/","url":"https:\/\/secure.gravatar.com\/avatar\/fe4f91a0de32b52a838d0d612abdc1aa?s=96&d=mm&r=g","contentUrl":"https:\/\/secure.gravatar.com\/avatar\/fe4f91a0de32b52a838d0d612abdc1aa?s=96&d=mm&r=g","caption":"Larissa Carvalho"},"url":"https:\/\/www.correiobraziliense.com.br\/cbradar\/author\/larissamyth\/"}]}},"_links":{"self":[{"href":"https:\/\/www.correiobraziliense.com.br\/cbradar\/wp-json\/wp\/v2\/posts\/9565","targetHints":{"allow":["GET"]}}],"collection":[{"href":"https:\/\/www.correiobraziliense.com.br\/cbradar\/wp-json\/wp\/v2\/posts"}],"about":[{"href":"https:\/\/www.correiobraziliense.com.br\/cbradar\/wp-json\/wp\/v2\/types\/post"}],"author":[{"embeddable":true,"href":"https:\/\/www.correiobraziliense.com.br\/cbradar\/wp-json\/wp\/v2\/users\/3"}],"replies":[{"embeddable":true,"href":"https:\/\/www.correiobraziliense.com.br\/cbradar\/wp-json\/wp\/v2\/comments?post=9565"}],"version-history":[{"count":2,"href":"https:\/\/www.correiobraziliense.com.br\/cbradar\/wp-json\/wp\/v2\/posts\/9565\/revisions"}],"predecessor-version":[{"id":9668,"href":"https:\/\/www.correiobraziliense.com.br\/cbradar\/wp-json\/wp\/v2\/posts\/9565\/revisions\/9668"}],"wp:featuredmedia":[{"embeddable":true,"href":"https:\/\/www.correiobraziliense.com.br\/cbradar\/wp-json\/wp\/v2\/media\/9566"}],"wp:attachment":[{"href":"https:\/\/www.correiobraziliense.com.br\/cbradar\/wp-json\/wp\/v2\/media?parent=9565"}],"wp:term":[{"taxonomy":"category","embeddable":true,"href":"https:\/\/www.correiobraziliense.com.br\/cbradar\/wp-json\/wp\/v2\/categories?post=9565"},{"taxonomy":"post_tag","embeddable":true,"href":"https:\/\/www.correiobraziliense.com.br\/cbradar\/wp-json\/wp\/v2\/post_tag?post=9565"}],"curies":[{"name":"wp","href":"https:\/\/api.w.org\/{rel}","templated":true}]}}