{"id":95650,"date":"2025-08-31T13:03:00","date_gmt":"2025-08-31T16:03:00","guid":{"rendered":"https:\/\/www.correiobraziliense.com.br\/cbradar\/?p=95650"},"modified":"2025-08-31T09:12:28","modified_gmt":"2025-08-31T12:12:28","slug":"esse-habito-comum-pode-estar-acabando-com-a-sua-experiencia-de-vida","status":"publish","type":"post","link":"https:\/\/www.correiobraziliense.com.br\/cbradar\/esse-habito-comum-pode-estar-acabando-com-a-sua-experiencia-de-vida\/","title":{"rendered":"Esse h\u00e1bito comum pode estar acabando com a sua experi\u00eancia de vida"},"content":{"rendered":"\n<p>Quantas vezes voc\u00ea usou as palavras &#8220;bom&#8221; ou &#8220;ruim&#8221; hoje? Ao verificar a previs\u00e3o do tempo, fazer avalia\u00e7\u00f5es r\u00e1pidas nas redes sociais, ou ao acompanhar o progresso do seu dia, as oportunidades de fazer julgamentos r\u00e1pidos s\u00e3o abundantes. Embora essas categoriza\u00e7\u00f5es sejam importantes, se forem a \u00fanica lente atrav\u00e9s da qual voc\u00ea interpreta o mundo, voc\u00ea pode perder uma s\u00e9rie de experi\u00eancias ricas e intrigantes.<\/p>\n\n\n\n<ul class=\"wp-block-list\">\n<li>Entenda como a dicotomia bom\/ruim afeta sua percep\u00e7\u00e3o do mundo.<\/li>\n\n\n\n<li>Descubra como expandir suas experi\u00eancias e evitar julgamentos r\u00e1pidos.<\/li>\n\n\n\n<li>Veja como experi\u00eancias psicol\u00f3gicas ricas podem ampliar seu senso de autoefic\u00e1cia.<\/li>\n<\/ul>\n\n\n\n<h2 class=\"wp-block-heading\">Como julgamos rapidamente: A dicotomia do bom e do ruim<\/h2>\n\n\n\n<p>O h\u00e1bito de reagir instantaneamente com um julgamento de <strong>bom<\/strong> ou <strong>ruim<\/strong> pode diminuir a capacidade de experimentar a <strong>riqueza psicol\u00f3gica<\/strong> e outras dimens\u00f5es positivas da vida. Ao focar apenas nas caracter\u00edsticas que tornam algo bom ou ruim, perdemos a oportunidade de realmente engajar nossa mente e exercitar a criatividade. Observa\u00e7\u00f5es r\u00e1pidas tamb\u00e9m podem limitar a empatia, tornando mais dif\u00edcil compreender a perspectiva do outro.<\/p>\n\n\n\n<h2 class=\"wp-block-heading\">Como ampliar sua perspectiva e evitar julgamentos<\/h2>\n\n\n\n<p>Para liberar o potencial de sua mente, resista ao instinto de julgar rapidamente e procure ver o mundo sem tentar avaliar o que v\u00ea. Ao fazer isso, voc\u00ea estimular\u00e1 a curiosidade e a explora\u00e7\u00e3o, permitindo-se desafiar e explorar as complexidades inerentes \u00e0s experi\u00eancias humanas. Incorporar pr\u00e1ticas como a medita\u00e7\u00e3o mindfulness e a autorreflex\u00e3o pode ajudar a reconhecer esses julgamentos autom\u00e1ticos e redirecionar o foco para uma observa\u00e7\u00e3o mais neutra e atenta das situa\u00e7\u00f5es. T\u00e9cnicas de respira\u00e7\u00e3o consciente tamb\u00e9m s\u00e3o recomendadas para ajudar a intermediar o momento do julgamento.<\/p>\n\n\n\n<figure class=\"wp-block-image size-large\"><img decoding=\"async\" width=\"1024\" height=\"576\" src=\"https:\/\/www.correiobraziliense.com.br\/cbradar\/wp-content\/uploads\/2025\/08\/pessoa-pensando_1756642334055-1024x576.jpg\" alt=\"Esse h\u00e1bito comum pode estar acabando com a sua experi\u00eancia de vida\" class=\"wp-image-95653\" srcset=\"https:\/\/www.correiobraziliense.com.br\/cbradar\/wp-content\/uploads\/2025\/08\/pessoa-pensando_1756642334055-1024x576.jpg 1024w, https:\/\/www.correiobraziliense.com.br\/cbradar\/wp-content\/uploads\/2025\/08\/pessoa-pensando_1756642334055-300x169.jpg 300w, https:\/\/www.correiobraziliense.com.br\/cbradar\/wp-content\/uploads\/2025\/08\/pessoa-pensando_1756642334055-768x432.jpg 768w, https:\/\/www.correiobraziliense.com.br\/cbradar\/wp-content\/uploads\/2025\/08\/pessoa-pensando_1756642334055-750x422.jpg 750w, https:\/\/www.correiobraziliense.com.br\/cbradar\/wp-content\/uploads\/2025\/08\/pessoa-pensando_1756642334055-1140x641.jpg 1140w, https:\/\/www.correiobraziliense.com.br\/cbradar\/wp-content\/uploads\/2025\/08\/pessoa-pensando_1756642334055.jpg 1280w\" sizes=\"(max-width: 1024px) 100vw, 1024px\" \/><figcaption class=\"wp-element-caption\">pessoa pensando. Cr\u00e9ditos: depositphotos.com \/ AndrewLozovyi<\/figcaption><\/figure>\n\n\n\n<h2 class=\"wp-block-heading\">Benef\u00edcios de uma experi\u00eancia de vida ricamente psicol\u00f3gica<\/h2>\n\n\n\n<p>Experi\u00eancias novas e interessantes n\u00e3o s\u00f3 ampliam seus horizontes e perspectivas, mas tamb\u00e9m aumentam sua confian\u00e7a em suas habilidades futuras. Esse processo pode expandir seu senso de autoefic\u00e1cia e fornecer um maior senso de controle sobre o ambiente. Al\u00e9m disso, estudos mostram que pessoas que cultivam uma mente aberta tendem a apresentar mais satisfa\u00e7\u00e3o e resili\u00eancia diante dos desafios di\u00e1rios. Buscar constantemente aprendizados fora da zona de conforto tamb\u00e9m colabora para a constru\u00e7\u00e3o dessa riqueza psicol\u00f3gica.<\/p>\n\n\n\n<h2 class=\"wp-block-heading\">Expans\u00e3o de si mesmo e comportamento ambiental<\/h2>\n\n\n\n<p>Um estudo recente sugere que a <strong>riqueza psicol\u00f3gica<\/strong> pode influenciar comportamentos pr\u00f3-ambientais. Embora a mudan\u00e7a clim\u00e1tica frequentemente evoque sentimentos negativos, desenvolver a riqueza psicol\u00f3gica pode transformar essas atitudes, oferecendo um sentido de ag\u00eancia mais forte para enfrentar desafios ecol\u00f3gicos. Engajar-se em atividades volunt\u00e1rias e sustent\u00e1veis tamb\u00e9m pode ser um caminho pr\u00e1tico para expandir sua experi\u00eancia e seu impacto positivo no mundo. Participar de comunidades e grupos ambientais pode potencializar ainda mais esse envolvimento.<\/p>\n\n\n\n<h2 class=\"wp-block-heading\">Ative sua mente e expanda sua experi\u00eancia de vida<\/h2>\n\n\n\n<ul class=\"wp-block-list\">\n<li>Abandone o h\u00e1bito de julgar rapidamente como bom ou ruim.<\/li>\n\n\n\n<li>Desafie-se a explorar experi\u00eancias novas e intrigantes.<\/li>\n\n\n\n<li>Desenvolva um maior senso de ag\u00eancia e controle em seu ambiente.<\/li>\n<\/ul>\n\n\n\n<p>Desenvolver a capacidade de engajar e explorar o mundo sem filtros de bom ou ruim n\u00e3o apenas enriquece sua experi\u00eancia de vida, mas tamb\u00e9m apoia a confian\u00e7a em suas pr\u00f3prias capacidades. Comece agora e engaje-se com o mundo de forma mais recompensadora.<\/p>\n","protected":false},"excerpt":{"rendered":"<p>Explore al\u00e9m do bom e do ruim: descubra como julgamentos r\u00e1pidos impactam sua experi\u00eancia de vida e desbloqueie a riqueza da explora\u00e7\u00e3o psicol\u00f3gica.<\/p>\n","protected":false},"author":3,"featured_media":95652,"comment_status":"open","ping_status":"open","sticky":false,"template":"","format":"standard","meta":{"_yoast_wpseo_focuskw":"h\u00e1bito acabando experi\u00eancia vida","_yoast_wpseo_title":"%%title%%","_yoast_wpseo_metadesc":"Explore al\u00e9m do bom e do ruim: descubra como julgamentos r\u00e1pidos impactam sua experi\u00eancia de vida e desbloqueie a riqueza da explora\u00e7\u00e3o psicol\u00f3gica.","jnews-multi-image_gallery":[],"jnews_single_post":{"format":"standard"},"jnews_primary_category":[],"jnews_social_meta":[],"jnews_override_counter":[],"footnotes":""},"categories":[112],"tags":[144,404],"class_list":["post-95650","post","type-post","status-publish","format-standard","has-post-thumbnail","hentry","category-curiosidades","tag-curiosidades","tag-psicologia"],"yoast_head":"<!-- This site is optimized with the Yoast SEO plugin v24.6 - https:\/\/yoast.com\/wordpress\/plugins\/seo\/ -->\n<title>Esse h\u00e1bito comum pode estar acabando com a sua experi\u00eancia de vida<\/title>\n<meta name=\"description\" content=\"Explore al\u00e9m do bom e do ruim: descubra como julgamentos r\u00e1pidos impactam sua experi\u00eancia de vida e desbloqueie a riqueza da explora\u00e7\u00e3o psicol\u00f3gica.\" \/>\n<meta name=\"robots\" content=\"index, follow, max-snippet:-1, max-image-preview:large, max-video-preview:-1\" \/>\n<link rel=\"canonical\" href=\"https:\/\/www.correiobraziliense.com.br\/cbradar\/esse-habito-comum-pode-estar-acabando-com-a-sua-experiencia-de-vida\/\" \/>\n<meta property=\"og:locale\" content=\"pt_BR\" \/>\n<meta property=\"og:type\" content=\"article\" \/>\n<meta property=\"og:title\" content=\"Esse h\u00e1bito comum pode estar acabando com a sua experi\u00eancia de vida\" \/>\n<meta property=\"og:description\" content=\"Explore al\u00e9m do bom e do ruim: descubra como julgamentos r\u00e1pidos impactam sua experi\u00eancia de vida e desbloqueie a riqueza da explora\u00e7\u00e3o psicol\u00f3gica.\" \/>\n<meta property=\"og:url\" content=\"https:\/\/www.correiobraziliense.com.br\/cbradar\/esse-habito-comum-pode-estar-acabando-com-a-sua-experiencia-de-vida\/\" \/>\n<meta property=\"og:site_name\" content=\"Correio Braziliense - Radar\" \/>\n<meta property=\"article:published_time\" content=\"2025-08-31T16:03:00+00:00\" \/>\n<meta property=\"og:image\" content=\"https:\/\/www.correiobraziliense.com.br\/cbradar\/wp-content\/uploads\/2025\/08\/pessoa-pensando_1756640911250.jpg\" \/>\n\t<meta property=\"og:image:width\" content=\"1280\" \/>\n\t<meta property=\"og:image:height\" content=\"720\" \/>\n\t<meta property=\"og:image:type\" content=\"image\/jpeg\" \/>\n<meta name=\"author\" content=\"Larissa Carvalho\" \/>\n<meta name=\"twitter:card\" content=\"summary_large_image\" \/>\n<meta name=\"twitter:label1\" content=\"Escrito por\" \/>\n\t<meta name=\"twitter:data1\" content=\"Larissa Carvalho\" \/>\n\t<meta name=\"twitter:label2\" content=\"Est. tempo de leitura\" \/>\n\t<meta name=\"twitter:data2\" content=\"4 minutos\" \/>\n<!-- \/ Yoast SEO plugin. -->","yoast_head_json":{"title":"Esse h\u00e1bito comum pode estar acabando com a sua experi\u00eancia de vida","description":"Explore al\u00e9m do bom e do ruim: descubra como julgamentos r\u00e1pidos impactam sua experi\u00eancia de vida e desbloqueie a riqueza da explora\u00e7\u00e3o psicol\u00f3gica.","robots":{"index":"index","follow":"follow","max-snippet":"max-snippet:-1","max-image-preview":"max-image-preview:large","max-video-preview":"max-video-preview:-1"},"canonical":"https:\/\/www.correiobraziliense.com.br\/cbradar\/esse-habito-comum-pode-estar-acabando-com-a-sua-experiencia-de-vida\/","og_locale":"pt_BR","og_type":"article","og_title":"Esse h\u00e1bito comum pode estar acabando com a sua experi\u00eancia de vida","og_description":"Explore al\u00e9m do bom e do ruim: descubra como julgamentos r\u00e1pidos impactam sua experi\u00eancia de vida e desbloqueie a riqueza da explora\u00e7\u00e3o psicol\u00f3gica.","og_url":"https:\/\/www.correiobraziliense.com.br\/cbradar\/esse-habito-comum-pode-estar-acabando-com-a-sua-experiencia-de-vida\/","og_site_name":"Correio Braziliense - Radar","article_published_time":"2025-08-31T16:03:00+00:00","og_image":[{"width":1280,"height":720,"url":"https:\/\/www.correiobraziliense.com.br\/cbradar\/wp-content\/uploads\/2025\/08\/pessoa-pensando_1756640911250.jpg","type":"image\/jpeg"}],"author":"Larissa Carvalho","twitter_card":"summary_large_image","twitter_misc":{"Escrito por":"Larissa Carvalho","Est. tempo de leitura":"4 minutos"},"schema":{"@context":"https:\/\/schema.org","@graph":[{"@type":"WebPage","@id":"https:\/\/www.correiobraziliense.com.br\/cbradar\/esse-habito-comum-pode-estar-acabando-com-a-sua-experiencia-de-vida\/","url":"https:\/\/www.correiobraziliense.com.br\/cbradar\/esse-habito-comum-pode-estar-acabando-com-a-sua-experiencia-de-vida\/","name":"Esse h\u00e1bito comum pode estar acabando com a sua experi\u00eancia de vida","isPartOf":{"@id":"https:\/\/www.correiobraziliense.com.br\/cbradar\/#website"},"primaryImageOfPage":{"@id":"https:\/\/www.correiobraziliense.com.br\/cbradar\/esse-habito-comum-pode-estar-acabando-com-a-sua-experiencia-de-vida\/#primaryimage"},"image":{"@id":"https:\/\/www.correiobraziliense.com.br\/cbradar\/esse-habito-comum-pode-estar-acabando-com-a-sua-experiencia-de-vida\/#primaryimage"},"thumbnailUrl":"https:\/\/www.correiobraziliense.com.br\/cbradar\/wp-content\/uploads\/2025\/08\/pessoa-pensando_1756640911250.jpg","datePublished":"2025-08-31T16:03:00+00:00","author":{"@id":"https:\/\/www.correiobraziliense.com.br\/cbradar\/#\/schema\/person\/58422787644df994b53a19d3e56c1513"},"description":"Explore al\u00e9m do bom e do ruim: descubra como julgamentos r\u00e1pidos impactam sua experi\u00eancia de vida e desbloqueie a riqueza da explora\u00e7\u00e3o psicol\u00f3gica.","breadcrumb":{"@id":"https:\/\/www.correiobraziliense.com.br\/cbradar\/esse-habito-comum-pode-estar-acabando-com-a-sua-experiencia-de-vida\/#breadcrumb"},"inLanguage":"pt-BR","potentialAction":[{"@type":"ReadAction","target":["https:\/\/www.correiobraziliense.com.br\/cbradar\/esse-habito-comum-pode-estar-acabando-com-a-sua-experiencia-de-vida\/"]}]},{"@type":"ImageObject","inLanguage":"pt-BR","@id":"https:\/\/www.correiobraziliense.com.br\/cbradar\/esse-habito-comum-pode-estar-acabando-com-a-sua-experiencia-de-vida\/#primaryimage","url":"https:\/\/www.correiobraziliense.com.br\/cbradar\/wp-content\/uploads\/2025\/08\/pessoa-pensando_1756640911250.jpg","contentUrl":"https:\/\/www.correiobraziliense.com.br\/cbradar\/wp-content\/uploads\/2025\/08\/pessoa-pensando_1756640911250.jpg","width":1280,"height":720,"caption":"pessoa pensando. Cr\u00e9ditos: depositphotos.com \/ HayDmitriy"},{"@type":"BreadcrumbList","@id":"https:\/\/www.correiobraziliense.com.br\/cbradar\/esse-habito-comum-pode-estar-acabando-com-a-sua-experiencia-de-vida\/#breadcrumb","itemListElement":[{"@type":"ListItem","position":1,"name":"In\u00edcio","item":"https:\/\/www.correiobraziliense.com.br\/cbradar\/"},{"@type":"ListItem","position":2,"name":"Esse h\u00e1bito comum pode estar acabando com a sua experi\u00eancia de vida"}]},{"@type":"WebSite","@id":"https:\/\/www.correiobraziliense.com.br\/cbradar\/#website","url":"https:\/\/www.correiobraziliense.com.br\/cbradar\/","name":"Correio Braziliense - Radar","description":"Acompanhe as \u00faltimas not\u00edcias e fique bem informado sobre tudo o que acontece no Brasil e no mundo.","potentialAction":[{"@type":"SearchAction","target":{"@type":"EntryPoint","urlTemplate":"https:\/\/www.correiobraziliense.com.br\/cbradar\/?s={search_term_string}"},"query-input":{"@type":"PropertyValueSpecification","valueRequired":true,"valueName":"search_term_string"}}],"inLanguage":"pt-BR"},{"@type":"Person","@id":"https:\/\/www.correiobraziliense.com.br\/cbradar\/#\/schema\/person\/58422787644df994b53a19d3e56c1513","name":"Larissa Carvalho","image":{"@type":"ImageObject","inLanguage":"pt-BR","@id":"https:\/\/www.correiobraziliense.com.br\/cbradar\/#\/schema\/person\/image\/","url":"https:\/\/secure.gravatar.com\/avatar\/fe4f91a0de32b52a838d0d612abdc1aa?s=96&d=mm&r=g","contentUrl":"https:\/\/secure.gravatar.com\/avatar\/fe4f91a0de32b52a838d0d612abdc1aa?s=96&d=mm&r=g","caption":"Larissa Carvalho"},"url":"https:\/\/www.correiobraziliense.com.br\/cbradar\/author\/larissamyth\/"}]}},"_links":{"self":[{"href":"https:\/\/www.correiobraziliense.com.br\/cbradar\/wp-json\/wp\/v2\/posts\/95650","targetHints":{"allow":["GET"]}}],"collection":[{"href":"https:\/\/www.correiobraziliense.com.br\/cbradar\/wp-json\/wp\/v2\/posts"}],"about":[{"href":"https:\/\/www.correiobraziliense.com.br\/cbradar\/wp-json\/wp\/v2\/types\/post"}],"author":[{"embeddable":true,"href":"https:\/\/www.correiobraziliense.com.br\/cbradar\/wp-json\/wp\/v2\/users\/3"}],"replies":[{"embeddable":true,"href":"https:\/\/www.correiobraziliense.com.br\/cbradar\/wp-json\/wp\/v2\/comments?post=95650"}],"version-history":[{"count":2,"href":"https:\/\/www.correiobraziliense.com.br\/cbradar\/wp-json\/wp\/v2\/posts\/95650\/revisions"}],"predecessor-version":[{"id":95654,"href":"https:\/\/www.correiobraziliense.com.br\/cbradar\/wp-json\/wp\/v2\/posts\/95650\/revisions\/95654"}],"wp:featuredmedia":[{"embeddable":true,"href":"https:\/\/www.correiobraziliense.com.br\/cbradar\/wp-json\/wp\/v2\/media\/95652"}],"wp:attachment":[{"href":"https:\/\/www.correiobraziliense.com.br\/cbradar\/wp-json\/wp\/v2\/media?parent=95650"}],"wp:term":[{"taxonomy":"category","embeddable":true,"href":"https:\/\/www.correiobraziliense.com.br\/cbradar\/wp-json\/wp\/v2\/categories?post=95650"},{"taxonomy":"post_tag","embeddable":true,"href":"https:\/\/www.correiobraziliense.com.br\/cbradar\/wp-json\/wp\/v2\/tags?post=95650"}],"curies":[{"name":"wp","href":"https:\/\/api.w.org\/{rel}","templated":true}]}}