{"id":95777,"date":"2025-09-01T08:03:00","date_gmt":"2025-09-01T11:03:00","guid":{"rendered":"https:\/\/www.correiobraziliense.com.br\/cbradar\/?p=95777"},"modified":"2025-08-31T13:57:13","modified_gmt":"2025-08-31T16:57:13","slug":"essa-fruta-conhecida-pode-tranformar-sua-saude-de-forma-rapida","status":"publish","type":"post","link":"https:\/\/www.correiobraziliense.com.br\/cbradar\/essa-fruta-conhecida-pode-tranformar-sua-saude-de-forma-rapida\/","title":{"rendered":"Essa fruta conhecida pode tranformar sua sa\u00fade de forma rapida"},"content":{"rendered":"\n<p>O <strong>Mel\u00e3o <\/strong>\u00e9 reconhecido globalmente por seu sabor refrescante e doce, sendo uma adi\u00e7\u00e3o valiosa a qualquer horta caseira. Cultivar essa fruta em casa n\u00e3o s\u00f3 garante um acesso f\u00e1cil a seus nutrientes, mas tamb\u00e9m proporciona uma atividade prazerosa para entusiastas da jardinagem, tanto amadores quanto experientes.<\/p>\n\n\n\n<p>Al\u00e9m de ser uma excelente fonte de <a href=\"https:\/\/www.gov.br\/saude\/pt-br\" target=\"_blank\" rel=\"noreferrer noopener\">vitaminas <\/a>e <a href=\"https:\/\/www.correiobraziliense.com.br\/cbradar\/esse-simples-habito-pode-transformar-o-controle-do-ciclo-menstrual\/\" target=\"_blank\" rel=\"noreferrer noopener\">minerais<\/a>, o Mel\u00e3o requer condi\u00e7\u00f5es espec\u00edficas de cultivo, principalmente em rela\u00e7\u00e3o ao solo, \u00e0 irriga\u00e7\u00e3o e \u00e0 exposi\u00e7\u00e3o ao sol. Controlar esses aspectos em um ambiente dom\u00e9stico permite uma produ\u00e7\u00e3o segura, livre de pesticidas, resultando em frutos de alta qualidade.<\/p>\n\n\n\n<h2 class=\"wp-block-heading\">Quais s\u00e3o os cuidados essenciais no cultivo de Mel\u00e3o?<\/h2>\n\n\n\n<p>O Mel\u00e3o prospera em situa\u00e7\u00f5es de\u00a0<strong>sol pleno<\/strong>\u00a0e necessitando de irriga\u00e7\u00e3o regular, o que pode ser facilmente manejado em hortas caseiras. \u00c9 importante que o solo seja bem drenado, f\u00e9rtil e rico em mat\u00e9ria org\u00e2nica. Manter o solo constantemente \u00famido, sem encharc\u00e1-lo, \u00e9 crucial, especialmente durante a fase de frutifica\u00e7\u00e3o.<\/p>\n\n\n\n<p>Problemas como folhas amareladas ou manchas geralmente sinalizam a presen\u00e7a de pragas, como pulg\u00f5es ou \u00e1caros. M\u00e9todos org\u00e2nicos de controle e a remo\u00e7\u00e3o manual s\u00e3o eficazes para lidar com esses desafios.<\/p>\n\n\n\n<h2 class=\"wp-block-heading\">Como explorar as variedades cantaloupe e honeydew?<\/h2>\n\n\n\n<p>Duas das variedades mais populares de Mel\u00e3o s\u00e3o o\u00a0<em>cantaloupe<\/em>\u00a0e o\u00a0<em>honeydew<\/em>. O cantaloupe \u00e9 apreciado por seu sabor doce e aroma caracter\u00edstico, enquanto o honeydew \u00e9 conhecido pela textura firme de sua polpa suculenta. Ambas s\u00e3o adequadas para climas mais quentes e podem facilmente ser cultivadas em espa\u00e7os limitados, como hortas urbanas.<\/p>\n\n\n\n<p>A pr\u00e1tica de podar regularmente ajuda a concentrar a energia da planta nos frutos mais promissores, melhorando o tamanho e o sabor do Mel\u00e3o  produzido.<\/p>\n\n\n<div class=\"wp-block-image\">\n<figure class=\"aligncenter size-large\"><img decoding=\"async\" width=\"1024\" height=\"576\" src=\"https:\/\/www.correiobraziliense.com.br\/cbradar\/wp-content\/uploads\/2025\/07\/melao_1751372020025-1024x576.jpg\" alt=\"\" class=\"wp-image-62560\" srcset=\"https:\/\/www.correiobraziliense.com.br\/cbradar\/wp-content\/uploads\/2025\/07\/melao_1751372020025-1024x576.jpg 1024w, https:\/\/www.correiobraziliense.com.br\/cbradar\/wp-content\/uploads\/2025\/07\/melao_1751372020025-300x169.jpg 300w, https:\/\/www.correiobraziliense.com.br\/cbradar\/wp-content\/uploads\/2025\/07\/melao_1751372020025-768x432.jpg 768w, https:\/\/www.correiobraziliense.com.br\/cbradar\/wp-content\/uploads\/2025\/07\/melao_1751372020025-750x422.jpg 750w, https:\/\/www.correiobraziliense.com.br\/cbradar\/wp-content\/uploads\/2025\/07\/melao_1751372020025-1140x641.jpg 1140w, https:\/\/www.correiobraziliense.com.br\/cbradar\/wp-content\/uploads\/2025\/07\/melao_1751372020025.jpg 1280w\" sizes=\"(max-width: 1024px) 100vw, 1024px\" \/><figcaption class=\"wp-element-caption\">Mel\u00e3o &#8211; Cr\u00e9ditos: depositphotos.com \/ AntonMatyukha<\/figcaption><\/figure><\/div>\n\n\n<h2 class=\"wp-block-heading\">Como assegurar uma colheita satisfat\u00f3ria?<\/h2>\n\n\n\n<p>O uso de\u00a0<strong>coberturas mortas<\/strong>\u00a0\u00e9 essencial para manter a umidade do solo, evitar o crescimento de ervas daninhas e proteger as ra\u00edzes. Embora o Mel\u00e3o seja uma planta que prefere pleno sol, algumas variedades podem tolerar meia-sombra, mas isso pode afetar o sabor e a do\u00e7ura.<\/p>\n\n\n\n<p>Al\u00e9m disso, para variedades que produzem frutos maiores, \u00e9 vantajoso usar suportes ou redes para evitar que os frutos toquem o solo, prevenindo apodrecimento e garantindo um desenvolvimento saud\u00e1vel.<\/p>\n\n\n\n<h2 class=\"wp-block-heading\">Quais as dicas para um cultivo de sucesso?<\/h2>\n\n\n\n<p>Para garantir um cultivo bem-sucedido, \u00e9 necess\u00e1rio planejar adequadamente o espa\u00e7o para o plantio, a frequ\u00eancia da irriga\u00e7\u00e3o e a escolha correta da variedade. Observar atentamente o crescimento da planta ajuda a identificar poss\u00edveis problemas e a melhorar a qualidade do fruto.<\/p>\n\n\n\n<p>Com dedica\u00e7\u00e3o e aplica\u00e7\u00e3o dessas pr\u00e1ticas, \u00e9 poss\u00edvel desfrutar de mel\u00f5es suculentos e nutritivos diretamente do jardim, tornando o cultivo uma atividade n\u00e3o apenas recompensadora, mas tamb\u00e9m sustent\u00e1vel.<\/p>\n\n\n<a href=\"https:\/\/www.instagram.com\/dra.annaluisabf\/\" target=\"_blank\" rel=\"noopener\" style=\"text-decoration: none; color: inherit;\">\n    <span style=\"display: inline-block; border: 1px solid #ccc; border-radius: 10px; padding: 15px; max-width: 550px; font-family: sans-serif; box-shadow: 0 2px 5px rgba(0,0,0,0.1); width: 100%;\">\n\n      <!-- T\u00edtulo -->\n      <span style=\"display: block; margin: 0 0 15px 0; font-weight: bold; color: #2c3e50; text-align: center;\">\n        Entre em contato:\n      <\/span>\n\n      <!-- Linha do perfil -->\n      <span style=\"display: flex; align-items: center; gap: 15px;\">\n        <img decoding=\"async\"\n          src=\"https:\/\/www.correiobraziliense.com.br\/cbradar\/wp-content\/uploads\/2025\/08\/dra_anna_luisa.jpeg\"\n          alt=\"Foto da Dra. Anna Lu\u00edsa\"\n          style=\"border-radius: 50%; width: 80px; height: 80px; object-fit: cover;\"\n        \/>\n        <span style=\"display: flex; flex-direction: column;\">\n          <span style=\"font-size: 18px; font-weight: 700; color: #2c3e50;\">Dra. Anna Lu\u00edsa Barbosa Fernandes<\/span>\n          <span style=\"color: #555;\">CRM-GO 33.271<\/span>\n        <\/span>\n      <\/span>\n\n      <!-- Redes -->\n      <span style=\"display: flex; align-items: center; gap: 10px; margin-top: 12px;\">\n        <img decoding=\"async\" src=\"https:\/\/cdn-icons-png.flaticon.com\/24\/1384\/1384063.png\" alt=\"Instagram\" width=\"24\" height=\"24\" \/>\n        <span style=\"text-decoration: underline; color: #2c3e50;\">@dra.annaluisabf<\/span>\n      <\/span>\n\n    <\/span>\n  <\/a>","protected":false},"excerpt":{"rendered":"<p>O Mel\u00e3o \u00e9 reconhecido globalmente por seu sabor refrescante e doce, sendo uma adi\u00e7\u00e3o valiosa a qualquer horta caseira. Cultivar essa fruta em casa n\u00e3o s\u00f3 garante um acesso f\u00e1cil a seus nutrientes, mas tamb\u00e9m proporciona uma atividade prazerosa para entusiastas da jardinagem, tanto amadores quanto experientes. Al\u00e9m de ser uma excelente fonte de vitaminas [&hellip;]<\/p>\n","protected":false},"author":14,"featured_media":62561,"comment_status":"open","ping_status":"open","sticky":false,"template":"","format":"standard","meta":{"_yoast_wpseo_focuskw":"Mel\u00e3o","_yoast_wpseo_title":"","_yoast_wpseo_metadesc":"O mel\u00e3o ideal nasce do cuidado certo. Veja os segredos de jardinagem para plantar, cuidar e colher frutas doces direto da sua horta.","jnews-multi-image_gallery":[],"jnews_single_post":{"format":"standard"},"jnews_primary_category":[],"jnews_social_meta":[],"jnews_override_counter":[],"footnotes":""},"categories":[4404],"tags":[281,120,1318],"class_list":["post-95777","post","type-post","status-publish","format-standard","has-post-thumbnail","hentry","category-saude","tag-alimentacao","tag-bem-estar","tag-saude-2"],"yoast_head":"<!-- This site is optimized with the Yoast SEO plugin v24.6 - https:\/\/yoast.com\/wordpress\/plugins\/seo\/ -->\n<title>Essa fruta conhecida pode tranformar sua sa\u00fade de forma rapida - Correio Braziliense - Radar<\/title>\n<meta name=\"description\" content=\"O mel\u00e3o ideal nasce do cuidado certo. Veja os segredos de jardinagem para plantar, cuidar e colher frutas doces direto da sua horta.\" \/>\n<meta name=\"robots\" content=\"index, follow, max-snippet:-1, max-image-preview:large, max-video-preview:-1\" \/>\n<link rel=\"canonical\" href=\"https:\/\/www.correiobraziliense.com.br\/cbradar\/essa-fruta-conhecida-pode-tranformar-sua-saude-de-forma-rapida\/\" \/>\n<meta property=\"og:locale\" content=\"pt_BR\" \/>\n<meta property=\"og:type\" content=\"article\" \/>\n<meta property=\"og:title\" content=\"Essa fruta conhecida pode tranformar sua sa\u00fade de forma rapida - Correio Braziliense - Radar\" \/>\n<meta property=\"og:description\" content=\"O mel\u00e3o ideal nasce do cuidado certo. Veja os segredos de jardinagem para plantar, cuidar e colher frutas doces direto da sua horta.\" \/>\n<meta property=\"og:url\" content=\"https:\/\/www.correiobraziliense.com.br\/cbradar\/essa-fruta-conhecida-pode-tranformar-sua-saude-de-forma-rapida\/\" \/>\n<meta property=\"og:site_name\" content=\"Correio Braziliense - Radar\" \/>\n<meta property=\"article:published_time\" content=\"2025-09-01T11:03:00+00:00\" \/>\n<meta property=\"og:image\" content=\"https:\/\/www.correiobraziliense.com.br\/cbradar\/wp-content\/uploads\/2025\/07\/melao_1751372051306.jpg\" \/>\n\t<meta property=\"og:image:width\" content=\"1280\" \/>\n\t<meta property=\"og:image:height\" content=\"720\" \/>\n\t<meta property=\"og:image:type\" content=\"image\/jpeg\" \/>\n<meta name=\"author\" content=\"guilherme_saude\" \/>\n<meta name=\"twitter:card\" content=\"summary_large_image\" \/>\n<meta name=\"twitter:label1\" content=\"Escrito por\" \/>\n\t<meta name=\"twitter:data1\" content=\"guilherme_saude\" \/>\n\t<meta name=\"twitter:label2\" content=\"Est. tempo de leitura\" \/>\n\t<meta name=\"twitter:data2\" content=\"4 minutos\" \/>\n<!-- \/ Yoast SEO plugin. -->","yoast_head_json":{"title":"Essa fruta conhecida pode tranformar sua sa\u00fade de forma rapida - Correio Braziliense - Radar","description":"O mel\u00e3o ideal nasce do cuidado certo. Veja os segredos de jardinagem para plantar, cuidar e colher frutas doces direto da sua horta.","robots":{"index":"index","follow":"follow","max-snippet":"max-snippet:-1","max-image-preview":"max-image-preview:large","max-video-preview":"max-video-preview:-1"},"canonical":"https:\/\/www.correiobraziliense.com.br\/cbradar\/essa-fruta-conhecida-pode-tranformar-sua-saude-de-forma-rapida\/","og_locale":"pt_BR","og_type":"article","og_title":"Essa fruta conhecida pode tranformar sua sa\u00fade de forma rapida - Correio Braziliense - Radar","og_description":"O mel\u00e3o ideal nasce do cuidado certo. Veja os segredos de jardinagem para plantar, cuidar e colher frutas doces direto da sua horta.","og_url":"https:\/\/www.correiobraziliense.com.br\/cbradar\/essa-fruta-conhecida-pode-tranformar-sua-saude-de-forma-rapida\/","og_site_name":"Correio Braziliense - Radar","article_published_time":"2025-09-01T11:03:00+00:00","og_image":[{"width":1280,"height":720,"url":"https:\/\/www.correiobraziliense.com.br\/cbradar\/wp-content\/uploads\/2025\/07\/melao_1751372051306.jpg","type":"image\/jpeg"}],"author":"guilherme_saude","twitter_card":"summary_large_image","twitter_misc":{"Escrito por":"guilherme_saude","Est. tempo de leitura":"4 minutos"},"schema":{"@context":"https:\/\/schema.org","@graph":[{"@type":"WebPage","@id":"https:\/\/www.correiobraziliense.com.br\/cbradar\/essa-fruta-conhecida-pode-tranformar-sua-saude-de-forma-rapida\/","url":"https:\/\/www.correiobraziliense.com.br\/cbradar\/essa-fruta-conhecida-pode-tranformar-sua-saude-de-forma-rapida\/","name":"Essa fruta conhecida pode tranformar sua sa\u00fade de forma rapida - Correio Braziliense - Radar","isPartOf":{"@id":"https:\/\/www.correiobraziliense.com.br\/cbradar\/#website"},"primaryImageOfPage":{"@id":"https:\/\/www.correiobraziliense.com.br\/cbradar\/essa-fruta-conhecida-pode-tranformar-sua-saude-de-forma-rapida\/#primaryimage"},"image":{"@id":"https:\/\/www.correiobraziliense.com.br\/cbradar\/essa-fruta-conhecida-pode-tranformar-sua-saude-de-forma-rapida\/#primaryimage"},"thumbnailUrl":"https:\/\/www.correiobraziliense.com.br\/cbradar\/wp-content\/uploads\/2025\/07\/melao_1751372051306.jpg","datePublished":"2025-09-01T11:03:00+00:00","author":{"@id":"https:\/\/www.correiobraziliense.com.br\/cbradar\/#\/schema\/person\/5aa4bf3c8fa699c267933611de12978b"},"description":"O mel\u00e3o ideal nasce do cuidado certo. Veja os segredos de jardinagem para plantar, cuidar e colher frutas doces direto da sua horta.","breadcrumb":{"@id":"https:\/\/www.correiobraziliense.com.br\/cbradar\/essa-fruta-conhecida-pode-tranformar-sua-saude-de-forma-rapida\/#breadcrumb"},"inLanguage":"pt-BR","potentialAction":[{"@type":"ReadAction","target":["https:\/\/www.correiobraziliense.com.br\/cbradar\/essa-fruta-conhecida-pode-tranformar-sua-saude-de-forma-rapida\/"]}]},{"@type":"ImageObject","inLanguage":"pt-BR","@id":"https:\/\/www.correiobraziliense.com.br\/cbradar\/essa-fruta-conhecida-pode-tranformar-sua-saude-de-forma-rapida\/#primaryimage","url":"https:\/\/www.correiobraziliense.com.br\/cbradar\/wp-content\/uploads\/2025\/07\/melao_1751372051306.jpg","contentUrl":"https:\/\/www.correiobraziliense.com.br\/cbradar\/wp-content\/uploads\/2025\/07\/melao_1751372051306.jpg","width":1280,"height":720,"caption":"Mel\u00e3o \u00e0 noite ajuda na press\u00e3o arterial e melhora o sono - Cr\u00e9ditos: depositphotos.com \/ mvw@tut.by"},{"@type":"BreadcrumbList","@id":"https:\/\/www.correiobraziliense.com.br\/cbradar\/essa-fruta-conhecida-pode-tranformar-sua-saude-de-forma-rapida\/#breadcrumb","itemListElement":[{"@type":"ListItem","position":1,"name":"In\u00edcio","item":"https:\/\/www.correiobraziliense.com.br\/cbradar\/"},{"@type":"ListItem","position":2,"name":"Essa fruta conhecida pode tranformar sua sa\u00fade de forma rapida"}]},{"@type":"WebSite","@id":"https:\/\/www.correiobraziliense.com.br\/cbradar\/#website","url":"https:\/\/www.correiobraziliense.com.br\/cbradar\/","name":"Correio Braziliense - Radar","description":"Acompanhe as \u00faltimas not\u00edcias e fique bem informado sobre tudo o que acontece no Brasil e no mundo.","potentialAction":[{"@type":"SearchAction","target":{"@type":"EntryPoint","urlTemplate":"https:\/\/www.correiobraziliense.com.br\/cbradar\/?s={search_term_string}"},"query-input":{"@type":"PropertyValueSpecification","valueRequired":true,"valueName":"search_term_string"}}],"inLanguage":"pt-BR"},{"@type":"Person","@id":"https:\/\/www.correiobraziliense.com.br\/cbradar\/#\/schema\/person\/5aa4bf3c8fa699c267933611de12978b","name":"guilherme_saude","image":{"@type":"ImageObject","inLanguage":"pt-BR","@id":"https:\/\/www.correiobraziliense.com.br\/cbradar\/#\/schema\/person\/image\/","url":"https:\/\/secure.gravatar.com\/avatar\/df9adfb835d344bc0af109d41756253f?s=96&d=mm&r=g","contentUrl":"https:\/\/secure.gravatar.com\/avatar\/df9adfb835d344bc0af109d41756253f?s=96&d=mm&r=g","caption":"guilherme_saude"},"url":"https:\/\/www.correiobraziliense.com.br\/cbradar\/author\/guilherme_saude\/"}]}},"_links":{"self":[{"href":"https:\/\/www.correiobraziliense.com.br\/cbradar\/wp-json\/wp\/v2\/posts\/95777","targetHints":{"allow":["GET"]}}],"collection":[{"href":"https:\/\/www.correiobraziliense.com.br\/cbradar\/wp-json\/wp\/v2\/posts"}],"about":[{"href":"https:\/\/www.correiobraziliense.com.br\/cbradar\/wp-json\/wp\/v2\/types\/post"}],"author":[{"embeddable":true,"href":"https:\/\/www.correiobraziliense.com.br\/cbradar\/wp-json\/wp\/v2\/users\/14"}],"replies":[{"embeddable":true,"href":"https:\/\/www.correiobraziliense.com.br\/cbradar\/wp-json\/wp\/v2\/comments?post=95777"}],"version-history":[{"count":1,"href":"https:\/\/www.correiobraziliense.com.br\/cbradar\/wp-json\/wp\/v2\/posts\/95777\/revisions"}],"predecessor-version":[{"id":95778,"href":"https:\/\/www.correiobraziliense.com.br\/cbradar\/wp-json\/wp\/v2\/posts\/95777\/revisions\/95778"}],"wp:featuredmedia":[{"embeddable":true,"href":"https:\/\/www.correiobraziliense.com.br\/cbradar\/wp-json\/wp\/v2\/media\/62561"}],"wp:attachment":[{"href":"https:\/\/www.correiobraziliense.com.br\/cbradar\/wp-json\/wp\/v2\/media?parent=95777"}],"wp:term":[{"taxonomy":"category","embeddable":true,"href":"https:\/\/www.correiobraziliense.com.br\/cbradar\/wp-json\/wp\/v2\/categories?post=95777"},{"taxonomy":"post_tag","embeddable":true,"href":"https:\/\/www.correiobraziliense.com.br\/cbradar\/wp-json\/wp\/v2\/tags?post=95777"}],"curies":[{"name":"wp","href":"https:\/\/api.w.org\/{rel}","templated":true}]}}