{"id":9593,"date":"2025-03-07T18:30:00","date_gmt":"2025-03-07T21:30:00","guid":{"rendered":"https:\/\/www.correiobraziliense.com.br\/cbradar\/?p=9593"},"modified":"2025-03-07T06:51:26","modified_gmt":"2025-03-07T09:51:26","slug":"como-e-a-vida-em-um-lugar-onde-a-luz-do-sol-nunca-chega","status":"publish","type":"post","link":"https:\/\/www.correiobraziliense.com.br\/cbradar\/como-e-a-vida-em-um-lugar-onde-a-luz-do-sol-nunca-chega\/","title":{"rendered":"Como \u00e9 a vida em um lugar onde a luz do sol nunca chega?"},"content":{"rendered":"\n<p>Para a maioria das pessoas, a luz do sol \u00e9 algo natural no dia a dia. Mas imagine morar em um lugar onde os raios solares nunca alcan\u00e7am diretamente as ruas. Essa \u00e9 a realidade de <strong>Rjukan<\/strong>, uma pequena cidade na Noruega que passa boa parte do ano completamente \u00e0 sombra das montanhas ao seu redor.<\/p>\n\n\n\n<p>Durante o inverno, a escurid\u00e3o toma conta da cidade, e seus moradores precisam encontrar maneiras criativas de lidar com a falta de luz natural. Mas como \u00e9 viver em um lugar onde o sol nunca brilha diretamente?<\/p>\n\n\n\n<h2 class=\"wp-block-heading\"><strong>Por que Rjukan nunca recebe luz solar?<\/strong><\/h2>\n\n\n\n<p>Rjukan foi fundada no in\u00edcio do s\u00e9culo XX como uma cidade industrial, localizada em um vale profundo e estreito cercado por montanhas. Durante o inverno, o sol fica muito baixo no horizonte e simplesmente n\u00e3o consegue ultrapassar as encostas \u00edngremes ao redor da cidade. Como resultado, <strong>Rjukan fica sem luz solar direta por quase seis meses ao ano<\/strong>, entre setembro e mar\u00e7o.<\/p>\n\n\n\n<p>Essa condi\u00e7\u00e3o extrema sempre foi um desafio para os moradores, que precisavam encontrar maneiras de compensar a escurid\u00e3o prolongada. No passado, as pessoas costumavam viajar para \u00e1reas mais altas para tomar sol ou usar l\u00e2mpadas artificiais dentro de casa.<\/p>\n\n\n\n<figure class=\"wp-block-image size-large\"><img decoding=\"async\" width=\"1024\" height=\"576\" src=\"https:\/\/www.correiobraziliense.com.br\/cbradar\/wp-content\/uploads\/2025\/03\/Noruega-noite_1741280438945-1024x576.jpg\" alt=\"Como \u00e9 a vida em um lugar onde a luz do sol nunca chega?\" class=\"wp-image-9595\" srcset=\"https:\/\/www.correiobraziliense.com.br\/cbradar\/wp-content\/uploads\/2025\/03\/Noruega-noite_1741280438945-1024x576.jpg 1024w, https:\/\/www.correiobraziliense.com.br\/cbradar\/wp-content\/uploads\/2025\/03\/Noruega-noite_1741280438945-300x169.jpg 300w, https:\/\/www.correiobraziliense.com.br\/cbradar\/wp-content\/uploads\/2025\/03\/Noruega-noite_1741280438945-768x432.jpg 768w, https:\/\/www.correiobraziliense.com.br\/cbradar\/wp-content\/uploads\/2025\/03\/Noruega-noite_1741280438945-750x422.jpg 750w, https:\/\/www.correiobraziliense.com.br\/cbradar\/wp-content\/uploads\/2025\/03\/Noruega-noite_1741280438945-1140x641.jpg 1140w, https:\/\/www.correiobraziliense.com.br\/cbradar\/wp-content\/uploads\/2025\/03\/Noruega-noite_1741280438945.jpg 1280w\" sizes=\"(max-width: 1024px) 100vw, 1024px\" \/><figcaption class=\"wp-element-caption\">Noruega. Cr\u00e9ditos: depositphotos.com \/ elenasuvorova<\/figcaption><\/figure>\n\n\n\n<h2 class=\"wp-block-heading\"><strong>A solu\u00e7\u00e3o criativa: espelhos gigantes para refletir o sol<\/strong><\/h2>\n\n\n\n<p>Em 2013, ap\u00f3s mais de 100 anos vivendo na sombra, Rjukan encontrou uma solu\u00e7\u00e3o inovadora para trazer a luz do sol para a cidade: <strong>espelhos gigantes montados no topo da montanha<\/strong>.<\/p>\n\n\n\n<p>Os espelhos, conhecidos como <strong>heliostatos<\/strong>, foram instalados a 450 metros acima da cidade e acompanham o movimento do sol, refletindo sua luz diretamente para a pra\u00e7a central de Rjukan. Com isso, pela primeira vez na hist\u00f3ria, os moradores puderam desfrutar de um pouco de sol durante o inverno sem precisar sair do vale.<\/p>\n\n\n\n<p>A pra\u00e7a iluminada se tornou um ponto de encontro para a popula\u00e7\u00e3o, e muitos consideram o projeto um sucesso, pois ajuda a melhorar o humor e a qualidade de vida durante os meses mais escuros.<\/p>\n\n\n\n<h3 class=\"wp-block-heading\"><strong>Curiosidades sobre Rjukan<\/strong><\/h3>\n\n\n\n<ul class=\"wp-block-list\">\n<li><strong>A cidade foi fundada por uma f\u00e1brica<\/strong> \u2013 Rjukan surgiu para abrigar trabalhadores de uma empresa de energia hidrel\u00e9trica.<\/li>\n\n\n\n<li><strong>J\u00e1 foi palco de uma opera\u00e7\u00e3o da Segunda Guerra Mundial<\/strong> \u2013 Durante o conflito, a cidade foi alvo de sabotagens por conter uma usina ligada ao desenvolvimento de armas nazistas.<\/li>\n\n\n\n<li><strong>O projeto dos espelhos custou cerca de 5 milh\u00f5es de reais<\/strong> \u2013 Apesar do alto custo, a ideia atraiu turistas curiosos para ver a tecnologia em funcionamento.<\/li>\n\n\n\n<li><strong>Ainda h\u00e1 moradores c\u00e9ticos<\/strong> \u2013 Alguns habitantes acreditam que os espelhos n\u00e3o substituem a luz solar real e preferem viajar para lugares mais ensolarados no inverno.<\/li>\n\n\n\n<li><strong>A cidade tem um telef\u00e9rico desde 1928<\/strong> \u2013 Ele foi constru\u00eddo para levar os moradores at\u00e9 \u00e1reas mais altas para que pudessem tomar sol.<\/li>\n<\/ul>\n\n\n\n<h2 class=\"wp-block-heading\"><strong>Como a falta de sol afeta a vida na cidade?<\/strong><\/h2>\n\n\n\n<p>Al\u00e9m do frio intenso, a aus\u00eancia prolongada da luz solar pode causar impactos na sa\u00fade f\u00edsica e mental. Muitos moradores de Rjukan sofrem com <strong>d\u00e9ficit de vitamina D<\/strong>, um problema comum em pa\u00edses n\u00f3rdicos, e podem desenvolver <strong>depress\u00e3o sazonal<\/strong>, um dist\u00farbio ligado \u00e0 falta de exposi\u00e7\u00e3o ao sol.<\/p>\n\n\n\n<p>Para compensar, al\u00e9m dos espelhos, os habitantes costumam utilizar l\u00e2mpadas especiais que simulam a luz natural e ajudam a manter o bem-estar durante os meses mais escuros.<\/p>\n\n\n\n<h2 class=\"wp-block-heading\"><strong>Uma cidade sem sol pode ser um bom lugar para viver?<\/strong><\/h2>\n\n\n\n<p>Apesar das dificuldades, os moradores de Rjukan aprenderam a conviver com a falta de luz solar e encontraram formas criativas de tornar a cidade mais habit\u00e1vel. A instala\u00e7\u00e3o dos espelhos trouxe um pouco de al\u00edvio e chamou a aten\u00e7\u00e3o do mundo para essa cidade \u00fanica.<\/p>\n\n\n\n<p>Mesmo sem sol direto, Rjukan continua sendo um lugar cheio de hist\u00f3ria, inova\u00e7\u00e3o e resili\u00eancia \u2013 um verdadeiro exemplo de adapta\u00e7\u00e3o humana a condi\u00e7\u00f5es extremas.<\/p>\n","protected":false},"excerpt":{"rendered":"<p>Existe uma cidade onde o sol nunca chega diretamente, e os moradores vivem meses na sombra. Como eles lidam com isso?<\/p>\n","protected":false},"author":3,"featured_media":9594,"comment_status":"open","ping_status":"open","sticky":false,"template":"","format":"standard","meta":{"_yoast_wpseo_focuskw":"cidade sem luz","_yoast_wpseo_title":"%%title%%","_yoast_wpseo_metadesc":"Existe uma cidade onde o sol nunca chega diretamente, e os moradores vivem meses na sombra. Como eles lidam com isso?","jnews-multi-image_gallery":[],"jnews_single_post":{"format":"standard"},"jnews_primary_category":[],"jnews_social_meta":[],"jnews_override_counter":[],"footnotes":""},"categories":[108],"post_tag":[109],"class_list":["post-9593","post","type-post","status-publish","format-standard","has-post-thumbnail","hentry","category-cidades","tag-cidades"],"yoast_head":"<!-- This site is optimized with the Yoast SEO plugin v24.6 - https:\/\/yoast.com\/wordpress\/plugins\/seo\/ -->\n<title>Como \u00e9 a vida em um lugar onde a luz do sol nunca chega?<\/title>\n<meta name=\"description\" content=\"Existe uma cidade onde o sol nunca chega diretamente, e os moradores vivem meses na sombra. Como eles lidam com isso?\" \/>\n<meta name=\"robots\" content=\"index, follow, max-snippet:-1, max-image-preview:large, max-video-preview:-1\" \/>\n<link rel=\"canonical\" href=\"https:\/\/www.correiobraziliense.com.br\/cbradar\/como-e-a-vida-em-um-lugar-onde-a-luz-do-sol-nunca-chega\/\" \/>\n<meta property=\"og:locale\" content=\"pt_BR\" \/>\n<meta property=\"og:type\" content=\"article\" \/>\n<meta property=\"og:title\" content=\"Como \u00e9 a vida em um lugar onde a luz do sol nunca chega?\" \/>\n<meta property=\"og:description\" content=\"Existe uma cidade onde o sol nunca chega diretamente, e os moradores vivem meses na sombra. Como eles lidam com isso?\" \/>\n<meta property=\"og:url\" content=\"https:\/\/www.correiobraziliense.com.br\/cbradar\/como-e-a-vida-em-um-lugar-onde-a-luz-do-sol-nunca-chega\/\" \/>\n<meta property=\"og:site_name\" content=\"Correio Braziliense - Radar\" \/>\n<meta property=\"article:published_time\" content=\"2025-03-07T21:30:00+00:00\" \/>\n<meta property=\"og:image\" content=\"https:\/\/www.correiobraziliense.com.br\/cbradar\/wp-content\/uploads\/2025\/03\/Noruega-noite_1741280412263.jpg\" \/>\n\t<meta property=\"og:image:width\" content=\"1280\" \/>\n\t<meta property=\"og:image:height\" content=\"720\" \/>\n\t<meta property=\"og:image:type\" content=\"image\/jpeg\" \/>\n<meta name=\"author\" content=\"Larissa Carvalho\" \/>\n<meta name=\"twitter:card\" content=\"summary_large_image\" \/>\n<meta name=\"twitter:label1\" content=\"Escrito por\" \/>\n\t<meta name=\"twitter:data1\" content=\"Larissa Carvalho\" \/>\n\t<meta name=\"twitter:label2\" content=\"Est. tempo de leitura\" \/>\n\t<meta name=\"twitter:data2\" content=\"4 minutos\" \/>\n<!-- \/ Yoast SEO plugin. -->","yoast_head_json":{"title":"Como \u00e9 a vida em um lugar onde a luz do sol nunca chega?","description":"Existe uma cidade onde o sol nunca chega diretamente, e os moradores vivem meses na sombra. Como eles lidam com isso?","robots":{"index":"index","follow":"follow","max-snippet":"max-snippet:-1","max-image-preview":"max-image-preview:large","max-video-preview":"max-video-preview:-1"},"canonical":"https:\/\/www.correiobraziliense.com.br\/cbradar\/como-e-a-vida-em-um-lugar-onde-a-luz-do-sol-nunca-chega\/","og_locale":"pt_BR","og_type":"article","og_title":"Como \u00e9 a vida em um lugar onde a luz do sol nunca chega?","og_description":"Existe uma cidade onde o sol nunca chega diretamente, e os moradores vivem meses na sombra. Como eles lidam com isso?","og_url":"https:\/\/www.correiobraziliense.com.br\/cbradar\/como-e-a-vida-em-um-lugar-onde-a-luz-do-sol-nunca-chega\/","og_site_name":"Correio Braziliense - Radar","article_published_time":"2025-03-07T21:30:00+00:00","og_image":[{"width":1280,"height":720,"url":"https:\/\/www.correiobraziliense.com.br\/cbradar\/wp-content\/uploads\/2025\/03\/Noruega-noite_1741280412263.jpg","type":"image\/jpeg"}],"author":"Larissa Carvalho","twitter_card":"summary_large_image","twitter_misc":{"Escrito por":"Larissa Carvalho","Est. tempo de leitura":"4 minutos"},"schema":{"@context":"https:\/\/schema.org","@graph":[{"@type":"WebPage","@id":"https:\/\/www.correiobraziliense.com.br\/cbradar\/como-e-a-vida-em-um-lugar-onde-a-luz-do-sol-nunca-chega\/","url":"https:\/\/www.correiobraziliense.com.br\/cbradar\/como-e-a-vida-em-um-lugar-onde-a-luz-do-sol-nunca-chega\/","name":"Como \u00e9 a vida em um lugar onde a luz do sol nunca chega?","isPartOf":{"@id":"https:\/\/www.correiobraziliense.com.br\/cbradar\/#website"},"primaryImageOfPage":{"@id":"https:\/\/www.correiobraziliense.com.br\/cbradar\/como-e-a-vida-em-um-lugar-onde-a-luz-do-sol-nunca-chega\/#primaryimage"},"image":{"@id":"https:\/\/www.correiobraziliense.com.br\/cbradar\/como-e-a-vida-em-um-lugar-onde-a-luz-do-sol-nunca-chega\/#primaryimage"},"thumbnailUrl":"https:\/\/www.correiobraziliense.com.br\/cbradar\/wp-content\/uploads\/2025\/03\/Noruega-noite_1741280412263.jpg","datePublished":"2025-03-07T21:30:00+00:00","author":{"@id":"https:\/\/www.correiobraziliense.com.br\/cbradar\/#\/schema\/person\/58422787644df994b53a19d3e56c1513"},"description":"Existe uma cidade onde o sol nunca chega diretamente, e os moradores vivem meses na sombra. Como eles lidam com isso?","breadcrumb":{"@id":"https:\/\/www.correiobraziliense.com.br\/cbradar\/como-e-a-vida-em-um-lugar-onde-a-luz-do-sol-nunca-chega\/#breadcrumb"},"inLanguage":"pt-BR","potentialAction":[{"@type":"ReadAction","target":["https:\/\/www.correiobraziliense.com.br\/cbradar\/como-e-a-vida-em-um-lugar-onde-a-luz-do-sol-nunca-chega\/"]}]},{"@type":"ImageObject","inLanguage":"pt-BR","@id":"https:\/\/www.correiobraziliense.com.br\/cbradar\/como-e-a-vida-em-um-lugar-onde-a-luz-do-sol-nunca-chega\/#primaryimage","url":"https:\/\/www.correiobraziliense.com.br\/cbradar\/wp-content\/uploads\/2025\/03\/Noruega-noite_1741280412263.jpg","contentUrl":"https:\/\/www.correiobraziliense.com.br\/cbradar\/wp-content\/uploads\/2025\/03\/Noruega-noite_1741280412263.jpg","width":1280,"height":720,"caption":"Noruega. Cr\u00e9ditos: depositphotos.com \/ val_th"},{"@type":"BreadcrumbList","@id":"https:\/\/www.correiobraziliense.com.br\/cbradar\/como-e-a-vida-em-um-lugar-onde-a-luz-do-sol-nunca-chega\/#breadcrumb","itemListElement":[{"@type":"ListItem","position":1,"name":"In\u00edcio","item":"https:\/\/www.correiobraziliense.com.br\/cbradar\/"},{"@type":"ListItem","position":2,"name":"Como \u00e9 a vida em um lugar onde a luz do sol nunca chega?"}]},{"@type":"WebSite","@id":"https:\/\/www.correiobraziliense.com.br\/cbradar\/#website","url":"https:\/\/www.correiobraziliense.com.br\/cbradar\/","name":"Correio Braziliense - Radar","description":"Acompanhe as \u00faltimas not\u00edcias e fique bem informado sobre tudo o que acontece no Brasil e no mundo.","potentialAction":[{"@type":"SearchAction","target":{"@type":"EntryPoint","urlTemplate":"https:\/\/www.correiobraziliense.com.br\/cbradar\/?s={search_term_string}"},"query-input":{"@type":"PropertyValueSpecification","valueRequired":true,"valueName":"search_term_string"}}],"inLanguage":"pt-BR"},{"@type":"Person","@id":"https:\/\/www.correiobraziliense.com.br\/cbradar\/#\/schema\/person\/58422787644df994b53a19d3e56c1513","name":"Larissa Carvalho","image":{"@type":"ImageObject","inLanguage":"pt-BR","@id":"https:\/\/www.correiobraziliense.com.br\/cbradar\/#\/schema\/person\/image\/","url":"https:\/\/secure.gravatar.com\/avatar\/fe4f91a0de32b52a838d0d612abdc1aa?s=96&d=mm&r=g","contentUrl":"https:\/\/secure.gravatar.com\/avatar\/fe4f91a0de32b52a838d0d612abdc1aa?s=96&d=mm&r=g","caption":"Larissa Carvalho"},"url":"https:\/\/www.correiobraziliense.com.br\/cbradar\/author\/larissamyth\/"}]}},"_links":{"self":[{"href":"https:\/\/www.correiobraziliense.com.br\/cbradar\/wp-json\/wp\/v2\/posts\/9593","targetHints":{"allow":["GET"]}}],"collection":[{"href":"https:\/\/www.correiobraziliense.com.br\/cbradar\/wp-json\/wp\/v2\/posts"}],"about":[{"href":"https:\/\/www.correiobraziliense.com.br\/cbradar\/wp-json\/wp\/v2\/types\/post"}],"author":[{"embeddable":true,"href":"https:\/\/www.correiobraziliense.com.br\/cbradar\/wp-json\/wp\/v2\/users\/3"}],"replies":[{"embeddable":true,"href":"https:\/\/www.correiobraziliense.com.br\/cbradar\/wp-json\/wp\/v2\/comments?post=9593"}],"version-history":[{"count":1,"href":"https:\/\/www.correiobraziliense.com.br\/cbradar\/wp-json\/wp\/v2\/posts\/9593\/revisions"}],"predecessor-version":[{"id":9596,"href":"https:\/\/www.correiobraziliense.com.br\/cbradar\/wp-json\/wp\/v2\/posts\/9593\/revisions\/9596"}],"wp:featuredmedia":[{"embeddable":true,"href":"https:\/\/www.correiobraziliense.com.br\/cbradar\/wp-json\/wp\/v2\/media\/9594"}],"wp:attachment":[{"href":"https:\/\/www.correiobraziliense.com.br\/cbradar\/wp-json\/wp\/v2\/media?parent=9593"}],"wp:term":[{"taxonomy":"category","embeddable":true,"href":"https:\/\/www.correiobraziliense.com.br\/cbradar\/wp-json\/wp\/v2\/categories?post=9593"},{"taxonomy":"post_tag","embeddable":true,"href":"https:\/\/www.correiobraziliense.com.br\/cbradar\/wp-json\/wp\/v2\/post_tag?post=9593"}],"curies":[{"name":"wp","href":"https:\/\/api.w.org\/{rel}","templated":true}]}}