{"id":9597,"date":"2025-03-07T20:10:00","date_gmt":"2025-03-07T23:10:00","guid":{"rendered":"https:\/\/www.correiobraziliense.com.br\/cbradar\/?p=9597"},"modified":"2025-03-07T06:52:05","modified_gmt":"2025-03-07T09:52:05","slug":"conheca-a-cidade-que-se-move-sozinha","status":"publish","type":"post","link":"https:\/\/www.correiobraziliense.com.br\/cbradar\/conheca-a-cidade-que-se-move-sozinha\/","title":{"rendered":"Conhe\u00e7a a cidade que se move sozinha"},"content":{"rendered":"\n<p>Imagine acordar um dia e descobrir que sua cidade inteira est\u00e1 sendo movida para outro lugar. Parece um enredo de fic\u00e7\u00e3o cient\u00edfica, mas essa \u00e9 a realidade de <strong>Kiruna<\/strong>, na <strong>Su\u00e9cia<\/strong>, uma cidade que est\u00e1 literalmente sendo <strong>desmontada e reconstru\u00edda alguns quil\u00f4metros adiante<\/strong>.<\/p>\n\n\n\n<p>O motivo? O solo abaixo de Kiruna est\u00e1 cedendo devido \u00e0 minera\u00e7\u00e3o intensa, tornando perigoso permanecer no local original. Em vez de abandonar a cidade, as autoridades decidiram algo ousado: <strong>mudar Kiruna de lugar, edif\u00edcio por edif\u00edcio, rua por rua<\/strong>. Mas como isso est\u00e1 acontecendo e o que significa para os moradores?<\/p>\n\n\n\n<h2 class=\"wp-block-heading\"><strong>Por que Kiruna precisa ser movida?<\/strong><\/h2>\n\n\n\n<p>Kiruna \u00e9 uma cidade fundada no s\u00e9culo XX para explorar um dos maiores dep\u00f3sitos de ferro do mundo. Durante d\u00e9cadas, a minera\u00e7\u00e3o foi a principal atividade econ\u00f4mica da regi\u00e3o, garantindo emprego e desenvolvimento para milhares de pessoas.<\/p>\n\n\n\n<p>No entanto, a extra\u00e7\u00e3o cont\u00ednua de ferro subterr\u00e2neo come\u00e7ou a causar rachaduras e desabamentos no solo. Estudos mostraram que, se nada fosse feito, parte da cidade poderia simplesmente afundar nos pr\u00f3ximos anos. A solu\u00e7\u00e3o? <strong>Transferir Kiruna para um local seguro, a cerca de 3 km de dist\u00e2ncia<\/strong>.<\/p>\n\n\n\n<p>O projeto come\u00e7ou oficialmente em 2014 e deve continuar at\u00e9 2040. Durante esse per\u00edodo, diversos pr\u00e9dios hist\u00f3ricos est\u00e3o sendo desmontados e reconstru\u00eddos no novo local, enquanto outras estruturas s\u00e3o simplesmente demolidas para dar lugar a novas constru\u00e7\u00f5es.<\/p>\n\n\n\n<figure class=\"wp-block-image size-large\"><img decoding=\"async\" width=\"1024\" height=\"576\" src=\"https:\/\/www.correiobraziliense.com.br\/cbradar\/wp-content\/uploads\/2025\/03\/Kiruna_1741280759160-1024x576.jpg\" alt=\"Conhe\u00e7a a cidade que se move sozinha\" class=\"wp-image-9600\" srcset=\"https:\/\/www.correiobraziliense.com.br\/cbradar\/wp-content\/uploads\/2025\/03\/Kiruna_1741280759160-1024x576.jpg 1024w, https:\/\/www.correiobraziliense.com.br\/cbradar\/wp-content\/uploads\/2025\/03\/Kiruna_1741280759160-300x169.jpg 300w, https:\/\/www.correiobraziliense.com.br\/cbradar\/wp-content\/uploads\/2025\/03\/Kiruna_1741280759160-768x432.jpg 768w, https:\/\/www.correiobraziliense.com.br\/cbradar\/wp-content\/uploads\/2025\/03\/Kiruna_1741280759160-750x422.jpg 750w, https:\/\/www.correiobraziliense.com.br\/cbradar\/wp-content\/uploads\/2025\/03\/Kiruna_1741280759160-1140x641.jpg 1140w, https:\/\/www.correiobraziliense.com.br\/cbradar\/wp-content\/uploads\/2025\/03\/Kiruna_1741280759160.jpg 1280w\" sizes=\"(max-width: 1024px) 100vw, 1024px\" \/><figcaption class=\"wp-element-caption\">Kiruna. Cr\u00e9ditos: depositphotos.com \/ 360ber<\/figcaption><\/figure>\n\n\n\n<h2 class=\"wp-block-heading\"><strong>Como os moradores lidam com essa mudan\u00e7a?<\/strong><\/h2>\n\n\n\n<p>Mudar de bairro j\u00e1 \u00e9 algo trabalhoso \u2013 agora imagine mudar de cidade inteira. Para os moradores de Kiruna, a realoca\u00e7\u00e3o traz sentimentos mistos. Muitos est\u00e3o animados com a oportunidade de viver em uma cidade planejada do zero, com melhor infraestrutura e design moderno. No entanto, h\u00e1 tamb\u00e9m resist\u00eancia, j\u00e1 que algumas pessoas vivem no mesmo endere\u00e7o h\u00e1 gera\u00e7\u00f5es e n\u00e3o querem abandonar suas casas.<\/p>\n\n\n\n<p>Os edif\u00edcios mais importantes, como a ic\u00f4nica igreja de madeira de Kiruna, est\u00e3o sendo transportados pe\u00e7a por pe\u00e7a para preservar a identidade da cidade. J\u00e1 algumas \u00e1reas residenciais est\u00e3o sendo reconstru\u00eddas no novo local com um estilo similar ao original, tentando manter o senso de continuidade para os habitantes.<\/p>\n\n\n\n<h3 class=\"wp-block-heading\"><strong>Curiosidades sobre Kiruna<\/strong><\/h3>\n\n\n\n<ul class=\"wp-block-list\">\n<li><strong>Maior realoca\u00e7\u00e3o urbana da hist\u00f3ria sueca<\/strong> \u2013 Nunca antes uma cidade inteira foi movida dessa forma no pa\u00eds.<\/li>\n\n\n\n<li><strong>Minera\u00e7\u00e3o \u00e9 a base da economia local<\/strong> \u2013 O ferro extra\u00eddo da regi\u00e3o representa uma grande parte das exporta\u00e7\u00f5es suecas.<\/li>\n\n\n\n<li><strong>Mudan\u00e7a planejada at\u00e9 2040<\/strong> \u2013 A transfer\u00eancia completa da cidade pode levar mais de 25 anos.<\/li>\n\n\n\n<li><strong>Alguns pr\u00e9dios est\u00e3o sendo transportados intactos<\/strong> \u2013 Estruturas menores, como casas e igrejas, s\u00e3o levadas para o novo local sem serem desmontadas.<\/li>\n\n\n\n<li><strong>Arquitetura moderna<\/strong> \u2013 O novo centro da cidade est\u00e1 sendo projetado para ser mais sustent\u00e1vel e funcional.<\/li>\n<\/ul>\n\n\n\n<h2 class=\"wp-block-heading\"><strong>Uma cidade em movimento pode ser um modelo para o futuro?<\/strong><\/h2>\n\n\n\n<p>Kiruna est\u00e1 provando que at\u00e9 mesmo uma cidade inteira pode ser deslocada quando necess\u00e1rio. Em um mundo onde desastres naturais, mudan\u00e7as clim\u00e1ticas e impactos ambientais amea\u00e7am diversas regi\u00f5es, a experi\u00eancia sueca pode servir de exemplo para outras cidades que um dia precisem ser movidas.<\/p>\n\n\n\n<p>Embora ainda haja desafios pela frente, a realoca\u00e7\u00e3o de Kiruna mostra como planejamento e inova\u00e7\u00e3o podem transformar um problema grave em uma oportunidade de reconstru\u00e7\u00e3o e crescimento.<\/p>\n","protected":false},"excerpt":{"rendered":"<p>Existe uma cidade que est\u00e1 sendo movida para outro local porque o solo abaixo dela est\u00e1 afundando. Como os moradores lidam com isso?<\/p>\n","protected":false},"author":3,"featured_media":9599,"comment_status":"open","ping_status":"open","sticky":false,"template":"","format":"standard","meta":{"_yoast_wpseo_focuskw":"cidade move sozinha","_yoast_wpseo_title":"%%title%%","_yoast_wpseo_metadesc":"Existe uma cidade que est\u00e1 sendo movida para outro local porque o solo abaixo dela est\u00e1 afundando. Como os moradores lidam com isso?","jnews-multi-image_gallery":[],"jnews_single_post":{"format":"standard"},"jnews_primary_category":[],"jnews_social_meta":[],"jnews_override_counter":[],"footnotes":""},"categories":[108],"post_tag":[109],"class_list":["post-9597","post","type-post","status-publish","format-standard","has-post-thumbnail","hentry","category-cidades","tag-cidades"],"yoast_head":"<!-- This site is optimized with the Yoast SEO plugin v24.6 - https:\/\/yoast.com\/wordpress\/plugins\/seo\/ -->\n<title>Conhe\u00e7a a cidade que se move sozinha<\/title>\n<meta name=\"description\" content=\"Existe uma cidade que est\u00e1 sendo movida para outro local porque o solo abaixo dela est\u00e1 afundando. Como os moradores lidam com isso?\" \/>\n<meta name=\"robots\" content=\"index, follow, max-snippet:-1, max-image-preview:large, max-video-preview:-1\" \/>\n<link rel=\"canonical\" href=\"https:\/\/www.correiobraziliense.com.br\/cbradar\/conheca-a-cidade-que-se-move-sozinha\/\" \/>\n<meta property=\"og:locale\" content=\"pt_BR\" \/>\n<meta property=\"og:type\" content=\"article\" \/>\n<meta property=\"og:title\" content=\"Conhe\u00e7a a cidade que se move sozinha\" \/>\n<meta property=\"og:description\" content=\"Existe uma cidade que est\u00e1 sendo movida para outro local porque o solo abaixo dela est\u00e1 afundando. Como os moradores lidam com isso?\" \/>\n<meta property=\"og:url\" content=\"https:\/\/www.correiobraziliense.com.br\/cbradar\/conheca-a-cidade-que-se-move-sozinha\/\" \/>\n<meta property=\"og:site_name\" content=\"Correio Braziliense - Radar\" \/>\n<meta property=\"article:published_time\" content=\"2025-03-07T23:10:00+00:00\" \/>\n<meta property=\"og:image\" content=\"https:\/\/www.correiobraziliense.com.br\/cbradar\/wp-content\/uploads\/2025\/03\/Kiruna_1741280633088.jpg\" \/>\n\t<meta property=\"og:image:width\" content=\"1280\" \/>\n\t<meta property=\"og:image:height\" content=\"720\" \/>\n\t<meta property=\"og:image:type\" content=\"image\/jpeg\" \/>\n<meta name=\"author\" content=\"Larissa Carvalho\" \/>\n<meta name=\"twitter:card\" content=\"summary_large_image\" \/>\n<meta name=\"twitter:label1\" content=\"Escrito por\" \/>\n\t<meta name=\"twitter:data1\" content=\"Larissa Carvalho\" \/>\n\t<meta name=\"twitter:label2\" content=\"Est. tempo de leitura\" \/>\n\t<meta name=\"twitter:data2\" content=\"4 minutos\" \/>\n<!-- \/ Yoast SEO plugin. -->","yoast_head_json":{"title":"Conhe\u00e7a a cidade que se move sozinha","description":"Existe uma cidade que est\u00e1 sendo movida para outro local porque o solo abaixo dela est\u00e1 afundando. Como os moradores lidam com isso?","robots":{"index":"index","follow":"follow","max-snippet":"max-snippet:-1","max-image-preview":"max-image-preview:large","max-video-preview":"max-video-preview:-1"},"canonical":"https:\/\/www.correiobraziliense.com.br\/cbradar\/conheca-a-cidade-que-se-move-sozinha\/","og_locale":"pt_BR","og_type":"article","og_title":"Conhe\u00e7a a cidade que se move sozinha","og_description":"Existe uma cidade que est\u00e1 sendo movida para outro local porque o solo abaixo dela est\u00e1 afundando. Como os moradores lidam com isso?","og_url":"https:\/\/www.correiobraziliense.com.br\/cbradar\/conheca-a-cidade-que-se-move-sozinha\/","og_site_name":"Correio Braziliense - Radar","article_published_time":"2025-03-07T23:10:00+00:00","og_image":[{"width":1280,"height":720,"url":"https:\/\/www.correiobraziliense.com.br\/cbradar\/wp-content\/uploads\/2025\/03\/Kiruna_1741280633088.jpg","type":"image\/jpeg"}],"author":"Larissa Carvalho","twitter_card":"summary_large_image","twitter_misc":{"Escrito por":"Larissa Carvalho","Est. tempo de leitura":"4 minutos"},"schema":{"@context":"https:\/\/schema.org","@graph":[{"@type":"WebPage","@id":"https:\/\/www.correiobraziliense.com.br\/cbradar\/conheca-a-cidade-que-se-move-sozinha\/","url":"https:\/\/www.correiobraziliense.com.br\/cbradar\/conheca-a-cidade-que-se-move-sozinha\/","name":"Conhe\u00e7a a cidade que se move sozinha","isPartOf":{"@id":"https:\/\/www.correiobraziliense.com.br\/cbradar\/#website"},"primaryImageOfPage":{"@id":"https:\/\/www.correiobraziliense.com.br\/cbradar\/conheca-a-cidade-que-se-move-sozinha\/#primaryimage"},"image":{"@id":"https:\/\/www.correiobraziliense.com.br\/cbradar\/conheca-a-cidade-que-se-move-sozinha\/#primaryimage"},"thumbnailUrl":"https:\/\/www.correiobraziliense.com.br\/cbradar\/wp-content\/uploads\/2025\/03\/Kiruna_1741280633088.jpg","datePublished":"2025-03-07T23:10:00+00:00","author":{"@id":"https:\/\/www.correiobraziliense.com.br\/cbradar\/#\/schema\/person\/58422787644df994b53a19d3e56c1513"},"description":"Existe uma cidade que est\u00e1 sendo movida para outro local porque o solo abaixo dela est\u00e1 afundando. Como os moradores lidam com isso?","breadcrumb":{"@id":"https:\/\/www.correiobraziliense.com.br\/cbradar\/conheca-a-cidade-que-se-move-sozinha\/#breadcrumb"},"inLanguage":"pt-BR","potentialAction":[{"@type":"ReadAction","target":["https:\/\/www.correiobraziliense.com.br\/cbradar\/conheca-a-cidade-que-se-move-sozinha\/"]}]},{"@type":"ImageObject","inLanguage":"pt-BR","@id":"https:\/\/www.correiobraziliense.com.br\/cbradar\/conheca-a-cidade-que-se-move-sozinha\/#primaryimage","url":"https:\/\/www.correiobraziliense.com.br\/cbradar\/wp-content\/uploads\/2025\/03\/Kiruna_1741280633088.jpg","contentUrl":"https:\/\/www.correiobraziliense.com.br\/cbradar\/wp-content\/uploads\/2025\/03\/Kiruna_1741280633088.jpg","width":1280,"height":720,"caption":"Kiruna. Cr\u00e9ditos: depositphotos.com \/ gints.ivuskans"},{"@type":"BreadcrumbList","@id":"https:\/\/www.correiobraziliense.com.br\/cbradar\/conheca-a-cidade-que-se-move-sozinha\/#breadcrumb","itemListElement":[{"@type":"ListItem","position":1,"name":"In\u00edcio","item":"https:\/\/www.correiobraziliense.com.br\/cbradar\/"},{"@type":"ListItem","position":2,"name":"Conhe\u00e7a a cidade que se move sozinha"}]},{"@type":"WebSite","@id":"https:\/\/www.correiobraziliense.com.br\/cbradar\/#website","url":"https:\/\/www.correiobraziliense.com.br\/cbradar\/","name":"Correio Braziliense - Radar","description":"Acompanhe as \u00faltimas not\u00edcias e fique bem informado sobre tudo o que acontece no Brasil e no mundo.","potentialAction":[{"@type":"SearchAction","target":{"@type":"EntryPoint","urlTemplate":"https:\/\/www.correiobraziliense.com.br\/cbradar\/?s={search_term_string}"},"query-input":{"@type":"PropertyValueSpecification","valueRequired":true,"valueName":"search_term_string"}}],"inLanguage":"pt-BR"},{"@type":"Person","@id":"https:\/\/www.correiobraziliense.com.br\/cbradar\/#\/schema\/person\/58422787644df994b53a19d3e56c1513","name":"Larissa Carvalho","image":{"@type":"ImageObject","inLanguage":"pt-BR","@id":"https:\/\/www.correiobraziliense.com.br\/cbradar\/#\/schema\/person\/image\/","url":"https:\/\/secure.gravatar.com\/avatar\/fe4f91a0de32b52a838d0d612abdc1aa?s=96&d=mm&r=g","contentUrl":"https:\/\/secure.gravatar.com\/avatar\/fe4f91a0de32b52a838d0d612abdc1aa?s=96&d=mm&r=g","caption":"Larissa Carvalho"},"url":"https:\/\/www.correiobraziliense.com.br\/cbradar\/author\/larissamyth\/"}]}},"_links":{"self":[{"href":"https:\/\/www.correiobraziliense.com.br\/cbradar\/wp-json\/wp\/v2\/posts\/9597","targetHints":{"allow":["GET"]}}],"collection":[{"href":"https:\/\/www.correiobraziliense.com.br\/cbradar\/wp-json\/wp\/v2\/posts"}],"about":[{"href":"https:\/\/www.correiobraziliense.com.br\/cbradar\/wp-json\/wp\/v2\/types\/post"}],"author":[{"embeddable":true,"href":"https:\/\/www.correiobraziliense.com.br\/cbradar\/wp-json\/wp\/v2\/users\/3"}],"replies":[{"embeddable":true,"href":"https:\/\/www.correiobraziliense.com.br\/cbradar\/wp-json\/wp\/v2\/comments?post=9597"}],"version-history":[{"count":1,"href":"https:\/\/www.correiobraziliense.com.br\/cbradar\/wp-json\/wp\/v2\/posts\/9597\/revisions"}],"predecessor-version":[{"id":9601,"href":"https:\/\/www.correiobraziliense.com.br\/cbradar\/wp-json\/wp\/v2\/posts\/9597\/revisions\/9601"}],"wp:featuredmedia":[{"embeddable":true,"href":"https:\/\/www.correiobraziliense.com.br\/cbradar\/wp-json\/wp\/v2\/media\/9599"}],"wp:attachment":[{"href":"https:\/\/www.correiobraziliense.com.br\/cbradar\/wp-json\/wp\/v2\/media?parent=9597"}],"wp:term":[{"taxonomy":"category","embeddable":true,"href":"https:\/\/www.correiobraziliense.com.br\/cbradar\/wp-json\/wp\/v2\/categories?post=9597"},{"taxonomy":"post_tag","embeddable":true,"href":"https:\/\/www.correiobraziliense.com.br\/cbradar\/wp-json\/wp\/v2\/post_tag?post=9597"}],"curies":[{"name":"wp","href":"https:\/\/api.w.org\/{rel}","templated":true}]}}