{"id":9602,"date":"2025-03-07T21:30:00","date_gmt":"2025-03-08T00:30:00","guid":{"rendered":"https:\/\/www.correiobraziliense.com.br\/cbradar\/?p=9602"},"modified":"2025-03-07T06:52:43","modified_gmt":"2025-03-07T09:52:43","slug":"todas-as-pessoas-dessa-cidade-tem-o-mesmo-nome-entenda","status":"publish","type":"post","link":"https:\/\/www.correiobraziliense.com.br\/cbradar\/todas-as-pessoas-dessa-cidade-tem-o-mesmo-nome-entenda\/","title":{"rendered":"Todas as pessoas dessa cidade tem o mesmo nome, entenda"},"content":{"rendered":"\n<p>Em muitas cidades, ter um nome comum pode ser um pequeno inc\u00f4modo, como receber correspond\u00eancias trocadas ou ser confundido com outra pessoa. Mas imagine morar em um lugar onde <strong>a maioria dos habitantes tem exatamente o mesmo sobrenome<\/strong>. Isso acontece em <strong>H\u1ed3<\/strong>, uma vila no <strong>Vietn\u00e3 <\/strong>onde quase todos os moradores compartilham o sobrenome &#8220;H\u1ed3&#8221;.<\/p>\n\n\n\n<p>Mas como isso aconteceu? E como os moradores lidam com essa situa\u00e7\u00e3o no dia a dia? Vamos explorar essa hist\u00f3ria curiosa.<\/p>\n\n\n\n<h2 class=\"wp-block-heading\"><strong>Por que tantas pessoas na cidade t\u00eam o mesmo nome?<\/strong><\/h2>\n\n\n\n<p>A predomin\u00e2ncia do sobrenome &#8220;H\u1ed3&#8221; na vila tem ra\u00edzes hist\u00f3ricas. No Vietn\u00e3, \u00e9 comum que fam\u00edlias inteiras compartilhem um sobrenome passado de gera\u00e7\u00e3o em gera\u00e7\u00e3o. Isso se intensifica em comunidades menores, onde os moradores descendem de um mesmo ancestral.<\/p>\n\n\n\n<p>No caso de H\u1ed3, a vila foi fundada por uma \u00fanica fam\u00edlia que, ao longo dos s\u00e9culos, cresceu e permaneceu no mesmo local. Como resultado, hoje quase todos os habitantes carregam o mesmo sobrenome, tornando a cidade \u00fanica.<\/p>\n\n\n\n<p>Essa n\u00e3o \u00e9 uma exclusividade de H\u1ed3. Em muitas partes do Vietn\u00e3 e da China, alguns sobrenomes s\u00e3o extremamente comuns. No entanto, poucas cidades t\u00eam uma concentra\u00e7\u00e3o t\u00e3o grande de um \u00fanico nome como essa vila.<\/p>\n\n\n\n<figure class=\"wp-block-image size-large\"><img decoding=\"async\" width=\"1024\" height=\"576\" src=\"https:\/\/www.correiobraziliense.com.br\/cbradar\/wp-content\/uploads\/2025\/03\/Vietna-_1741281101700-1024x576.jpg\" alt=\"Todas as pessoas dessa cidade tem o mesmo nome, entenda\" class=\"wp-image-9605\" srcset=\"https:\/\/www.correiobraziliense.com.br\/cbradar\/wp-content\/uploads\/2025\/03\/Vietna-_1741281101700-1024x576.jpg 1024w, https:\/\/www.correiobraziliense.com.br\/cbradar\/wp-content\/uploads\/2025\/03\/Vietna-_1741281101700-300x169.jpg 300w, https:\/\/www.correiobraziliense.com.br\/cbradar\/wp-content\/uploads\/2025\/03\/Vietna-_1741281101700-768x432.jpg 768w, https:\/\/www.correiobraziliense.com.br\/cbradar\/wp-content\/uploads\/2025\/03\/Vietna-_1741281101700-750x422.jpg 750w, https:\/\/www.correiobraziliense.com.br\/cbradar\/wp-content\/uploads\/2025\/03\/Vietna-_1741281101700-1140x641.jpg 1140w, https:\/\/www.correiobraziliense.com.br\/cbradar\/wp-content\/uploads\/2025\/03\/Vietna-_1741281101700.jpg 1280w\" sizes=\"(max-width: 1024px) 100vw, 1024px\" \/><figcaption class=\"wp-element-caption\">Vietn\u00e3. Cr\u00e9ditos: depositphotos.com \/ AlexGukBO<\/figcaption><\/figure>\n\n\n\n<h2 class=\"wp-block-heading\"><strong>Como os moradores se diferenciam no dia a dia?<\/strong><\/h2>\n\n\n\n<p>Com tantas pessoas chamadas &#8220;H\u1ed3&#8221;, a identifica\u00e7\u00e3o se tornou um desafio. Para resolver isso, os moradores adotam diferentes estrat\u00e9gias:<\/p>\n\n\n\n<ul class=\"wp-block-list\">\n<li><strong>Uso de nomes completos<\/strong> \u2013 Em vez de chamar algu\u00e9m apenas pelo sobrenome, os moradores sempre dizem o nome completo da pessoa.<\/li>\n\n\n\n<li><strong>Apelidos e t\u00edtulos<\/strong> \u2013 Muitos utilizam apelidos ou refer\u00eancias familiares, como &#8220;H\u1ed3 do Mercado&#8221; ou &#8220;Tio H\u1ed3&#8221;.<\/li>\n\n\n\n<li><strong>Identifica\u00e7\u00e3o pelo nome dos pais<\/strong> \u2013 Em documentos e na fala cotidiana, \u00e9 comum adicionar o nome do pai para diferenciar pessoas com o mesmo nome.<\/li>\n<\/ul>\n\n\n\n<p>Mesmo assim, erros acontecem. \u00c9 comum que correspond\u00eancias sejam entregues para a pessoa errada ou que algu\u00e9m seja chamado no hospital e v\u00e1rias pessoas atendam ao mesmo tempo.<\/p>\n\n\n\n<h3 class=\"wp-block-heading\"><strong>Curiosidades sobre H\u1ed3 e nomes no Vietn\u00e3<\/strong><\/h3>\n\n\n\n<ul class=\"wp-block-list\">\n<li><strong>O sobrenome &#8220;Nguy\u1ec5n&#8221; \u00e9 ainda mais comum no Vietn\u00e3<\/strong> \u2013 Cerca de 40% da popula\u00e7\u00e3o vietnamita tem esse sobrenome, mas em H\u1ed3, &#8220;H\u1ed3&#8221; domina completamente.<\/li>\n\n\n\n<li><strong>A cultura vietnamita valoriza sobrenomes hist\u00f3ricos<\/strong> \u2013 Muitas fam\u00edlias mant\u00eam o mesmo nome por gera\u00e7\u00f5es para preservar sua linhagem.<\/li>\n\n\n\n<li><strong>Registros e documentos precisam de detalhes extras<\/strong> \u2013 Para evitar confus\u00f5es, muitas fam\u00edlias adicionam informa\u00e7\u00f5es adicionais nos registros civis.<\/li>\n\n\n\n<li><strong>A cidade j\u00e1 tentou implementar mudan\u00e7as<\/strong> \u2013 Em alguns momentos, tentativas de diversificar os sobrenomes foram sugeridas, mas nunca tiveram aceita\u00e7\u00e3o popular.<\/li>\n\n\n\n<li><strong>O nome &#8220;H\u1ed3&#8221; tem import\u00e2ncia hist\u00f3rica<\/strong> \u2013 O l\u00edder revolucion\u00e1rio H\u1ed3 Ch\u00ed Minh, que unificou o Vietn\u00e3, carregava esse sobrenome.<\/li>\n<\/ul>\n\n\n\n<h2 class=\"wp-block-heading\"><strong>Ter o mesmo nome \u00e9 um problema ou um s\u00edmbolo de identidade?<\/strong><\/h2>\n\n\n\n<p>Embora possa parecer confuso, para os moradores de H\u1ed3, compartilhar o mesmo sobrenome \u00e9 um s\u00edmbolo de pertencimento e identidade. A vila preserva la\u00e7os familiares fortes e uma cultura enraizada na tradi\u00e7\u00e3o.<\/p>\n\n\n\n<p>Enquanto em muitos lugares do mundo as pessoas tentam se diferenciar, em H\u1ed3, o sobrenome compartilhado \u00e9 motivo de orgulho, refor\u00e7ando o senso de comunidade e hist\u00f3ria entre os moradores.<\/p>\n","protected":false},"excerpt":{"rendered":"<p>Existe uma cidade onde quase todos os habitantes compartilham o mesmo sobrenome. Como isso aconteceu?<\/p>\n","protected":false},"author":3,"featured_media":9604,"comment_status":"open","ping_status":"open","sticky":false,"template":"","format":"standard","meta":{"_yoast_wpseo_focuskw":"cidade mesmo nome","_yoast_wpseo_title":"%%title%%","_yoast_wpseo_metadesc":"Existe uma cidade onde quase todos os habitantes compartilham o mesmo sobrenome. Como isso aconteceu?","jnews-multi-image_gallery":[],"jnews_single_post":{"format":"standard"},"jnews_primary_category":[],"jnews_social_meta":[],"jnews_override_counter":[],"footnotes":""},"categories":[108],"post_tag":[109],"class_list":["post-9602","post","type-post","status-publish","format-standard","has-post-thumbnail","hentry","category-cidades","tag-cidades"],"yoast_head":"<!-- This site is optimized with the Yoast SEO plugin v24.6 - https:\/\/yoast.com\/wordpress\/plugins\/seo\/ -->\n<title>Todas as pessoas dessa cidade tem o mesmo nome, entenda<\/title>\n<meta name=\"description\" content=\"Existe uma cidade onde quase todos os habitantes compartilham o mesmo sobrenome. Como isso aconteceu?\" \/>\n<meta name=\"robots\" content=\"index, follow, max-snippet:-1, max-image-preview:large, max-video-preview:-1\" \/>\n<link rel=\"canonical\" href=\"https:\/\/www.correiobraziliense.com.br\/cbradar\/todas-as-pessoas-dessa-cidade-tem-o-mesmo-nome-entenda\/\" \/>\n<meta property=\"og:locale\" content=\"pt_BR\" \/>\n<meta property=\"og:type\" content=\"article\" \/>\n<meta property=\"og:title\" content=\"Todas as pessoas dessa cidade tem o mesmo nome, entenda\" \/>\n<meta property=\"og:description\" content=\"Existe uma cidade onde quase todos os habitantes compartilham o mesmo sobrenome. Como isso aconteceu?\" \/>\n<meta property=\"og:url\" content=\"https:\/\/www.correiobraziliense.com.br\/cbradar\/todas-as-pessoas-dessa-cidade-tem-o-mesmo-nome-entenda\/\" \/>\n<meta property=\"og:site_name\" content=\"Correio Braziliense - Radar\" \/>\n<meta property=\"article:published_time\" content=\"2025-03-08T00:30:00+00:00\" \/>\n<meta property=\"og:image\" content=\"https:\/\/www.correiobraziliense.com.br\/cbradar\/wp-content\/uploads\/2025\/03\/Vietna-_1741281057171.jpg\" \/>\n\t<meta property=\"og:image:width\" content=\"1280\" \/>\n\t<meta property=\"og:image:height\" content=\"720\" \/>\n\t<meta property=\"og:image:type\" content=\"image\/jpeg\" \/>\n<meta name=\"author\" content=\"Larissa Carvalho\" \/>\n<meta name=\"twitter:card\" content=\"summary_large_image\" \/>\n<meta name=\"twitter:label1\" content=\"Escrito por\" \/>\n\t<meta name=\"twitter:data1\" content=\"Larissa Carvalho\" \/>\n\t<meta name=\"twitter:label2\" content=\"Est. tempo de leitura\" \/>\n\t<meta name=\"twitter:data2\" content=\"4 minutos\" \/>\n<!-- \/ Yoast SEO plugin. -->","yoast_head_json":{"title":"Todas as pessoas dessa cidade tem o mesmo nome, entenda","description":"Existe uma cidade onde quase todos os habitantes compartilham o mesmo sobrenome. Como isso aconteceu?","robots":{"index":"index","follow":"follow","max-snippet":"max-snippet:-1","max-image-preview":"max-image-preview:large","max-video-preview":"max-video-preview:-1"},"canonical":"https:\/\/www.correiobraziliense.com.br\/cbradar\/todas-as-pessoas-dessa-cidade-tem-o-mesmo-nome-entenda\/","og_locale":"pt_BR","og_type":"article","og_title":"Todas as pessoas dessa cidade tem o mesmo nome, entenda","og_description":"Existe uma cidade onde quase todos os habitantes compartilham o mesmo sobrenome. Como isso aconteceu?","og_url":"https:\/\/www.correiobraziliense.com.br\/cbradar\/todas-as-pessoas-dessa-cidade-tem-o-mesmo-nome-entenda\/","og_site_name":"Correio Braziliense - Radar","article_published_time":"2025-03-08T00:30:00+00:00","og_image":[{"width":1280,"height":720,"url":"https:\/\/www.correiobraziliense.com.br\/cbradar\/wp-content\/uploads\/2025\/03\/Vietna-_1741281057171.jpg","type":"image\/jpeg"}],"author":"Larissa Carvalho","twitter_card":"summary_large_image","twitter_misc":{"Escrito por":"Larissa Carvalho","Est. tempo de leitura":"4 minutos"},"schema":{"@context":"https:\/\/schema.org","@graph":[{"@type":"WebPage","@id":"https:\/\/www.correiobraziliense.com.br\/cbradar\/todas-as-pessoas-dessa-cidade-tem-o-mesmo-nome-entenda\/","url":"https:\/\/www.correiobraziliense.com.br\/cbradar\/todas-as-pessoas-dessa-cidade-tem-o-mesmo-nome-entenda\/","name":"Todas as pessoas dessa cidade tem o mesmo nome, entenda","isPartOf":{"@id":"https:\/\/www.correiobraziliense.com.br\/cbradar\/#website"},"primaryImageOfPage":{"@id":"https:\/\/www.correiobraziliense.com.br\/cbradar\/todas-as-pessoas-dessa-cidade-tem-o-mesmo-nome-entenda\/#primaryimage"},"image":{"@id":"https:\/\/www.correiobraziliense.com.br\/cbradar\/todas-as-pessoas-dessa-cidade-tem-o-mesmo-nome-entenda\/#primaryimage"},"thumbnailUrl":"https:\/\/www.correiobraziliense.com.br\/cbradar\/wp-content\/uploads\/2025\/03\/Vietna-_1741281057171.jpg","datePublished":"2025-03-08T00:30:00+00:00","author":{"@id":"https:\/\/www.correiobraziliense.com.br\/cbradar\/#\/schema\/person\/58422787644df994b53a19d3e56c1513"},"description":"Existe uma cidade onde quase todos os habitantes compartilham o mesmo sobrenome. Como isso aconteceu?","breadcrumb":{"@id":"https:\/\/www.correiobraziliense.com.br\/cbradar\/todas-as-pessoas-dessa-cidade-tem-o-mesmo-nome-entenda\/#breadcrumb"},"inLanguage":"pt-BR","potentialAction":[{"@type":"ReadAction","target":["https:\/\/www.correiobraziliense.com.br\/cbradar\/todas-as-pessoas-dessa-cidade-tem-o-mesmo-nome-entenda\/"]}]},{"@type":"ImageObject","inLanguage":"pt-BR","@id":"https:\/\/www.correiobraziliense.com.br\/cbradar\/todas-as-pessoas-dessa-cidade-tem-o-mesmo-nome-entenda\/#primaryimage","url":"https:\/\/www.correiobraziliense.com.br\/cbradar\/wp-content\/uploads\/2025\/03\/Vietna-_1741281057171.jpg","contentUrl":"https:\/\/www.correiobraziliense.com.br\/cbradar\/wp-content\/uploads\/2025\/03\/Vietna-_1741281057171.jpg","width":1280,"height":720,"caption":"Vietn\u00e3. Cr\u00e9ditos: depositphotos.com \/ AlexGukBO"},{"@type":"BreadcrumbList","@id":"https:\/\/www.correiobraziliense.com.br\/cbradar\/todas-as-pessoas-dessa-cidade-tem-o-mesmo-nome-entenda\/#breadcrumb","itemListElement":[{"@type":"ListItem","position":1,"name":"In\u00edcio","item":"https:\/\/www.correiobraziliense.com.br\/cbradar\/"},{"@type":"ListItem","position":2,"name":"Todas as pessoas dessa cidade tem o mesmo nome, entenda"}]},{"@type":"WebSite","@id":"https:\/\/www.correiobraziliense.com.br\/cbradar\/#website","url":"https:\/\/www.correiobraziliense.com.br\/cbradar\/","name":"Correio Braziliense - Radar","description":"Acompanhe as \u00faltimas not\u00edcias e fique bem informado sobre tudo o que acontece no Brasil e no mundo.","potentialAction":[{"@type":"SearchAction","target":{"@type":"EntryPoint","urlTemplate":"https:\/\/www.correiobraziliense.com.br\/cbradar\/?s={search_term_string}"},"query-input":{"@type":"PropertyValueSpecification","valueRequired":true,"valueName":"search_term_string"}}],"inLanguage":"pt-BR"},{"@type":"Person","@id":"https:\/\/www.correiobraziliense.com.br\/cbradar\/#\/schema\/person\/58422787644df994b53a19d3e56c1513","name":"Larissa Carvalho","image":{"@type":"ImageObject","inLanguage":"pt-BR","@id":"https:\/\/www.correiobraziliense.com.br\/cbradar\/#\/schema\/person\/image\/","url":"https:\/\/secure.gravatar.com\/avatar\/fe4f91a0de32b52a838d0d612abdc1aa?s=96&d=mm&r=g","contentUrl":"https:\/\/secure.gravatar.com\/avatar\/fe4f91a0de32b52a838d0d612abdc1aa?s=96&d=mm&r=g","caption":"Larissa Carvalho"},"url":"https:\/\/www.correiobraziliense.com.br\/cbradar\/author\/larissamyth\/"}]}},"_links":{"self":[{"href":"https:\/\/www.correiobraziliense.com.br\/cbradar\/wp-json\/wp\/v2\/posts\/9602","targetHints":{"allow":["GET"]}}],"collection":[{"href":"https:\/\/www.correiobraziliense.com.br\/cbradar\/wp-json\/wp\/v2\/posts"}],"about":[{"href":"https:\/\/www.correiobraziliense.com.br\/cbradar\/wp-json\/wp\/v2\/types\/post"}],"author":[{"embeddable":true,"href":"https:\/\/www.correiobraziliense.com.br\/cbradar\/wp-json\/wp\/v2\/users\/3"}],"replies":[{"embeddable":true,"href":"https:\/\/www.correiobraziliense.com.br\/cbradar\/wp-json\/wp\/v2\/comments?post=9602"}],"version-history":[{"count":1,"href":"https:\/\/www.correiobraziliense.com.br\/cbradar\/wp-json\/wp\/v2\/posts\/9602\/revisions"}],"predecessor-version":[{"id":9606,"href":"https:\/\/www.correiobraziliense.com.br\/cbradar\/wp-json\/wp\/v2\/posts\/9602\/revisions\/9606"}],"wp:featuredmedia":[{"embeddable":true,"href":"https:\/\/www.correiobraziliense.com.br\/cbradar\/wp-json\/wp\/v2\/media\/9604"}],"wp:attachment":[{"href":"https:\/\/www.correiobraziliense.com.br\/cbradar\/wp-json\/wp\/v2\/media?parent=9602"}],"wp:term":[{"taxonomy":"category","embeddable":true,"href":"https:\/\/www.correiobraziliense.com.br\/cbradar\/wp-json\/wp\/v2\/categories?post=9602"},{"taxonomy":"post_tag","embeddable":true,"href":"https:\/\/www.correiobraziliense.com.br\/cbradar\/wp-json\/wp\/v2\/post_tag?post=9602"}],"curies":[{"name":"wp","href":"https:\/\/api.w.org\/{rel}","templated":true}]}}