{"id":96582,"date":"2025-09-01T11:13:00","date_gmt":"2025-09-01T14:13:00","guid":{"rendered":"https:\/\/www.correiobraziliense.com.br\/cbradar\/?p=96582"},"modified":"2025-09-01T03:23:49","modified_gmt":"2025-09-01T06:23:49","slug":"o-que-significa-ter-a-mente-cheia-de-pensamentos-ao-mesmo-tempo","status":"publish","type":"post","link":"https:\/\/www.correiobraziliense.com.br\/cbradar\/o-que-significa-ter-a-mente-cheia-de-pensamentos-ao-mesmo-tempo\/","title":{"rendered":"O que significa ter a mente cheia de pensamentos ao mesmo tempo"},"content":{"rendered":"\n<p><strong><a href=\"https:\/\/pt.wikipedia.org\/wiki\/Pensamento\" target=\"_blank\" rel=\"noreferrer noopener\">Pensar <\/a><\/strong>em muitas coisas ao mesmo tempo, \u00e9 uma experi\u00eancia comum, mas que pode gerar tanto desconforto quanto inspira\u00e7\u00e3o. Esse fen\u00f4meno pode estar ligado \u00e0 criatividade, \u00e0 ansiedade ou ao estilo de processamento mental de cada indiv\u00edduo. Compreender suas causas e impactos ajuda a olhar para esse funcionamento com mais naturalidade.<\/p>\n\n\n\n<p><strong>Quando algu\u00e9m relata que pensa em v\u00e1rias coisas ao mesmo tempo, isso pode estar associado a um c\u00e9rebro mais ativo, voltado para conex\u00f5es r\u00e1pidas e m\u00faltiplas.<\/strong> Longe de ser apenas algo negativo, essa caracter\u00edstica pode indicar capacidades criativas acima da m\u00e9dia.<\/p>\n\n\n\n<h2 class=\"wp-block-heading\">O c\u00e9rebro multitarefa<\/h2>\n\n\n\n<p>O c\u00e9rebro humano n\u00e3o foi projetado para lidar com tarefas m\u00faltiplas de forma simult\u00e2nea. O que ocorre, na verdade, \u00e9 uma altern\u00e2ncia r\u00e1pida entre focos de aten\u00e7\u00e3o. Essa habilidade varia de pessoa para pessoa, e algumas conseguem alternar com mais fluidez.<\/p>\n\n\n\n<p>Estudos em neuroci\u00eancia mostram que pensar em v\u00e1rias coisas ao mesmo tempo, ativa \u00e1reas cerebrais ligadas \u00e0 mem\u00f3ria de trabalho e \u00e0 tomada de decis\u00e3o. Por isso, em alguns contextos, essa habilidade pode ser bastante \u00fatil.<\/p>\n\n\n<div class=\"wp-block-image\">\n<figure class=\"aligncenter size-large\"><img decoding=\"async\" width=\"1024\" height=\"576\" src=\"https:\/\/www.correiobraziliense.com.br\/cbradar\/wp-content\/uploads\/2025\/05\/depressao_1746407367695-1024x576.jpg\" alt=\"O que significa ter a mente cheia de pensamentos ao mesmo tempo\" class=\"wp-image-32341\" srcset=\"https:\/\/www.correiobraziliense.com.br\/cbradar\/wp-content\/uploads\/2025\/05\/depressao_1746407367695-1024x576.jpg 1024w, https:\/\/www.correiobraziliense.com.br\/cbradar\/wp-content\/uploads\/2025\/05\/depressao_1746407367695-300x169.jpg 300w, https:\/\/www.correiobraziliense.com.br\/cbradar\/wp-content\/uploads\/2025\/05\/depressao_1746407367695-768x432.jpg 768w, https:\/\/www.correiobraziliense.com.br\/cbradar\/wp-content\/uploads\/2025\/05\/depressao_1746407367695-750x422.jpg 750w, https:\/\/www.correiobraziliense.com.br\/cbradar\/wp-content\/uploads\/2025\/05\/depressao_1746407367695-1140x641.jpg 1140w, https:\/\/www.correiobraziliense.com.br\/cbradar\/wp-content\/uploads\/2025\/05\/depressao_1746407367695.jpg 1280w\" sizes=\"(max-width: 1024px) 100vw, 1024px\" \/><figcaption class=\"wp-element-caption\">Mente com nuvens de pensamentos \/\/ Cr\u00e9ditos: depositphotos.com \/ TLFurrer<\/figcaption><\/figure><\/div>\n\n\n<h2 class=\"wp-block-heading\">Pensamentos acelerados e ansiedade<\/h2>\n\n\n\n<p>\u00c9 importante diferenciar o pensamento criativo da ansiedade. <strong>Quando a mente n\u00e3o consegue parar e os pensamentos se tornam incessantes, isso pode ser um sinal de estresse ou ansiedade.<\/strong> Nesse caso, o excesso de ideias vem acompanhado de inquieta\u00e7\u00e3o, preocupa\u00e7\u00e3o e dificuldade de relaxar.<\/p>\n\n\n\n<p>Nesses momentos, pr\u00e1ticas de mindfulness, respira\u00e7\u00e3o profunda e organiza\u00e7\u00e3o de rotinas podem ajudar a reduzir a sobrecarga mental.<\/p>\n\n\n\n<h2 class=\"wp-block-heading\">Vantagens de ter muitos pensamentos<\/h2>\n\n\n\n<p>Embora possa ser cansativo, pensar em muitas coisas ao mesmo tempo, traz benef\u00edcios not\u00e1veis em determinadas situa\u00e7\u00f5es. Entre as principais vantagens est\u00e3o:<\/p>\n\n\n\n<ul class=\"wp-block-list\">\n<li>Criatividade na resolu\u00e7\u00e3o de problemas.<\/li>\n\n\n\n<li>Facilidade em criar conex\u00f5es entre ideias distintas.<\/li>\n\n\n\n<li>Capacidade de antecipar cen\u00e1rios e alternativas.<\/li>\n\n\n\n<li>Maior flexibilidade cognitiva em ambientes din\u00e2micos.<\/li>\n<\/ul>\n\n\n\n<p>Ou seja, n\u00e3o se trata apenas de algo desgastante, mas tamb\u00e9m de um tra\u00e7o que pode ser transformado em pot\u00eancia.<\/p>\n\n\n\n<p><strong>Leia tamb\u00e9m: <a href=\"https:\/\/www.correiobraziliense.com.br\/cbradar\/como-deixar-suas-articulacoes-mais-fortes-com-exercicios-simples\/\" target=\"_blank\" rel=\"noreferrer noopener\">Como deixar suas articula\u00e7\u00f5es mais fortes com exerc\u00edcios simples<\/a>.<\/strong><\/p>\n\n\n\n<h2 class=\"wp-block-heading\">Estrat\u00e9gias para organizar a mente<\/h2>\n\n\n\n<p>Para aproveitar o lado positivo desse funcionamento mental sem se perder em excesso de informa\u00e7\u00f5es, algumas estrat\u00e9gias s\u00e3o eficazes:<\/p>\n\n\n\n<ul class=\"wp-block-list\">\n<li>Anotar ideias para liberar espa\u00e7o mental.<\/li>\n\n\n\n<li>Criar listas de prioridades.<\/li>\n\n\n\n<li>Reservar momentos do dia para descanso mental.<\/li>\n\n\n\n<li>Praticar atividades art\u00edsticas como pintura ou escrita.<\/li>\n\n\n\n<li>Fazer pausas conscientes no trabalho ou nos estudos.<\/li>\n<\/ul>\n\n\n\n<p><strong>Organizar os pensamentos \u00e9 a chave para transformar a agita\u00e7\u00e3o mental em produtividade.<\/strong><\/p>\n\n\n\n<h2 class=\"wp-block-heading\">Curiosidades sobre mentes aceleradas<\/h2>\n\n\n\n<ul class=\"wp-block-list\">\n<li>Pessoas com muitos pensamentos costumam apresentar alto n\u00edvel de criatividade.<\/li>\n\n\n\n<li>Alguns artistas e escritores relatam que suas melhores ideias surgem justamente em momentos de fluxo intenso de pensamentos.<\/li>\n\n\n\n<li>A medita\u00e7\u00e3o n\u00e3o elimina a quantidade de pensamentos, mas ajuda a criar distanciamento e clareza.<\/li>\n\n\n\n<li>O excesso de est\u00edmulos digitais pode amplificar a sensa\u00e7\u00e3o de mente agitada.<\/li>\n<\/ul>\n\n\n\n<p>Ter muitos pensamentos ao mesmo tempo, \u00e9 um fen\u00f4meno comum, que pode ser sinal tanto de criatividade quanto de ansiedade. <strong>O segredo est\u00e1 em aprender a equilibrar esse fluxo mental, aproveitando sua riqueza sem deixar que ele se torne um fardo.<\/strong><\/p>\n","protected":false},"excerpt":{"rendered":"<p>Pensar em muitas coisas ao mesmo tempo, \u00e9 uma experi\u00eancia comum, mas que pode gerar tanto desconforto quanto inspira\u00e7\u00e3o. Esse fen\u00f4meno pode estar ligado \u00e0 criatividade, \u00e0 ansiedade ou ao estilo de processamento mental de cada indiv\u00edduo. Compreender suas causas e impactos ajuda a olhar para esse funcionamento com mais naturalidade. Quando algu\u00e9m relata que [&hellip;]<\/p>\n","protected":false},"author":8,"featured_media":53752,"comment_status":"open","ping_status":"open","sticky":false,"template":"","format":"standard","meta":{"_yoast_wpseo_focuskw":"pensamentos","_yoast_wpseo_title":"","_yoast_wpseo_metadesc":"Ter a mente cheia de pensamentos pode revelar mais do que voc\u00ea imagina. Descubra o que isso significa e como lidar.","jnews-multi-image_gallery":[],"jnews_single_post":{"format":"standard"},"jnews_primary_category":[],"jnews_social_meta":[],"jnews_override_counter":[],"footnotes":""},"categories":[112],"tags":[9954,9953,404],"class_list":["post-96582","post","type-post","status-publish","format-standard","has-post-thumbnail","hentry","category-curiosidades","tag-mente-cheia","tag-pensar-muito","tag-psicologia"],"yoast_head":"<!-- This site is optimized with the Yoast SEO plugin v24.6 - https:\/\/yoast.com\/wordpress\/plugins\/seo\/ -->\n<title>O que significa ter a mente cheia de pensamentos ao mesmo tempo - Correio Braziliense - Radar<\/title>\n<meta name=\"description\" content=\"Ter a mente cheia de pensamentos pode revelar mais do que voc\u00ea imagina. Descubra o que isso significa e como lidar.\" \/>\n<meta name=\"robots\" content=\"index, follow, max-snippet:-1, max-image-preview:large, max-video-preview:-1\" \/>\n<link rel=\"canonical\" href=\"https:\/\/www.correiobraziliense.com.br\/cbradar\/o-que-significa-ter-a-mente-cheia-de-pensamentos-ao-mesmo-tempo\/\" \/>\n<meta property=\"og:locale\" content=\"pt_BR\" \/>\n<meta property=\"og:type\" content=\"article\" \/>\n<meta property=\"og:title\" content=\"O que significa ter a mente cheia de pensamentos ao mesmo tempo - Correio Braziliense - Radar\" \/>\n<meta property=\"og:description\" content=\"Ter a mente cheia de pensamentos pode revelar mais do que voc\u00ea imagina. Descubra o que isso significa e como lidar.\" \/>\n<meta property=\"og:url\" content=\"https:\/\/www.correiobraziliense.com.br\/cbradar\/o-que-significa-ter-a-mente-cheia-de-pensamentos-ao-mesmo-tempo\/\" \/>\n<meta property=\"og:site_name\" content=\"Correio Braziliense - Radar\" \/>\n<meta property=\"article:published_time\" content=\"2025-09-01T14:13:00+00:00\" \/>\n<meta property=\"og:image\" content=\"https:\/\/www.correiobraziliense.com.br\/cbradar\/wp-content\/uploads\/2025\/06\/thinking_1749972863231.jpg\" \/>\n\t<meta property=\"og:image:width\" content=\"1280\" \/>\n\t<meta property=\"og:image:height\" content=\"720\" \/>\n\t<meta property=\"og:image:type\" content=\"image\/jpeg\" \/>\n<meta name=\"author\" content=\"Maura Pereira\" \/>\n<meta name=\"twitter:card\" content=\"summary_large_image\" \/>\n<meta name=\"twitter:label1\" content=\"Escrito por\" \/>\n\t<meta name=\"twitter:data1\" content=\"Maura Pereira\" \/>\n\t<meta name=\"twitter:label2\" content=\"Est. tempo de leitura\" \/>\n\t<meta name=\"twitter:data2\" content=\"4 minutos\" \/>\n<!-- \/ Yoast SEO plugin. -->","yoast_head_json":{"title":"O que significa ter a mente cheia de pensamentos ao mesmo tempo - Correio Braziliense - Radar","description":"Ter a mente cheia de pensamentos pode revelar mais do que voc\u00ea imagina. Descubra o que isso significa e como lidar.","robots":{"index":"index","follow":"follow","max-snippet":"max-snippet:-1","max-image-preview":"max-image-preview:large","max-video-preview":"max-video-preview:-1"},"canonical":"https:\/\/www.correiobraziliense.com.br\/cbradar\/o-que-significa-ter-a-mente-cheia-de-pensamentos-ao-mesmo-tempo\/","og_locale":"pt_BR","og_type":"article","og_title":"O que significa ter a mente cheia de pensamentos ao mesmo tempo - Correio Braziliense - Radar","og_description":"Ter a mente cheia de pensamentos pode revelar mais do que voc\u00ea imagina. Descubra o que isso significa e como lidar.","og_url":"https:\/\/www.correiobraziliense.com.br\/cbradar\/o-que-significa-ter-a-mente-cheia-de-pensamentos-ao-mesmo-tempo\/","og_site_name":"Correio Braziliense - Radar","article_published_time":"2025-09-01T14:13:00+00:00","og_image":[{"width":1280,"height":720,"url":"https:\/\/www.correiobraziliense.com.br\/cbradar\/wp-content\/uploads\/2025\/06\/thinking_1749972863231.jpg","type":"image\/jpeg"}],"author":"Maura Pereira","twitter_card":"summary_large_image","twitter_misc":{"Escrito por":"Maura Pereira","Est. tempo de leitura":"4 minutos"},"schema":{"@context":"https:\/\/schema.org","@graph":[{"@type":"WebPage","@id":"https:\/\/www.correiobraziliense.com.br\/cbradar\/o-que-significa-ter-a-mente-cheia-de-pensamentos-ao-mesmo-tempo\/","url":"https:\/\/www.correiobraziliense.com.br\/cbradar\/o-que-significa-ter-a-mente-cheia-de-pensamentos-ao-mesmo-tempo\/","name":"O que significa ter a mente cheia de pensamentos ao mesmo tempo - Correio Braziliense - Radar","isPartOf":{"@id":"https:\/\/www.correiobraziliense.com.br\/cbradar\/#website"},"primaryImageOfPage":{"@id":"https:\/\/www.correiobraziliense.com.br\/cbradar\/o-que-significa-ter-a-mente-cheia-de-pensamentos-ao-mesmo-tempo\/#primaryimage"},"image":{"@id":"https:\/\/www.correiobraziliense.com.br\/cbradar\/o-que-significa-ter-a-mente-cheia-de-pensamentos-ao-mesmo-tempo\/#primaryimage"},"thumbnailUrl":"https:\/\/www.correiobraziliense.com.br\/cbradar\/wp-content\/uploads\/2025\/06\/thinking_1749972863231.jpg","datePublished":"2025-09-01T14:13:00+00:00","author":{"@id":"https:\/\/www.correiobraziliense.com.br\/cbradar\/#\/schema\/person\/4053c651a9bfc785afc6f4cbc9032fd3"},"description":"Ter a mente cheia de pensamentos pode revelar mais do que voc\u00ea imagina. Descubra o que isso significa e como lidar.","breadcrumb":{"@id":"https:\/\/www.correiobraziliense.com.br\/cbradar\/o-que-significa-ter-a-mente-cheia-de-pensamentos-ao-mesmo-tempo\/#breadcrumb"},"inLanguage":"pt-BR","potentialAction":[{"@type":"ReadAction","target":["https:\/\/www.correiobraziliense.com.br\/cbradar\/o-que-significa-ter-a-mente-cheia-de-pensamentos-ao-mesmo-tempo\/"]}]},{"@type":"ImageObject","inLanguage":"pt-BR","@id":"https:\/\/www.correiobraziliense.com.br\/cbradar\/o-que-significa-ter-a-mente-cheia-de-pensamentos-ao-mesmo-tempo\/#primaryimage","url":"https:\/\/www.correiobraziliense.com.br\/cbradar\/wp-content\/uploads\/2025\/06\/thinking_1749972863231.jpg","contentUrl":"https:\/\/www.correiobraziliense.com.br\/cbradar\/wp-content\/uploads\/2025\/06\/thinking_1749972863231.jpg","width":1280,"height":720,"caption":"Pensando \/\/ Cr\u00e9ditos: depositphotos.com \/ efks"},{"@type":"BreadcrumbList","@id":"https:\/\/www.correiobraziliense.com.br\/cbradar\/o-que-significa-ter-a-mente-cheia-de-pensamentos-ao-mesmo-tempo\/#breadcrumb","itemListElement":[{"@type":"ListItem","position":1,"name":"In\u00edcio","item":"https:\/\/www.correiobraziliense.com.br\/cbradar\/"},{"@type":"ListItem","position":2,"name":"O que significa ter a mente cheia de pensamentos ao mesmo tempo"}]},{"@type":"WebSite","@id":"https:\/\/www.correiobraziliense.com.br\/cbradar\/#website","url":"https:\/\/www.correiobraziliense.com.br\/cbradar\/","name":"Correio Braziliense - Radar","description":"Acompanhe as \u00faltimas not\u00edcias e fique bem informado sobre tudo o que acontece no Brasil e no mundo.","potentialAction":[{"@type":"SearchAction","target":{"@type":"EntryPoint","urlTemplate":"https:\/\/www.correiobraziliense.com.br\/cbradar\/?s={search_term_string}"},"query-input":{"@type":"PropertyValueSpecification","valueRequired":true,"valueName":"search_term_string"}}],"inLanguage":"pt-BR"},{"@type":"Person","@id":"https:\/\/www.correiobraziliense.com.br\/cbradar\/#\/schema\/person\/4053c651a9bfc785afc6f4cbc9032fd3","name":"Maura Pereira","image":{"@type":"ImageObject","inLanguage":"pt-BR","@id":"https:\/\/www.correiobraziliense.com.br\/cbradar\/#\/schema\/person\/image\/","url":"https:\/\/secure.gravatar.com\/avatar\/3effd6bdadfa447f15089c7f7144eaa6?s=96&d=mm&r=g","contentUrl":"https:\/\/secure.gravatar.com\/avatar\/3effd6bdadfa447f15089c7f7144eaa6?s=96&d=mm&r=g","caption":"Maura Pereira"},"sameAs":["https:\/\/www.correiobraziliense.com.br\/"],"url":"https:\/\/www.correiobraziliense.com.br\/cbradar\/author\/mauramyth\/"}]}},"_links":{"self":[{"href":"https:\/\/www.correiobraziliense.com.br\/cbradar\/wp-json\/wp\/v2\/posts\/96582","targetHints":{"allow":["GET"]}}],"collection":[{"href":"https:\/\/www.correiobraziliense.com.br\/cbradar\/wp-json\/wp\/v2\/posts"}],"about":[{"href":"https:\/\/www.correiobraziliense.com.br\/cbradar\/wp-json\/wp\/v2\/types\/post"}],"author":[{"embeddable":true,"href":"https:\/\/www.correiobraziliense.com.br\/cbradar\/wp-json\/wp\/v2\/users\/8"}],"replies":[{"embeddable":true,"href":"https:\/\/www.correiobraziliense.com.br\/cbradar\/wp-json\/wp\/v2\/comments?post=96582"}],"version-history":[{"count":7,"href":"https:\/\/www.correiobraziliense.com.br\/cbradar\/wp-json\/wp\/v2\/posts\/96582\/revisions"}],"predecessor-version":[{"id":96611,"href":"https:\/\/www.correiobraziliense.com.br\/cbradar\/wp-json\/wp\/v2\/posts\/96582\/revisions\/96611"}],"wp:featuredmedia":[{"embeddable":true,"href":"https:\/\/www.correiobraziliense.com.br\/cbradar\/wp-json\/wp\/v2\/media\/53752"}],"wp:attachment":[{"href":"https:\/\/www.correiobraziliense.com.br\/cbradar\/wp-json\/wp\/v2\/media?parent=96582"}],"wp:term":[{"taxonomy":"category","embeddable":true,"href":"https:\/\/www.correiobraziliense.com.br\/cbradar\/wp-json\/wp\/v2\/categories?post=96582"},{"taxonomy":"post_tag","embeddable":true,"href":"https:\/\/www.correiobraziliense.com.br\/cbradar\/wp-json\/wp\/v2\/tags?post=96582"}],"curies":[{"name":"wp","href":"https:\/\/api.w.org\/{rel}","templated":true}]}}