{"id":96693,"date":"2025-09-02T16:33:00","date_gmt":"2025-09-02T19:33:00","guid":{"rendered":"https:\/\/www.correiobraziliense.com.br\/cbradar\/?p=96693"},"modified":"2025-09-01T12:26:38","modified_gmt":"2025-09-01T15:26:38","slug":"essa-perola-paulista-e-famosa-por-praias-paradisiacas-e-bem-estar","status":"publish","type":"post","link":"https:\/\/www.correiobraziliense.com.br\/cbradar\/essa-perola-paulista-e-famosa-por-praias-paradisiacas-e-bem-estar\/","title":{"rendered":"Essa p\u00e9rola paulista \u00e9 famosa por praias paradis\u00edacas e bem-estar"},"content":{"rendered":"\n<p><strong><a href=\"https:\/\/www.guaruja.sp.gov.br\/\" target=\"_blank\" rel=\"noreferrer noopener\">Guaruj\u00e1<\/a><\/strong>, na <strong>Baixada Santista<\/strong> de <strong>S\u00e3o Paulo<\/strong>, <strong>Brasil<\/strong>, a 87 km da capital <strong>S\u00e3o Paulo<\/strong> e pr\u00f3xima a <strong>Santos<\/strong> e <strong>Cubat\u00e3o<\/strong>, \u00e9 conhecida como a \u201c<strong>P\u00e9rola do Atl\u00e2ntico<\/strong>\u201d. Com suas 27 praias paradis\u00edacas e infraestrutura tur\u00edstica consolidada, <strong>Guaruj\u00e1<\/strong> \u00e9 ideal para morar e viver o melhor da costa paulista. Conhe\u00e7a o que torna esta cidade um destino vibrante para residentes e visitantes.<\/p>\n\n\n\n<p><strong>Guaruj\u00e1<\/strong> oferece qualidade de vida excepcional com economia diversificada entre turismo, portos e servi\u00e7os. A proximidade com <strong>Santos<\/strong> e <strong>S\u00e3o Paulo<\/strong> garante acesso a oportunidades profissionais e educacionais. Com seguran\u00e7a refor\u00e7ada em bairros residenciais e infraestrutura moderna, a cidade atrai fam\u00edlias e profissionais em busca de bem-estar.<\/p>\n\n\n\n<h2 class=\"wp-block-heading\">Por que morar em Guaruj\u00e1?<\/h2>\n\n\n\n<p><strong>Guaruj\u00e1<\/strong> possui um IDH de 0,751, segundo o <strong><strong><strong>Programa das Na\u00e7\u00f5es Unidas para o Desenvolvimento<\/strong><\/strong><\/strong>. A economia \u00e9 movida pelo turismo, setor portu\u00e1rio e servi\u00e7os, conforme a <strong>Prefeitura de Guaruj\u00e1<\/strong>.<\/p>\n\n\n\n<p>Com cerca de 320.459 habitantes, segundo o <strong>IBGE<\/strong>, a cidade oferece servi\u00e7os de sa\u00fade de qualidade e educa\u00e7\u00e3o consolidada. A seguran\u00e7a \u00e9 refor\u00e7ada principalmente em \u00e1reas residenciais como <strong>Enseada<\/strong> e <strong>Pernambuco<\/strong>.<\/p>\n\n\n\n<p>O custo de vida \u00e9 competitivo comparado \u00e0 capital, especialmente em bairros afastados do centro tur\u00edstico. <strong>Guaruj\u00e1<\/strong> oferece infraestrutura completa com hospitais, universidades e centros comerciais modernos.<\/p>\n\n\n\n<p>A proximidade com <strong>Santos<\/strong> permite acesso ao <strong>Porto de Santos<\/strong>, um dos maiores da <strong>Am\u00e9rica Latina<\/strong>, gerando oportunidades no setor log\u00edstico e portu\u00e1rio.<\/p>\n\n\n<div class=\"wp-block-image\">\n<figure class=\"aligncenter size-large\"><img decoding=\"async\" width=\"1024\" height=\"576\" src=\"https:\/\/www.correiobraziliense.com.br\/cbradar\/wp-content\/uploads\/2025\/07\/Guaruja_1752730325377-1024x576.jpg\" alt=\"Essa p\u00e9rola do Brasil \u00e9 famosa por praias de sonho e alto padr\u00e3o de vida\" class=\"wp-image-70982\" srcset=\"https:\/\/www.correiobraziliense.com.br\/cbradar\/wp-content\/uploads\/2025\/07\/Guaruja_1752730325377-1024x576.jpg 1024w, https:\/\/www.correiobraziliense.com.br\/cbradar\/wp-content\/uploads\/2025\/07\/Guaruja_1752730325377-300x169.jpg 300w, https:\/\/www.correiobraziliense.com.br\/cbradar\/wp-content\/uploads\/2025\/07\/Guaruja_1752730325377-768x432.jpg 768w, https:\/\/www.correiobraziliense.com.br\/cbradar\/wp-content\/uploads\/2025\/07\/Guaruja_1752730325377-750x422.jpg 750w, https:\/\/www.correiobraziliense.com.br\/cbradar\/wp-content\/uploads\/2025\/07\/Guaruja_1752730325377-1140x641.jpg 1140w, https:\/\/www.correiobraziliense.com.br\/cbradar\/wp-content\/uploads\/2025\/07\/Guaruja_1752730325377.jpg 1280w\" sizes=\"(max-width: 1024px) 100vw, 1024px\" \/><figcaption class=\"wp-element-caption\">Guaruj\u00e1, SP \/\/ Cr\u00e9ditos: depositphotos.com \/ PedroTruffi<\/figcaption><\/figure><\/div>\n\n\n<h2 class=\"wp-block-heading\">Quais s\u00e3o os melhores bairros para morar em Guaruj\u00e1?<\/h2>\n\n\n\n<ul class=\"wp-block-list\">\n<li>A <strong>Enseada<\/strong> \u00e9 o bairro mais procurado, com infraestrutura completa e acesso direto \u00e0 praia. Ideal para fam\u00edlias que buscam tranquilidade com comodidade urbana.<\/li>\n\n\n\n<li><strong>Pernambuco<\/strong> oferece sofistica\u00e7\u00e3o com condom\u00ednios de alto padr\u00e3o e proximidade ao <strong>Aeroporto de Guaruj\u00e1<\/strong>. Concentra a elite local e paulistana.<\/li>\n\n\n\n<li>O <strong>Jardim Enseada<\/strong> combina residencial com comercial, oferecendo praticidade para o dia a dia. Possui escolas de qualidade e supermercados.<\/li>\n\n\n\n<li><strong>Pitangueiras<\/strong> \u00e9 vibrante e central, pr\u00f3xima \u00e0s principais atra\u00e7\u00f5es tur\u00edsticas. Oferece vida noturna ativa e ampla rede de servi\u00e7os.<\/li>\n\n\n\n<li>A <strong>Vila Maia<\/strong> \u00e9 uma op\u00e7\u00e3o mais econ\u00f4mica, com crescimento imobili\u00e1rio acelerado. Ideal para quem busca investimento com potencial de valoriza\u00e7\u00e3o.<\/li>\n<\/ul>\n\n\n\n<figure class=\"wp-block-embed aligncenter is-type-video is-provider-youtube wp-block-embed-youtube wp-embed-aspect-16-9 wp-has-aspect-ratio\"><div class=\"wp-block-embed__wrapper\">\n<div class=\"jeg_video_container jeg_video_content\"><iframe loading=\"lazy\" title=\"Guaruj\u00e1 (Brasil) 4K\" width=\"500\" height=\"281\" src=\"https:\/\/www.youtube.com\/embed\/ZC-z_1fNjr4?start=121&#038;feature=oembed\" frameborder=\"0\" allow=\"accelerometer; autoplay; clipboard-write; encrypted-media; gyroscope; picture-in-picture; web-share\" referrerpolicy=\"strict-origin-when-cross-origin\" allowfullscreen><\/iframe><\/div>\n<\/div><figcaption class=\"wp-element-caption\">Guaruj\u00e1 \/\/ Cr\u00e9ditos: YouTube @GabrielPorElMundo<\/figcaption><\/figure>\n\n\n\n<h2 class=\"wp-block-heading\">Quais s\u00e3o as principais atra\u00e7\u00f5es tur\u00edsticas de Guaruj\u00e1?<\/h2>\n\n\n\n<p>A <strong>Praia de Pitangueiras<\/strong> \u00e9 o cora\u00e7\u00e3o tur\u00edstico da cidade, com 1,8 km de areia dourada e infraestrutura completa. Oferece quiosques, restaurantes e vida noturna agitada, sendo perfeita para quem busca movimento e divers\u00e3o.<\/p>\n\n\n\n<p>A <strong>Praia da Enseada<\/strong> impressiona com seus 5,6 km de extens\u00e3o e \u00e1guas calmas ideais para fam\u00edlias. \u00c9 considerada uma das mais belas do <strong>Brasil<\/strong>, segundo o <strong>TripAdvisor<\/strong>, com excelente infraestrutura hoteleira.<\/p>\n\n\n\n<p>O <strong>Forte dos Andradas<\/strong> preserva a hist\u00f3ria militar brasileira com vista panor\u00e2mica espetacular da entrada do <strong>Porto de Santos<\/strong>. Constru\u00eddo no s\u00e9culo XIX, oferece museu e trilhas educativas sobre a defesa costeira.<\/p>\n\n\n\n<p>A <strong>Praia de Pernambuco<\/strong> encanta com sua atmosfera sofisticada e mar cristalino. Frequentada pela elite paulista, possui beach clubs exclusivos e \u00e9 ideal para relaxar com conforto.<\/p>\n\n\n\n<p>O <strong>Aqu\u00e1rio de Guaruj\u00e1<\/strong> fascina visitantes com mais de 100 esp\u00e9cies marinhas da costa brasileira. Localizado na <strong>Praia de Pitangueiras<\/strong>, \u00e9 atra\u00e7\u00e3o educativa imperd\u00edvel para fam\u00edlias com crian\u00e7as.<\/p>\n\n\n\n<p><strong>Principais atra\u00e7\u00f5es de Guaruj\u00e1:<\/strong><\/p>\n\n\n\n<ul class=\"wp-block-list\">\n<li><strong>Praia de Pitangueiras<\/strong>: Centro tur\u00edstico com vida noturna ativa<\/li>\n\n\n\n<li><strong>Praia da Enseada<\/strong>: Extensa faixa de areia com \u00e1guas calmas<\/li>\n\n\n\n<li><strong>Forte dos Andradas<\/strong>: Patrim\u00f4nio hist\u00f3rico com vista panor\u00e2mica<\/li>\n\n\n\n<li><strong>Praia de Pernambuco<\/strong>: Sofistica\u00e7\u00e3o e exclusividade \u00e0 beira-mar<\/li>\n\n\n\n<li><strong>Aqu\u00e1rio de Guaruj\u00e1<\/strong>: Educa\u00e7\u00e3o marinha para toda a fam\u00edlia<\/li>\n<\/ul>\n\n\n<div class=\"wp-block-image\">\n<figure class=\"aligncenter size-large\"><img decoding=\"async\" width=\"1024\" height=\"576\" src=\"https:\/\/www.correiobraziliense.com.br\/cbradar\/wp-content\/uploads\/2025\/07\/Guaruja_1752730352212-1024x576.jpg\" alt=\"\" class=\"wp-image-70984\" srcset=\"https:\/\/www.correiobraziliense.com.br\/cbradar\/wp-content\/uploads\/2025\/07\/Guaruja_1752730352212-1024x576.jpg 1024w, https:\/\/www.correiobraziliense.com.br\/cbradar\/wp-content\/uploads\/2025\/07\/Guaruja_1752730352212-300x169.jpg 300w, https:\/\/www.correiobraziliense.com.br\/cbradar\/wp-content\/uploads\/2025\/07\/Guaruja_1752730352212-768x432.jpg 768w, https:\/\/www.correiobraziliense.com.br\/cbradar\/wp-content\/uploads\/2025\/07\/Guaruja_1752730352212-750x422.jpg 750w, https:\/\/www.correiobraziliense.com.br\/cbradar\/wp-content\/uploads\/2025\/07\/Guaruja_1752730352212-1140x641.jpg 1140w, https:\/\/www.correiobraziliense.com.br\/cbradar\/wp-content\/uploads\/2025\/07\/Guaruja_1752730352212.jpg 1280w\" sizes=\"(max-width: 1024px) 100vw, 1024px\" \/><figcaption class=\"wp-element-caption\">Guaruj\u00e1, SP \/\/ Cr\u00e9ditos: depositphotos.com \/ vbacarin<\/figcaption><\/figure><\/div>\n\n\n<h2 class=\"wp-block-heading\">Como \u00e9 a vida cultural em Guaruj\u00e1?<\/h2>\n\n\n\n<p><strong>Guaruj\u00e1<\/strong> vibra com o <strong>Festival de Inverno<\/strong>, que re\u00fane m\u00fasica, gastronomia e arte de julho a agosto. O <strong>Centro de Conven\u00e7\u00f5es<\/strong> recebe shows nacionais e eventos corporativos.<\/p>\n\n\n\n<p>A gastronomia local destaca frutos-do-mar frescos em restaurantes como o tradicional <strong>Rufino&#8217;s<\/strong> e o sofisticado <strong>Dalmo B\u00e1rbaro<\/strong>. A <strong>Feira de Artesanato da Pitangueiras<\/strong> oferece produtos locais e arte regional.<\/p>\n\n\n\n<p>A <strong>Casa de Cultura C\u00edcero Prado<\/strong> promove exposi\u00e7\u00f5es, teatro e m\u00fasica durante todo o ano. O <strong>Teatro Municipal<\/strong> recebe espet\u00e1culos nacionais e grupos locais.<\/p>\n\n\n\n<h2 class=\"wp-block-heading\">Por que Guaruj\u00e1 \u00e9 refer\u00eancia em turismo n\u00e1utico?<\/h2>\n\n\n\n<p><strong>Guaruj\u00e1<\/strong> \u00e9 conhecida pelo turismo n\u00e1utico de luxo, segundo a <strong>Secretaria de Turismo de Guaruj\u00e1<\/strong>. A <strong>Marina Ast\u00farias<\/strong> e o <strong>Iate Clube de Santos<\/strong> oferecem infraestrutura completa para embarca\u00e7\u00f5es.<\/p>\n\n\n\n<p>O <strong>Aeroporto de Guaruj\u00e1<\/strong> facilita o acesso de turistas de alto poder aquisitivo. A cidade possui 27 praias catalogadas, cada uma com caracter\u00edsticas \u00fanicas para diferentes perfis de navega\u00e7\u00e3o.<\/p>\n\n\n\n<p>A <strong>Regata de Guaruj\u00e1<\/strong> \u00e9 um dos principais eventos n\u00e1uticos do pa\u00eds, atraindo velejadores profissionais e amadores. O evento movimenta a economia local e fortalece a voca\u00e7\u00e3o mar\u00edtima.<\/p>\n\n\n<div class=\"wp-block-image\">\n<figure class=\"aligncenter size-large\"><img decoding=\"async\" width=\"1024\" height=\"576\" src=\"https:\/\/www.correiobraziliense.com.br\/cbradar\/wp-content\/uploads\/2025\/07\/Edicoes-2025-07-29T212746.964-1024x576.png\" alt=\"O para\u00edso escondido no litoral de S\u00e3o Paulo que encanta turistas\" class=\"wp-image-77788\" srcset=\"https:\/\/www.correiobraziliense.com.br\/cbradar\/wp-content\/uploads\/2025\/07\/Edicoes-2025-07-29T212746.964-1024x576.png 1024w, https:\/\/www.correiobraziliense.com.br\/cbradar\/wp-content\/uploads\/2025\/07\/Edicoes-2025-07-29T212746.964-300x169.png 300w, https:\/\/www.correiobraziliense.com.br\/cbradar\/wp-content\/uploads\/2025\/07\/Edicoes-2025-07-29T212746.964-768x432.png 768w, https:\/\/www.correiobraziliense.com.br\/cbradar\/wp-content\/uploads\/2025\/07\/Edicoes-2025-07-29T212746.964-750x422.png 750w, https:\/\/www.correiobraziliense.com.br\/cbradar\/wp-content\/uploads\/2025\/07\/Edicoes-2025-07-29T212746.964-1140x641.png 1140w, https:\/\/www.correiobraziliense.com.br\/cbradar\/wp-content\/uploads\/2025\/07\/Edicoes-2025-07-29T212746.964.png 1280w\" sizes=\"(max-width: 1024px) 100vw, 1024px\" \/><figcaption class=\"wp-element-caption\">Guaruj\u00e1, SP \/\/ Cr\u00e9ditos: YouTube @GabrielPorElMundo<\/figcaption><\/figure><\/div>\n\n\n<h2 class=\"wp-block-heading\">A origem do t\u00edtulo \u201cP\u00e9rola do Atl\u00e2ntico\u201d<\/h2>\n\n\n\n<p><strong>Guaruj\u00e1<\/strong> ganhou o apelido \u201c<strong>P\u00e9rola do Atl\u00e2ntico<\/strong>\u201d nos anos 1950, quando se consolidou como destino da elite paulistana. O t\u00edtulo refere-se \u00e0 beleza natural excepcional e ao brilho das suas praias.<\/p>\n\n\n\n<p>A denomina\u00e7\u00e3o foi popularizada pela m\u00eddia nacional durante a constru\u00e7\u00e3o dos primeiros hot\u00e9is de luxo. Personalidades como <strong>Carmem Miranda<\/strong> e <strong>Grande Otelo<\/strong> frequentavam a cidade, refor\u00e7ando seu glamour.<\/p>\n\n\n\n<p><strong>Leia tamb\u00e9m: <a href=\"https:\/\/www.correiobraziliense.com.br\/cbradar\/cidade-de-4-mil-habitantes-com-carros-voadores-e-a-melhor-do-brasil-para-viver\/\" target=\"_blank\" rel=\"noreferrer noopener\">Cidade de 4 mil habitantes com carros voadores \u00e9 a melhor para viver<\/a>.<\/strong><\/p>\n\n\n\n<h2 class=\"wp-block-heading\">Melhor \u00e9poca para visitar Guaruj\u00e1?<\/h2>\n\n\n\n<p>Entre <strong>dezembro<\/strong> e <strong>mar\u00e7o<\/strong>, <strong>Guaruj\u00e1<\/strong> tem temperaturas entre 25\u202f\u00b0C e 30\u202f\u00b0C, segundo o <strong>Climatempo<\/strong>. Ver\u00e3o \u00e9 ideal para aproveitar as praias, mas tamb\u00e9m \u00e9 alta temporada com pre\u00e7os elevados.<\/p>\n\n\n\n<p><strong>Abril<\/strong> a <strong>junho<\/strong> oferece temperaturas amenas entre 20\u202f\u00b0C e 25\u202f\u00b0C, com menos multid\u00f5es e pre\u00e7os mais acess\u00edveis. \u00c9 perfeito para quem busca tranquilidade.<\/p>\n\n\n\n<p><strong>Julho<\/strong> e <strong>agosto<\/strong> trazem o <strong>Festival de Inverno<\/strong> com programa\u00e7\u00e3o cultural intensa. Temperaturas entre 15\u202f\u00b0C e 22\u202f\u00b0C s\u00e3o ideais para turismo cultural e gastron\u00f4mico.<\/p>\n\n\n\n<p><strong>Setembro<\/strong> a <strong>novembro<\/strong> \u00e9 \u00e9poca de renova\u00e7\u00e3o da natureza, com temperaturas crescentes e mar calmo. Ideal para investidores imobili\u00e1rios e mudan\u00e7as residenciais.<\/p>\n\n\n\n<h2 class=\"wp-block-heading\">Vivencie Guaruj\u00e1<\/h2>\n\n\n\n<p><strong>Guaruj\u00e1<\/strong> une qualidade de vida excepcional com belezas naturais em <strong>S\u00e3o Paulo<\/strong>. Da <strong>Praia de Pitangueiras<\/strong> ao <strong>Festival de Inverno<\/strong>, \u00e9 um destino completo para viver ou visitar. Planeje sua mudan\u00e7a ou viajem para descobrir o charme da \u201c<strong>P\u00e9rola do Atl\u00e2ntico<\/strong>\u201d.<\/p>\n\n\n\n<ul class=\"wp-block-list\">\n<li>Economia diversificada com turismo, portos e servi\u00e7os<\/li>\n\n\n\n<li>Infraestrutura urbana completa com proximidade \u00e0s praias<\/li>\n\n\n\n<li>Qualidade de vida elevada com seguran\u00e7a em bairros residenciais<\/li>\n<\/ul>\n","protected":false},"excerpt":{"rendered":"<p>Guaruj\u00e1, na Baixada Santista de S\u00e3o Paulo, Brasil, a 87 km da capital S\u00e3o Paulo e pr\u00f3xima a Santos e Cubat\u00e3o, \u00e9 conhecida como a \u201cP\u00e9rola do Atl\u00e2ntico\u201d. Com suas 27 praias paradis\u00edacas e infraestrutura tur\u00edstica consolidada, Guaruj\u00e1 \u00e9 ideal para morar e viver o melhor da costa paulista. Conhe\u00e7a o que torna esta cidade [&hellip;]<\/p>\n","protected":false},"author":8,"featured_media":4421,"comment_status":"open","ping_status":"open","sticky":false,"template":"","format":"standard","meta":{"_yoast_wpseo_focuskw":"p\u00e9rola","_yoast_wpseo_title":"","_yoast_wpseo_metadesc":"Essa p\u00e9rola brasileira \u00e9 conhecida por suas praias paradis\u00edacas e qualidade de vida excepcional. Descubra onde fica.","jnews-multi-image_gallery":[],"jnews_single_post":{"format":"standard"},"jnews_primary_category":[],"jnews_social_meta":[],"jnews_override_counter":[],"footnotes":""},"categories":[108,111],"tags":[120,8295,861,278],"class_list":["post-96693","post","type-post","status-publish","format-standard","has-post-thumbnail","hentry","category-cidades","category-turismo","tag-bem-estar","tag-guaruja","tag-praias","tag-sao-paulo"],"yoast_head":"<!-- This site is optimized with the Yoast SEO plugin v24.6 - https:\/\/yoast.com\/wordpress\/plugins\/seo\/ -->\n<title>Essa p\u00e9rola paulista \u00e9 famosa por praias paradis\u00edacas e bem-estar - Correio Braziliense - Radar<\/title>\n<meta name=\"description\" content=\"Essa p\u00e9rola brasileira \u00e9 conhecida por suas praias paradis\u00edacas e qualidade de vida excepcional. Descubra onde fica.\" \/>\n<meta name=\"robots\" content=\"index, follow, max-snippet:-1, max-image-preview:large, max-video-preview:-1\" \/>\n<link rel=\"canonical\" href=\"https:\/\/www.correiobraziliense.com.br\/cbradar\/essa-perola-paulista-e-famosa-por-praias-paradisiacas-e-bem-estar\/\" \/>\n<meta property=\"og:locale\" content=\"pt_BR\" \/>\n<meta property=\"og:type\" content=\"article\" \/>\n<meta property=\"og:title\" content=\"Essa p\u00e9rola paulista \u00e9 famosa por praias paradis\u00edacas e bem-estar - Correio Braziliense - Radar\" \/>\n<meta property=\"og:description\" content=\"Essa p\u00e9rola brasileira \u00e9 conhecida por suas praias paradis\u00edacas e qualidade de vida excepcional. Descubra onde fica.\" \/>\n<meta property=\"og:url\" content=\"https:\/\/www.correiobraziliense.com.br\/cbradar\/essa-perola-paulista-e-famosa-por-praias-paradisiacas-e-bem-estar\/\" \/>\n<meta property=\"og:site_name\" content=\"Correio Braziliense - Radar\" \/>\n<meta property=\"article:published_time\" content=\"2025-09-02T19:33:00+00:00\" \/>\n<meta property=\"og:image\" content=\"https:\/\/www.correiobraziliense.com.br\/cbradar\/wp-content\/uploads\/2025\/02\/Guaruja_1740077877585.jpg\" \/>\n\t<meta property=\"og:image:width\" content=\"1280\" \/>\n\t<meta property=\"og:image:height\" content=\"720\" \/>\n\t<meta property=\"og:image:type\" content=\"image\/jpeg\" \/>\n<meta name=\"author\" content=\"Maura Pereira\" \/>\n<meta name=\"twitter:card\" content=\"summary_large_image\" \/>\n<meta name=\"twitter:label1\" content=\"Escrito por\" \/>\n\t<meta name=\"twitter:data1\" content=\"Maura Pereira\" \/>\n\t<meta name=\"twitter:label2\" content=\"Est. tempo de leitura\" \/>\n\t<meta name=\"twitter:data2\" content=\"7 minutos\" \/>\n<!-- \/ Yoast SEO plugin. -->","yoast_head_json":{"title":"Essa p\u00e9rola paulista \u00e9 famosa por praias paradis\u00edacas e bem-estar - Correio Braziliense - Radar","description":"Essa p\u00e9rola brasileira \u00e9 conhecida por suas praias paradis\u00edacas e qualidade de vida excepcional. Descubra onde fica.","robots":{"index":"index","follow":"follow","max-snippet":"max-snippet:-1","max-image-preview":"max-image-preview:large","max-video-preview":"max-video-preview:-1"},"canonical":"https:\/\/www.correiobraziliense.com.br\/cbradar\/essa-perola-paulista-e-famosa-por-praias-paradisiacas-e-bem-estar\/","og_locale":"pt_BR","og_type":"article","og_title":"Essa p\u00e9rola paulista \u00e9 famosa por praias paradis\u00edacas e bem-estar - Correio Braziliense - Radar","og_description":"Essa p\u00e9rola brasileira \u00e9 conhecida por suas praias paradis\u00edacas e qualidade de vida excepcional. Descubra onde fica.","og_url":"https:\/\/www.correiobraziliense.com.br\/cbradar\/essa-perola-paulista-e-famosa-por-praias-paradisiacas-e-bem-estar\/","og_site_name":"Correio Braziliense - Radar","article_published_time":"2025-09-02T19:33:00+00:00","og_image":[{"width":1280,"height":720,"url":"https:\/\/www.correiobraziliense.com.br\/cbradar\/wp-content\/uploads\/2025\/02\/Guaruja_1740077877585.jpg","type":"image\/jpeg"}],"author":"Maura Pereira","twitter_card":"summary_large_image","twitter_misc":{"Escrito por":"Maura Pereira","Est. tempo de leitura":"7 minutos"},"schema":{"@context":"https:\/\/schema.org","@graph":[{"@type":"WebPage","@id":"https:\/\/www.correiobraziliense.com.br\/cbradar\/essa-perola-paulista-e-famosa-por-praias-paradisiacas-e-bem-estar\/","url":"https:\/\/www.correiobraziliense.com.br\/cbradar\/essa-perola-paulista-e-famosa-por-praias-paradisiacas-e-bem-estar\/","name":"Essa p\u00e9rola paulista \u00e9 famosa por praias paradis\u00edacas e bem-estar - Correio Braziliense - Radar","isPartOf":{"@id":"https:\/\/www.correiobraziliense.com.br\/cbradar\/#website"},"primaryImageOfPage":{"@id":"https:\/\/www.correiobraziliense.com.br\/cbradar\/essa-perola-paulista-e-famosa-por-praias-paradisiacas-e-bem-estar\/#primaryimage"},"image":{"@id":"https:\/\/www.correiobraziliense.com.br\/cbradar\/essa-perola-paulista-e-famosa-por-praias-paradisiacas-e-bem-estar\/#primaryimage"},"thumbnailUrl":"https:\/\/www.correiobraziliense.com.br\/cbradar\/wp-content\/uploads\/2025\/02\/Guaruja_1740077877585.jpg","datePublished":"2025-09-02T19:33:00+00:00","author":{"@id":"https:\/\/www.correiobraziliense.com.br\/cbradar\/#\/schema\/person\/4053c651a9bfc785afc6f4cbc9032fd3"},"description":"Essa p\u00e9rola brasileira \u00e9 conhecida por suas praias paradis\u00edacas e qualidade de vida excepcional. Descubra onde fica.","breadcrumb":{"@id":"https:\/\/www.correiobraziliense.com.br\/cbradar\/essa-perola-paulista-e-famosa-por-praias-paradisiacas-e-bem-estar\/#breadcrumb"},"inLanguage":"pt-BR","potentialAction":[{"@type":"ReadAction","target":["https:\/\/www.correiobraziliense.com.br\/cbradar\/essa-perola-paulista-e-famosa-por-praias-paradisiacas-e-bem-estar\/"]}]},{"@type":"ImageObject","inLanguage":"pt-BR","@id":"https:\/\/www.correiobraziliense.com.br\/cbradar\/essa-perola-paulista-e-famosa-por-praias-paradisiacas-e-bem-estar\/#primaryimage","url":"https:\/\/www.correiobraziliense.com.br\/cbradar\/wp-content\/uploads\/2025\/02\/Guaruja_1740077877585.jpg","contentUrl":"https:\/\/www.correiobraziliense.com.br\/cbradar\/wp-content\/uploads\/2025\/02\/Guaruja_1740077877585.jpg","width":1280,"height":720,"caption":"Guaruj\u00e1 \u00e9 uma cidade costeira de S\u00e3o Paulo famosa por suas praias badaladas e natureza exuberante. \/\/ Cr\u00e9ditos: depositphotos.com \/ joao_camarneiro@uol.com.br"},{"@type":"BreadcrumbList","@id":"https:\/\/www.correiobraziliense.com.br\/cbradar\/essa-perola-paulista-e-famosa-por-praias-paradisiacas-e-bem-estar\/#breadcrumb","itemListElement":[{"@type":"ListItem","position":1,"name":"In\u00edcio","item":"https:\/\/www.correiobraziliense.com.br\/cbradar\/"},{"@type":"ListItem","position":2,"name":"Essa p\u00e9rola paulista \u00e9 famosa por praias paradis\u00edacas e bem-estar"}]},{"@type":"WebSite","@id":"https:\/\/www.correiobraziliense.com.br\/cbradar\/#website","url":"https:\/\/www.correiobraziliense.com.br\/cbradar\/","name":"Correio Braziliense - Radar","description":"Acompanhe as \u00faltimas not\u00edcias e fique bem informado sobre tudo o que acontece no Brasil e no mundo.","potentialAction":[{"@type":"SearchAction","target":{"@type":"EntryPoint","urlTemplate":"https:\/\/www.correiobraziliense.com.br\/cbradar\/?s={search_term_string}"},"query-input":{"@type":"PropertyValueSpecification","valueRequired":true,"valueName":"search_term_string"}}],"inLanguage":"pt-BR"},{"@type":"Person","@id":"https:\/\/www.correiobraziliense.com.br\/cbradar\/#\/schema\/person\/4053c651a9bfc785afc6f4cbc9032fd3","name":"Maura Pereira","image":{"@type":"ImageObject","inLanguage":"pt-BR","@id":"https:\/\/www.correiobraziliense.com.br\/cbradar\/#\/schema\/person\/image\/","url":"https:\/\/secure.gravatar.com\/avatar\/3effd6bdadfa447f15089c7f7144eaa6?s=96&d=mm&r=g","contentUrl":"https:\/\/secure.gravatar.com\/avatar\/3effd6bdadfa447f15089c7f7144eaa6?s=96&d=mm&r=g","caption":"Maura Pereira"},"sameAs":["https:\/\/www.correiobraziliense.com.br\/"],"url":"https:\/\/www.correiobraziliense.com.br\/cbradar\/author\/mauramyth\/"}]}},"_links":{"self":[{"href":"https:\/\/www.correiobraziliense.com.br\/cbradar\/wp-json\/wp\/v2\/posts\/96693","targetHints":{"allow":["GET"]}}],"collection":[{"href":"https:\/\/www.correiobraziliense.com.br\/cbradar\/wp-json\/wp\/v2\/posts"}],"about":[{"href":"https:\/\/www.correiobraziliense.com.br\/cbradar\/wp-json\/wp\/v2\/types\/post"}],"author":[{"embeddable":true,"href":"https:\/\/www.correiobraziliense.com.br\/cbradar\/wp-json\/wp\/v2\/users\/8"}],"replies":[{"embeddable":true,"href":"https:\/\/www.correiobraziliense.com.br\/cbradar\/wp-json\/wp\/v2\/comments?post=96693"}],"version-history":[{"count":15,"href":"https:\/\/www.correiobraziliense.com.br\/cbradar\/wp-json\/wp\/v2\/posts\/96693\/revisions"}],"predecessor-version":[{"id":96803,"href":"https:\/\/www.correiobraziliense.com.br\/cbradar\/wp-json\/wp\/v2\/posts\/96693\/revisions\/96803"}],"wp:featuredmedia":[{"embeddable":true,"href":"https:\/\/www.correiobraziliense.com.br\/cbradar\/wp-json\/wp\/v2\/media\/4421"}],"wp:attachment":[{"href":"https:\/\/www.correiobraziliense.com.br\/cbradar\/wp-json\/wp\/v2\/media?parent=96693"}],"wp:term":[{"taxonomy":"category","embeddable":true,"href":"https:\/\/www.correiobraziliense.com.br\/cbradar\/wp-json\/wp\/v2\/categories?post=96693"},{"taxonomy":"post_tag","embeddable":true,"href":"https:\/\/www.correiobraziliense.com.br\/cbradar\/wp-json\/wp\/v2\/tags?post=96693"}],"curies":[{"name":"wp","href":"https:\/\/api.w.org\/{rel}","templated":true}]}}