{"id":9679,"date":"2025-03-07T16:10:00","date_gmt":"2025-03-07T19:10:00","guid":{"rendered":"https:\/\/www.correiobraziliense.com.br\/cbradar\/?p=9679"},"modified":"2025-03-07T06:48:43","modified_gmt":"2025-03-07T09:48:43","slug":"trabalho-em-feriado-vai-mudar-veja-alteracoes","status":"publish","type":"post","link":"https:\/\/www.correiobraziliense.com.br\/cbradar\/trabalho-em-feriado-vai-mudar-veja-alteracoes\/","title":{"rendered":"Trabalho em feriado vai mudar, veja altera\u00e7\u00f5es"},"content":{"rendered":"\n<p>A partir de 1\u00ba de julho de 2025, as regras para o funcionamento de empresas nos setores de com\u00e9rcio e servi\u00e7os durante feriados sofrer\u00e3o mudan\u00e7as significativas. A Portaria <strong>MTE 3.665\/2023<\/strong>, emitida pelo <strong><a href=\"https:\/\/www.gov.br\/trabalho-e-emprego\/pt-br\" target=\"_blank\" rel=\"noreferrer noopener\">Minist\u00e9rio do Trabalho e Emprego<\/a><\/strong>, estabelece que o funcionamento nesses dias depender\u00e1 de negocia\u00e7\u00e3o coletiva, exceto para atividades previamente autorizadas.<\/p>\n\n\n\n<p>Essa nova regulamenta\u00e7\u00e3o altera o cen\u00e1rio anterior, onde algumas empresas podiam operar sem a necessidade de acordos sindicais. A mudan\u00e7a visa alinhar as pr\u00e1ticas com a legisla\u00e7\u00e3o vigente, exigindo conven\u00e7\u00f5es coletivas para garantir o funcionamento em feriados, especialmente para o com\u00e9rcio varejista.<\/p>\n\n\n\n<h2 class=\"wp-block-heading\"><strong>Quais setores precisam de negocia\u00e7\u00e3o coletiva?<\/strong><\/h2>\n\n\n\n<p>De acordo com a nova portaria, diversas atividades comerciais precisar\u00e3o de autoriza\u00e7\u00e3o sindical para operar em feriados. Entre elas, destacam-se:<\/p>\n\n\n\n<ul class=\"wp-block-list\">\n<li>Supermercados e hipermercados<\/li>\n\n\n\n<li>Farm\u00e1cias e drogarias<\/li>\n\n\n\n<li>Postos de combust\u00edveis<\/li>\n\n\n\n<li>Com\u00e9rcio varejista em geral, incluindo lojas de roupas, cal\u00e7ados, m\u00f3veis, e eletrodom\u00e9sticos<\/li>\n\n\n\n<li>Shopping centers, onde as lojas internas necessitam de acordo coletivo<\/li>\n\n\n\n<li>Restaurantes e bares, caso sejam classificados como com\u00e9rcio<\/li>\n\n\n\n<li>Hot\u00e9is e pousadas, dependendo da regulamenta\u00e7\u00e3o sindical<\/li>\n<\/ul>\n\n\n\n<p>\u00c9 importante notar que setores considerados essenciais, como a ind\u00fastria e servi\u00e7os essenciais, continuam isentos dessa exig\u00eancia.<\/p>\n\n\n\n<figure class=\"wp-block-image size-large\"><img decoding=\"async\" width=\"1024\" height=\"576\" src=\"https:\/\/www.correiobraziliense.com.br\/cbradar\/wp-content\/uploads\/2025\/03\/trabalho_1741286762732-1-1024x576.jpg\" alt=\"Trabalho em feriado vai mudar, veja altera\u00e7\u00f5es\" class=\"wp-image-9682\" srcset=\"https:\/\/www.correiobraziliense.com.br\/cbradar\/wp-content\/uploads\/2025\/03\/trabalho_1741286762732-1-1024x576.jpg 1024w, https:\/\/www.correiobraziliense.com.br\/cbradar\/wp-content\/uploads\/2025\/03\/trabalho_1741286762732-1-300x169.jpg 300w, https:\/\/www.correiobraziliense.com.br\/cbradar\/wp-content\/uploads\/2025\/03\/trabalho_1741286762732-1-768x432.jpg 768w, https:\/\/www.correiobraziliense.com.br\/cbradar\/wp-content\/uploads\/2025\/03\/trabalho_1741286762732-1-750x422.jpg 750w, https:\/\/www.correiobraziliense.com.br\/cbradar\/wp-content\/uploads\/2025\/03\/trabalho_1741286762732-1-1140x641.jpg 1140w, https:\/\/www.correiobraziliense.com.br\/cbradar\/wp-content\/uploads\/2025\/03\/trabalho_1741286762732-1.jpg 1280w\" sizes=\"(max-width: 1024px) 100vw, 1024px\" \/><figcaption class=\"wp-element-caption\">Trabalho. Cr\u00e9ditos: depositphotos.com \/ GeorgeRudy<\/figcaption><\/figure>\n\n\n\n<h2 class=\"wp-block-heading\"><strong>Como a portaria impacta o com\u00e9rcio varejista?<\/strong><\/h2>\n\n\n\n<p>A principal mudan\u00e7a para o com\u00e9rcio varejista \u00e9 a necessidade de assist\u00eancia sindical para operar em feriados. Antes, a Portaria MTP n\u00ba 671\/2021 permitia que alguns setores funcionassem sem acordo sindical, mas a nova norma revogou essa autoriza\u00e7\u00e3o autom\u00e1tica. Agora, as empresas devem buscar conven\u00e7\u00f5es coletivas para assegurar o funcionamento nesses dias.<\/p>\n\n\n\n<p>Essa altera\u00e7\u00e3o exige que as empresas iniciem negocia\u00e7\u00f5es com os sindicatos representativos o quanto antes, pois os tr\u00e2mites para concluir uma negocia\u00e7\u00e3o coletiva podem ser longos e complexos. A falta de conformidade com as novas regras pode resultar em san\u00e7\u00f5es e multas, conforme previsto na legisla\u00e7\u00e3o trabalhista.<\/p>\n\n\n\n<h2 class=\"wp-block-heading\"><strong>Quais s\u00e3o as consequ\u00eancias do descumprimento?<\/strong><\/h2>\n\n\n\n<p>Empresas que n\u00e3o seguirem as novas diretrizes estar\u00e3o sujeitas a penalidades, incluindo multas administrativas e normativas. Al\u00e9m disso, podem enfrentar indeniza\u00e7\u00f5es por danos morais coletivos. A fiscaliza\u00e7\u00e3o ser\u00e1 realizada por Auditores Fiscais do Trabalho, vinculados ao Minist\u00e9rio do Trabalho e Emprego.<\/p>\n\n\n\n<p>Portanto, \u00e9 crucial que as empresas afetadas pela nova regulamenta\u00e7\u00e3o se adequem rapidamente \u00e0s exig\u00eancias legais para evitar penalidades e garantir a continuidade de suas opera\u00e7\u00f5es durante os feriados.<\/p>\n","protected":false},"excerpt":{"rendered":"<p>A partir de 2025, novas regras para o com\u00e9rcio em feriados entram em vigor. Saiba mais sobre a Portaria MTE 3665\/22.<\/p>\n","protected":false},"author":3,"featured_media":9681,"comment_status":"open","ping_status":"open","sticky":false,"template":"","format":"standard","meta":{"_yoast_wpseo_focuskw":"trabalho feriado","_yoast_wpseo_title":"%%title%%","_yoast_wpseo_metadesc":"A partir de 2025, novas regras para o com\u00e9rcio em feriados entram em vigor. Saiba mais sobre a Portaria MTE 3665\/22.","jnews-multi-image_gallery":[],"jnews_single_post":{"format":"standard"},"jnews_primary_category":[],"jnews_social_meta":[],"jnews_override_counter":[],"footnotes":""},"categories":[112],"post_tag":[241,185],"class_list":["post-9679","post","type-post","status-publish","format-standard","has-post-thumbnail","hentry","category-curiosidades","tag-feriado","tag-trabalho"],"yoast_head":"<!-- This site is optimized with the Yoast SEO plugin v24.6 - https:\/\/yoast.com\/wordpress\/plugins\/seo\/ -->\n<title>Trabalho em feriado vai mudar, veja altera\u00e7\u00f5es<\/title>\n<meta name=\"description\" content=\"A partir de 2025, novas regras para o com\u00e9rcio em feriados entram em vigor. Saiba mais sobre a Portaria MTE 3665\/22.\" \/>\n<meta name=\"robots\" content=\"index, follow, max-snippet:-1, max-image-preview:large, max-video-preview:-1\" \/>\n<link rel=\"canonical\" href=\"https:\/\/www.correiobraziliense.com.br\/cbradar\/trabalho-em-feriado-vai-mudar-veja-alteracoes\/\" \/>\n<meta property=\"og:locale\" content=\"pt_BR\" \/>\n<meta property=\"og:type\" content=\"article\" \/>\n<meta property=\"og:title\" content=\"Trabalho em feriado vai mudar, veja altera\u00e7\u00f5es\" \/>\n<meta property=\"og:description\" content=\"A partir de 2025, novas regras para o com\u00e9rcio em feriados entram em vigor. Saiba mais sobre a Portaria MTE 3665\/22.\" \/>\n<meta property=\"og:url\" content=\"https:\/\/www.correiobraziliense.com.br\/cbradar\/trabalho-em-feriado-vai-mudar-veja-alteracoes\/\" \/>\n<meta property=\"og:site_name\" content=\"Correio Braziliense - Radar\" \/>\n<meta property=\"article:published_time\" content=\"2025-03-07T19:10:00+00:00\" \/>\n<meta property=\"og:image\" content=\"https:\/\/www.correiobraziliense.com.br\/cbradar\/wp-content\/uploads\/2025\/03\/trabalho_1741286762732.jpg\" \/>\n\t<meta property=\"og:image:width\" content=\"1280\" \/>\n\t<meta property=\"og:image:height\" content=\"720\" \/>\n\t<meta property=\"og:image:type\" content=\"image\/jpeg\" \/>\n<meta name=\"author\" content=\"Larissa Carvalho\" \/>\n<meta name=\"twitter:card\" content=\"summary_large_image\" \/>\n<meta name=\"twitter:label1\" content=\"Escrito por\" \/>\n\t<meta name=\"twitter:data1\" content=\"Larissa Carvalho\" \/>\n\t<meta name=\"twitter:label2\" content=\"Est. tempo de leitura\" \/>\n\t<meta name=\"twitter:data2\" content=\"3 minutos\" \/>\n<!-- \/ Yoast SEO plugin. -->","yoast_head_json":{"title":"Trabalho em feriado vai mudar, veja altera\u00e7\u00f5es","description":"A partir de 2025, novas regras para o com\u00e9rcio em feriados entram em vigor. Saiba mais sobre a Portaria MTE 3665\/22.","robots":{"index":"index","follow":"follow","max-snippet":"max-snippet:-1","max-image-preview":"max-image-preview:large","max-video-preview":"max-video-preview:-1"},"canonical":"https:\/\/www.correiobraziliense.com.br\/cbradar\/trabalho-em-feriado-vai-mudar-veja-alteracoes\/","og_locale":"pt_BR","og_type":"article","og_title":"Trabalho em feriado vai mudar, veja altera\u00e7\u00f5es","og_description":"A partir de 2025, novas regras para o com\u00e9rcio em feriados entram em vigor. Saiba mais sobre a Portaria MTE 3665\/22.","og_url":"https:\/\/www.correiobraziliense.com.br\/cbradar\/trabalho-em-feriado-vai-mudar-veja-alteracoes\/","og_site_name":"Correio Braziliense - Radar","article_published_time":"2025-03-07T19:10:00+00:00","og_image":[{"width":1280,"height":720,"url":"https:\/\/www.correiobraziliense.com.br\/cbradar\/wp-content\/uploads\/2025\/03\/trabalho_1741286762732.jpg","type":"image\/jpeg"}],"author":"Larissa Carvalho","twitter_card":"summary_large_image","twitter_misc":{"Escrito por":"Larissa Carvalho","Est. tempo de leitura":"3 minutos"},"schema":{"@context":"https:\/\/schema.org","@graph":[{"@type":"WebPage","@id":"https:\/\/www.correiobraziliense.com.br\/cbradar\/trabalho-em-feriado-vai-mudar-veja-alteracoes\/","url":"https:\/\/www.correiobraziliense.com.br\/cbradar\/trabalho-em-feriado-vai-mudar-veja-alteracoes\/","name":"Trabalho em feriado vai mudar, veja altera\u00e7\u00f5es","isPartOf":{"@id":"https:\/\/www.correiobraziliense.com.br\/cbradar\/#website"},"primaryImageOfPage":{"@id":"https:\/\/www.correiobraziliense.com.br\/cbradar\/trabalho-em-feriado-vai-mudar-veja-alteracoes\/#primaryimage"},"image":{"@id":"https:\/\/www.correiobraziliense.com.br\/cbradar\/trabalho-em-feriado-vai-mudar-veja-alteracoes\/#primaryimage"},"thumbnailUrl":"https:\/\/www.correiobraziliense.com.br\/cbradar\/wp-content\/uploads\/2025\/03\/trabalho_1741286762732.jpg","datePublished":"2025-03-07T19:10:00+00:00","author":{"@id":"https:\/\/www.correiobraziliense.com.br\/cbradar\/#\/schema\/person\/58422787644df994b53a19d3e56c1513"},"description":"A partir de 2025, novas regras para o com\u00e9rcio em feriados entram em vigor. Saiba mais sobre a Portaria MTE 3665\/22.","breadcrumb":{"@id":"https:\/\/www.correiobraziliense.com.br\/cbradar\/trabalho-em-feriado-vai-mudar-veja-alteracoes\/#breadcrumb"},"inLanguage":"pt-BR","potentialAction":[{"@type":"ReadAction","target":["https:\/\/www.correiobraziliense.com.br\/cbradar\/trabalho-em-feriado-vai-mudar-veja-alteracoes\/"]}]},{"@type":"ImageObject","inLanguage":"pt-BR","@id":"https:\/\/www.correiobraziliense.com.br\/cbradar\/trabalho-em-feriado-vai-mudar-veja-alteracoes\/#primaryimage","url":"https:\/\/www.correiobraziliense.com.br\/cbradar\/wp-content\/uploads\/2025\/03\/trabalho_1741286762732.jpg","contentUrl":"https:\/\/www.correiobraziliense.com.br\/cbradar\/wp-content\/uploads\/2025\/03\/trabalho_1741286762732.jpg","width":1280,"height":720,"caption":"Trabalho. Cr\u00e9ditos: depositphotos.com \/ HayDmitriy"},{"@type":"BreadcrumbList","@id":"https:\/\/www.correiobraziliense.com.br\/cbradar\/trabalho-em-feriado-vai-mudar-veja-alteracoes\/#breadcrumb","itemListElement":[{"@type":"ListItem","position":1,"name":"In\u00edcio","item":"https:\/\/www.correiobraziliense.com.br\/cbradar\/"},{"@type":"ListItem","position":2,"name":"Trabalho em feriado vai mudar, veja altera\u00e7\u00f5es"}]},{"@type":"WebSite","@id":"https:\/\/www.correiobraziliense.com.br\/cbradar\/#website","url":"https:\/\/www.correiobraziliense.com.br\/cbradar\/","name":"Correio Braziliense - Radar","description":"Acompanhe as \u00faltimas not\u00edcias e fique bem informado sobre tudo o que acontece no Brasil e no mundo.","potentialAction":[{"@type":"SearchAction","target":{"@type":"EntryPoint","urlTemplate":"https:\/\/www.correiobraziliense.com.br\/cbradar\/?s={search_term_string}"},"query-input":{"@type":"PropertyValueSpecification","valueRequired":true,"valueName":"search_term_string"}}],"inLanguage":"pt-BR"},{"@type":"Person","@id":"https:\/\/www.correiobraziliense.com.br\/cbradar\/#\/schema\/person\/58422787644df994b53a19d3e56c1513","name":"Larissa Carvalho","image":{"@type":"ImageObject","inLanguage":"pt-BR","@id":"https:\/\/www.correiobraziliense.com.br\/cbradar\/#\/schema\/person\/image\/","url":"https:\/\/secure.gravatar.com\/avatar\/fe4f91a0de32b52a838d0d612abdc1aa?s=96&d=mm&r=g","contentUrl":"https:\/\/secure.gravatar.com\/avatar\/fe4f91a0de32b52a838d0d612abdc1aa?s=96&d=mm&r=g","caption":"Larissa Carvalho"},"url":"https:\/\/www.correiobraziliense.com.br\/cbradar\/author\/larissamyth\/"}]}},"_links":{"self":[{"href":"https:\/\/www.correiobraziliense.com.br\/cbradar\/wp-json\/wp\/v2\/posts\/9679","targetHints":{"allow":["GET"]}}],"collection":[{"href":"https:\/\/www.correiobraziliense.com.br\/cbradar\/wp-json\/wp\/v2\/posts"}],"about":[{"href":"https:\/\/www.correiobraziliense.com.br\/cbradar\/wp-json\/wp\/v2\/types\/post"}],"author":[{"embeddable":true,"href":"https:\/\/www.correiobraziliense.com.br\/cbradar\/wp-json\/wp\/v2\/users\/3"}],"replies":[{"embeddable":true,"href":"https:\/\/www.correiobraziliense.com.br\/cbradar\/wp-json\/wp\/v2\/comments?post=9679"}],"version-history":[{"count":1,"href":"https:\/\/www.correiobraziliense.com.br\/cbradar\/wp-json\/wp\/v2\/posts\/9679\/revisions"}],"predecessor-version":[{"id":9683,"href":"https:\/\/www.correiobraziliense.com.br\/cbradar\/wp-json\/wp\/v2\/posts\/9679\/revisions\/9683"}],"wp:featuredmedia":[{"embeddable":true,"href":"https:\/\/www.correiobraziliense.com.br\/cbradar\/wp-json\/wp\/v2\/media\/9681"}],"wp:attachment":[{"href":"https:\/\/www.correiobraziliense.com.br\/cbradar\/wp-json\/wp\/v2\/media?parent=9679"}],"wp:term":[{"taxonomy":"category","embeddable":true,"href":"https:\/\/www.correiobraziliense.com.br\/cbradar\/wp-json\/wp\/v2\/categories?post=9679"},{"taxonomy":"post_tag","embeddable":true,"href":"https:\/\/www.correiobraziliense.com.br\/cbradar\/wp-json\/wp\/v2\/post_tag?post=9679"}],"curies":[{"name":"wp","href":"https:\/\/api.w.org\/{rel}","templated":true}]}}