{"id":9684,"date":"2025-03-07T17:30:00","date_gmt":"2025-03-07T20:30:00","guid":{"rendered":"https:\/\/www.correiobraziliense.com.br\/cbradar\/?p=9684"},"modified":"2025-03-07T06:48:58","modified_gmt":"2025-03-07T09:48:58","slug":"buraco-na-camada-de-ozonio-diminui-na-antartida-entenda","status":"publish","type":"post","link":"https:\/\/www.correiobraziliense.com.br\/cbradar\/buraco-na-camada-de-ozonio-diminui-na-antartida-entenda\/","title":{"rendered":"Buraco na camada de oz\u00f4nio diminui na Ant\u00e1rtida, entenda"},"content":{"rendered":"\n<p>A camada de oz\u00f4nio, situada na estratosfera entre 15 e 30 quil\u00f4metros acima da superf\u00edcie terrestre, desempenha um papel crucial na prote\u00e7\u00e3o da vida na Terra. Ela absorve uma parte significativa dos raios ultravioleta nocivos emitidos pelo Sol. No entanto, nas d\u00e9cadas de 1970 e 1980, um grande buraco foi identificado sobre a Ant\u00e1rtida, gerando preocupa\u00e7\u00f5es globais sobre os efeitos dos clorofluorocarbonetos (CFCs) na atmosfera.<\/p>\n\n\n\n<p>Os CFCs, compostos sint\u00e9ticos utilizados em produtos como sprays aeross\u00f3is e refrigerantes, foram identificados como os principais respons\u00e1veis pela degrada\u00e7\u00e3o do oz\u00f4nio. Quando liberados na atmosfera, eles se deslocam at\u00e9 a estratosfera, onde reagem com o oz\u00f4nio, reduzindo sua concentra\u00e7\u00e3o. Essa descoberta levou a uma resposta internacional coordenada para mitigar o problema.<\/p>\n\n\n\n<h2 class=\"wp-block-heading\"><strong>O protocolo de Montreal e seus impactos<\/strong><\/h2>\n\n\n\n<p>Em resposta \u00e0 crescente preocupa\u00e7\u00e3o com a camada de oz\u00f4nio, o Protocolo de Montreal foi assinado em 1987 por 197 pa\u00edses e a Uni\u00e3o Europeia. Este acordo internacional visava eliminar gradualmente a produ\u00e7\u00e3o e o uso de subst\u00e2ncias que destroem o oz\u00f4nio, incluindo os CFCs. Desde ent\u00e3o, o protocolo tem sido considerado um dos tratados ambientais mais bem-sucedidos da hist\u00f3ria.<\/p>\n\n\n\n<p>Gra\u00e7as a essas medidas, estudos recentes indicam que o buraco na camada de oz\u00f4nio sobre a Ant\u00e1rtida est\u00e1 diminuindo. Pesquisadores do MIT, em um estudo publicado na revista Nature, afirmam com 95% de confian\u00e7a que a recupera\u00e7\u00e3o est\u00e1 em andamento. Essa \u00e9 uma evid\u00eancia clara de que a\u00e7\u00f5es globais coordenadas podem efetivamente enfrentar desafios ambientais.<\/p>\n\n\n\n<figure class=\"wp-block-image size-large\"><img decoding=\"async\" width=\"1024\" height=\"576\" src=\"https:\/\/www.correiobraziliense.com.br\/cbradar\/wp-content\/uploads\/2025\/03\/camada-de-ozonio_1741287782395-1024x576.jpg\" alt=\"Buraco na camada de oz\u00f4nio diminui na Ant\u00e1rtida, entenda\" class=\"wp-image-9695\" srcset=\"https:\/\/www.correiobraziliense.com.br\/cbradar\/wp-content\/uploads\/2025\/03\/camada-de-ozonio_1741287782395-1024x576.jpg 1024w, https:\/\/www.correiobraziliense.com.br\/cbradar\/wp-content\/uploads\/2025\/03\/camada-de-ozonio_1741287782395-300x169.jpg 300w, https:\/\/www.correiobraziliense.com.br\/cbradar\/wp-content\/uploads\/2025\/03\/camada-de-ozonio_1741287782395-768x432.jpg 768w, https:\/\/www.correiobraziliense.com.br\/cbradar\/wp-content\/uploads\/2025\/03\/camada-de-ozonio_1741287782395-750x422.jpg 750w, https:\/\/www.correiobraziliense.com.br\/cbradar\/wp-content\/uploads\/2025\/03\/camada-de-ozonio_1741287782395-1140x641.jpg 1140w, https:\/\/www.correiobraziliense.com.br\/cbradar\/wp-content\/uploads\/2025\/03\/camada-de-ozonio_1741287782395.jpg 1280w\" sizes=\"(max-width: 1024px) 100vw, 1024px\" \/><figcaption class=\"wp-element-caption\">camada de oz\u00f4nio. Cr\u00e9ditos: depositphotos.com \/ pressmaster<\/figcaption><\/figure>\n\n\n\n<h2 class=\"wp-block-heading\"><strong>Como a camada de oz\u00f4nio est\u00e1 se recuperando?<\/strong><\/h2>\n\n\n\n<p>A recupera\u00e7\u00e3o da camada de oz\u00f4nio \u00e9 um processo complexo influenciado por v\u00e1rios fatores. As temperaturas extremamente baixas na Ant\u00e1rtida, combinadas com a presen\u00e7a de nuvens estratosf\u00e9ricas polares, criam condi\u00e7\u00f5es que aprisionam produtos qu\u00edmicos que degradam o oz\u00f4nio. No entanto, com a redu\u00e7\u00e3o dos CFCs na atmosfera, essas condi\u00e7\u00f5es est\u00e3o se tornando menos prejudiciais.<\/p>\n\n\n\n<p>Os cientistas utilizam dados observacionais coletados ao longo de 15 anos para monitorar a recupera\u00e7\u00e3o da camada de oz\u00f4nio. Se a tend\u00eancia atual continuar, espera-se que a camada sobre a Ant\u00e1rtida possa se recuperar completamente em aproximadamente uma d\u00e9cada. Este progresso \u00e9 um testemunho do impacto positivo das pol\u00edticas ambientais globais.<\/p>\n\n\n\n<h2 class=\"wp-block-heading\"><strong>Qual \u00e9 o futuro da camada de Oz\u00f4nio?<\/strong><\/h2>\n\n\n\n<p>Embora a recupera\u00e7\u00e3o da camada de oz\u00f4nio seja uma not\u00edcia encorajadora, ainda h\u00e1 desafios a serem enfrentados. As mudan\u00e7as clim\u00e1ticas e outras atividades humanas continuam a impactar a atmosfera de maneiras complexas. Portanto, \u00e9 essencial que a comunidade internacional mantenha o compromisso com a prote\u00e7\u00e3o ambiental e continue a monitorar a sa\u00fade da camada de oz\u00f4nio.<\/p>\n\n\n\n<p>O sucesso do Protocolo de Montreal demonstra que a coopera\u00e7\u00e3o global pode efetivamente resolver problemas ambientais cr\u00edticos. A experi\u00eancia adquirida com a recupera\u00e7\u00e3o da camada de oz\u00f4nio pode servir de modelo para enfrentar outros desafios ambientais, como as mudan\u00e7as clim\u00e1ticas, refor\u00e7ando a import\u00e2ncia de a\u00e7\u00f5es coordenadas e sustent\u00e1veis.<\/p>\n","protected":false},"excerpt":{"rendered":"<p>A recupera\u00e7\u00e3o da camada de oz\u00f4nio \u00e9 um exemplo de sucesso em esfor\u00e7os ambientais globais coordenados.<\/p>\n","protected":false},"author":3,"featured_media":9694,"comment_status":"open","ping_status":"open","sticky":false,"template":"","format":"standard","meta":{"_yoast_wpseo_focuskw":"camada de oz\u00f4nio","_yoast_wpseo_title":"%%title%%","_yoast_wpseo_metadesc":"A recupera\u00e7\u00e3o da camada de oz\u00f4nio \u00e9 um exemplo de sucesso em esfor\u00e7os ambientais globais coordenados.","jnews-multi-image_gallery":[],"jnews_single_post":{"format":"standard"},"jnews_primary_category":[],"jnews_social_meta":[],"jnews_override_counter":[],"footnotes":""},"categories":[108],"post_tag":[1640,1641],"class_list":["post-9684","post","type-post","status-publish","format-standard","has-post-thumbnail","hentry","category-cidades","tag-antartida","tag-aquecimento-global"],"yoast_head":"<!-- This site is optimized with the Yoast SEO plugin v24.6 - https:\/\/yoast.com\/wordpress\/plugins\/seo\/ -->\n<title>Buraco na camada de oz\u00f4nio diminui na Ant\u00e1rtida, entenda<\/title>\n<meta name=\"description\" content=\"A recupera\u00e7\u00e3o da camada de oz\u00f4nio \u00e9 um exemplo de sucesso em esfor\u00e7os ambientais globais coordenados.\" \/>\n<meta name=\"robots\" content=\"index, follow, max-snippet:-1, max-image-preview:large, max-video-preview:-1\" \/>\n<link rel=\"canonical\" href=\"https:\/\/www.correiobraziliense.com.br\/cbradar\/buraco-na-camada-de-ozonio-diminui-na-antartida-entenda\/\" \/>\n<meta property=\"og:locale\" content=\"pt_BR\" \/>\n<meta property=\"og:type\" content=\"article\" \/>\n<meta property=\"og:title\" content=\"Buraco na camada de oz\u00f4nio diminui na Ant\u00e1rtida, entenda\" \/>\n<meta property=\"og:description\" content=\"A recupera\u00e7\u00e3o da camada de oz\u00f4nio \u00e9 um exemplo de sucesso em esfor\u00e7os ambientais globais coordenados.\" \/>\n<meta property=\"og:url\" content=\"https:\/\/www.correiobraziliense.com.br\/cbradar\/buraco-na-camada-de-ozonio-diminui-na-antartida-entenda\/\" \/>\n<meta property=\"og:site_name\" content=\"Correio Braziliense - Radar\" \/>\n<meta property=\"article:published_time\" content=\"2025-03-07T20:30:00+00:00\" \/>\n<meta property=\"og:image\" content=\"https:\/\/www.correiobraziliense.com.br\/cbradar\/wp-content\/uploads\/2025\/03\/camada-de-ozonio_1741287735621.jpg\" \/>\n\t<meta property=\"og:image:width\" content=\"1280\" \/>\n\t<meta property=\"og:image:height\" content=\"720\" \/>\n\t<meta property=\"og:image:type\" content=\"image\/jpeg\" \/>\n<meta name=\"author\" content=\"Larissa Carvalho\" \/>\n<meta name=\"twitter:card\" content=\"summary_large_image\" \/>\n<meta name=\"twitter:label1\" content=\"Escrito por\" \/>\n\t<meta name=\"twitter:data1\" content=\"Larissa Carvalho\" \/>\n\t<meta name=\"twitter:label2\" content=\"Est. tempo de leitura\" \/>\n\t<meta name=\"twitter:data2\" content=\"4 minutos\" \/>\n<!-- \/ Yoast SEO plugin. -->","yoast_head_json":{"title":"Buraco na camada de oz\u00f4nio diminui na Ant\u00e1rtida, entenda","description":"A recupera\u00e7\u00e3o da camada de oz\u00f4nio \u00e9 um exemplo de sucesso em esfor\u00e7os ambientais globais coordenados.","robots":{"index":"index","follow":"follow","max-snippet":"max-snippet:-1","max-image-preview":"max-image-preview:large","max-video-preview":"max-video-preview:-1"},"canonical":"https:\/\/www.correiobraziliense.com.br\/cbradar\/buraco-na-camada-de-ozonio-diminui-na-antartida-entenda\/","og_locale":"pt_BR","og_type":"article","og_title":"Buraco na camada de oz\u00f4nio diminui na Ant\u00e1rtida, entenda","og_description":"A recupera\u00e7\u00e3o da camada de oz\u00f4nio \u00e9 um exemplo de sucesso em esfor\u00e7os ambientais globais coordenados.","og_url":"https:\/\/www.correiobraziliense.com.br\/cbradar\/buraco-na-camada-de-ozonio-diminui-na-antartida-entenda\/","og_site_name":"Correio Braziliense - Radar","article_published_time":"2025-03-07T20:30:00+00:00","og_image":[{"width":1280,"height":720,"url":"https:\/\/www.correiobraziliense.com.br\/cbradar\/wp-content\/uploads\/2025\/03\/camada-de-ozonio_1741287735621.jpg","type":"image\/jpeg"}],"author":"Larissa Carvalho","twitter_card":"summary_large_image","twitter_misc":{"Escrito por":"Larissa Carvalho","Est. tempo de leitura":"4 minutos"},"schema":{"@context":"https:\/\/schema.org","@graph":[{"@type":"WebPage","@id":"https:\/\/www.correiobraziliense.com.br\/cbradar\/buraco-na-camada-de-ozonio-diminui-na-antartida-entenda\/","url":"https:\/\/www.correiobraziliense.com.br\/cbradar\/buraco-na-camada-de-ozonio-diminui-na-antartida-entenda\/","name":"Buraco na camada de oz\u00f4nio diminui na Ant\u00e1rtida, entenda","isPartOf":{"@id":"https:\/\/www.correiobraziliense.com.br\/cbradar\/#website"},"primaryImageOfPage":{"@id":"https:\/\/www.correiobraziliense.com.br\/cbradar\/buraco-na-camada-de-ozonio-diminui-na-antartida-entenda\/#primaryimage"},"image":{"@id":"https:\/\/www.correiobraziliense.com.br\/cbradar\/buraco-na-camada-de-ozonio-diminui-na-antartida-entenda\/#primaryimage"},"thumbnailUrl":"https:\/\/www.correiobraziliense.com.br\/cbradar\/wp-content\/uploads\/2025\/03\/camada-de-ozonio_1741287735621.jpg","datePublished":"2025-03-07T20:30:00+00:00","author":{"@id":"https:\/\/www.correiobraziliense.com.br\/cbradar\/#\/schema\/person\/58422787644df994b53a19d3e56c1513"},"description":"A recupera\u00e7\u00e3o da camada de oz\u00f4nio \u00e9 um exemplo de sucesso em esfor\u00e7os ambientais globais coordenados.","breadcrumb":{"@id":"https:\/\/www.correiobraziliense.com.br\/cbradar\/buraco-na-camada-de-ozonio-diminui-na-antartida-entenda\/#breadcrumb"},"inLanguage":"pt-BR","potentialAction":[{"@type":"ReadAction","target":["https:\/\/www.correiobraziliense.com.br\/cbradar\/buraco-na-camada-de-ozonio-diminui-na-antartida-entenda\/"]}]},{"@type":"ImageObject","inLanguage":"pt-BR","@id":"https:\/\/www.correiobraziliense.com.br\/cbradar\/buraco-na-camada-de-ozonio-diminui-na-antartida-entenda\/#primaryimage","url":"https:\/\/www.correiobraziliense.com.br\/cbradar\/wp-content\/uploads\/2025\/03\/camada-de-ozonio_1741287735621.jpg","contentUrl":"https:\/\/www.correiobraziliense.com.br\/cbradar\/wp-content\/uploads\/2025\/03\/camada-de-ozonio_1741287735621.jpg","width":1280,"height":720,"caption":"camada de oz\u00f4nio. Cr\u00e9ditos: depositphotos.com \/ studio023"},{"@type":"BreadcrumbList","@id":"https:\/\/www.correiobraziliense.com.br\/cbradar\/buraco-na-camada-de-ozonio-diminui-na-antartida-entenda\/#breadcrumb","itemListElement":[{"@type":"ListItem","position":1,"name":"In\u00edcio","item":"https:\/\/www.correiobraziliense.com.br\/cbradar\/"},{"@type":"ListItem","position":2,"name":"Buraco na camada de oz\u00f4nio diminui na Ant\u00e1rtida, entenda"}]},{"@type":"WebSite","@id":"https:\/\/www.correiobraziliense.com.br\/cbradar\/#website","url":"https:\/\/www.correiobraziliense.com.br\/cbradar\/","name":"Correio Braziliense - Radar","description":"Acompanhe as \u00faltimas not\u00edcias e fique bem informado sobre tudo o que acontece no Brasil e no mundo.","potentialAction":[{"@type":"SearchAction","target":{"@type":"EntryPoint","urlTemplate":"https:\/\/www.correiobraziliense.com.br\/cbradar\/?s={search_term_string}"},"query-input":{"@type":"PropertyValueSpecification","valueRequired":true,"valueName":"search_term_string"}}],"inLanguage":"pt-BR"},{"@type":"Person","@id":"https:\/\/www.correiobraziliense.com.br\/cbradar\/#\/schema\/person\/58422787644df994b53a19d3e56c1513","name":"Larissa Carvalho","image":{"@type":"ImageObject","inLanguage":"pt-BR","@id":"https:\/\/www.correiobraziliense.com.br\/cbradar\/#\/schema\/person\/image\/","url":"https:\/\/secure.gravatar.com\/avatar\/fe4f91a0de32b52a838d0d612abdc1aa?s=96&d=mm&r=g","contentUrl":"https:\/\/secure.gravatar.com\/avatar\/fe4f91a0de32b52a838d0d612abdc1aa?s=96&d=mm&r=g","caption":"Larissa Carvalho"},"url":"https:\/\/www.correiobraziliense.com.br\/cbradar\/author\/larissamyth\/"}]}},"_links":{"self":[{"href":"https:\/\/www.correiobraziliense.com.br\/cbradar\/wp-json\/wp\/v2\/posts\/9684","targetHints":{"allow":["GET"]}}],"collection":[{"href":"https:\/\/www.correiobraziliense.com.br\/cbradar\/wp-json\/wp\/v2\/posts"}],"about":[{"href":"https:\/\/www.correiobraziliense.com.br\/cbradar\/wp-json\/wp\/v2\/types\/post"}],"author":[{"embeddable":true,"href":"https:\/\/www.correiobraziliense.com.br\/cbradar\/wp-json\/wp\/v2\/users\/3"}],"replies":[{"embeddable":true,"href":"https:\/\/www.correiobraziliense.com.br\/cbradar\/wp-json\/wp\/v2\/comments?post=9684"}],"version-history":[{"count":1,"href":"https:\/\/www.correiobraziliense.com.br\/cbradar\/wp-json\/wp\/v2\/posts\/9684\/revisions"}],"predecessor-version":[{"id":9696,"href":"https:\/\/www.correiobraziliense.com.br\/cbradar\/wp-json\/wp\/v2\/posts\/9684\/revisions\/9696"}],"wp:featuredmedia":[{"embeddable":true,"href":"https:\/\/www.correiobraziliense.com.br\/cbradar\/wp-json\/wp\/v2\/media\/9694"}],"wp:attachment":[{"href":"https:\/\/www.correiobraziliense.com.br\/cbradar\/wp-json\/wp\/v2\/media?parent=9684"}],"wp:term":[{"taxonomy":"category","embeddable":true,"href":"https:\/\/www.correiobraziliense.com.br\/cbradar\/wp-json\/wp\/v2\/categories?post=9684"},{"taxonomy":"post_tag","embeddable":true,"href":"https:\/\/www.correiobraziliense.com.br\/cbradar\/wp-json\/wp\/v2\/post_tag?post=9684"}],"curies":[{"name":"wp","href":"https:\/\/api.w.org\/{rel}","templated":true}]}}