{"id":97171,"date":"2025-09-03T12:43:00","date_gmt":"2025-09-03T15:43:00","guid":{"rendered":"https:\/\/www.correiobraziliense.com.br\/cbradar\/?p=97171"},"modified":"2025-09-02T08:18:51","modified_gmt":"2025-09-02T11:18:51","slug":"acordar-e-tomar-agua-com-limao-pode-mudar-algo-no-seu-corpo","status":"publish","type":"post","link":"https:\/\/www.correiobraziliense.com.br\/cbradar\/acordar-e-tomar-agua-com-limao-pode-mudar-algo-no-seu-corpo\/","title":{"rendered":"Acordar e tomar \u00e1gua com lim\u00e3o pode mudar algo no seu corpo?"},"content":{"rendered":"\n<p>O ritual de iniciar o dia com um copo de \u00e1gua morna com lim\u00e3o tornou-se um dos h\u00e1bitos mais difundidos no universo do bem-estar, frequentemente promovido como uma panaceia para a sa\u00fade. \u00c9 crucial e inegoci\u00e1vel abordar este tema com uma perspectiva cient\u00edfica: <strong>embora a pr\u00e1tica possa ser parte de uma rotina matinal saud\u00e1vel, a grande maioria das alega\u00e7\u00f5es extraordin\u00e1rias associadas a ela carece de comprova\u00e7\u00e3o cient\u00edfica robusta.<\/strong><\/p>\n\n\n\n<p>Este artigo ir\u00e1 explorar, de forma segura e baseada em evid\u00eancias, o que realmente acontece no corpo ao consumir esta bebida, separando os benef\u00edcios modestos e reais dos mitos populares, e destacando os cuidados indispens\u00e1veis para a sua sa\u00fade.<\/p>\n\n\n\n<h2 class=\"wp-block-heading\">Qual o benef\u00edcio mais importante e comprovado desta pr\u00e1tica?<\/h2>\n\n\n<div class=\"wp-block-image\">\n<figure class=\"aligncenter size-large\"><img decoding=\"async\" width=\"1024\" height=\"576\" src=\"https:\/\/www.correiobraziliense.com.br\/cbradar\/wp-content\/uploads\/2025\/07\/agua-com-limao_1752506486655-1024x576.jpg\" alt=\"Acordar e tomar \u00e1gua com lim\u00e3o pode mudar algo no seu corpo?\" class=\"wp-image-69727\" srcset=\"https:\/\/www.correiobraziliense.com.br\/cbradar\/wp-content\/uploads\/2025\/07\/agua-com-limao_1752506486655-1024x576.jpg 1024w, https:\/\/www.correiobraziliense.com.br\/cbradar\/wp-content\/uploads\/2025\/07\/agua-com-limao_1752506486655-300x169.jpg 300w, https:\/\/www.correiobraziliense.com.br\/cbradar\/wp-content\/uploads\/2025\/07\/agua-com-limao_1752506486655-768x432.jpg 768w, https:\/\/www.correiobraziliense.com.br\/cbradar\/wp-content\/uploads\/2025\/07\/agua-com-limao_1752506486655-750x422.jpg 750w, https:\/\/www.correiobraziliense.com.br\/cbradar\/wp-content\/uploads\/2025\/07\/agua-com-limao_1752506486655-1140x641.jpg 1140w, https:\/\/www.correiobraziliense.com.br\/cbradar\/wp-content\/uploads\/2025\/07\/agua-com-limao_1752506486655.jpg 1280w\" sizes=\"(max-width: 1024px) 100vw, 1024px\" \/><figcaption class=\"wp-element-caption\">\u00c1gua com lim\u00e3o &#8211; Cr\u00e9ditos: depositphotos.com \/ bondarillia<\/figcaption><\/figure><\/div>\n\n\n<p>O benef\u00edcio mais significativo e inquestion\u00e1vel de beber \u00e1gua com lim\u00e3o ao acordar \u00e9 a <strong>hidrata\u00e7\u00e3o<\/strong>. Ap\u00f3s uma noite de sono, o corpo est\u00e1 naturalmente em um estado de leve desidrata\u00e7\u00e3o. Iniciar o dia repondo os fluidos \u00e9 fundamental para todas as fun\u00e7\u00f5es do organismo, desde o metabolismo celular at\u00e9 a fun\u00e7\u00e3o cerebral e a digest\u00e3o.<\/p>\n\n\n\n<p>A \u00e1gua, por si s\u00f3, j\u00e1 \u00e9 a protagonista. A adi\u00e7\u00e3o do lim\u00e3o pode tornar o h\u00e1bito mais agrad\u00e1vel e palat\u00e1vel para algumas pessoas, incentivando-as a beber mais \u00e1gua. Portanto, o principal ganho vem do ato de se hidratar de forma consciente logo pela manh\u00e3, e n\u00e3o de alguma propriedade m\u00e1gica da combina\u00e7\u00e3o.<\/p>\n\n\n\n<h2 class=\"wp-block-heading\">O mito da &#8220;\u00e1gua alcalina&#8221;: a bebida pode realmente mudar o pH do corpo?<\/h2>\n\n\n\n<p>Este \u00e9 um dos mitos mais persistentes e cientificamente infundados. A ideia de que a \u00e1gua com lim\u00e3o, apesar de \u00e1cida, tem um &#8220;efeito alcalinizante&#8221; no corpo e pode alterar o pH do sangue \u00e9 baseada em uma m\u00e1 interpreta\u00e7\u00e3o da fisiologia. O pH do nosso sangue \u00e9 rigorosamente controlado por um sistema complexo que envolve os rins e os pulm\u00f5es, mantendo-se em uma faixa muito estreita e ligeiramente alcalina. <strong>Nenhum alimento ou bebida pode alterar de forma significativa o pH do sangue.<\/strong><\/p>\n\n\n\n<p>Da mesma forma, a alega\u00e7\u00e3o de &#8220;desintoxica\u00e7\u00e3o&#8221; do f\u00edgado \u00e9 um mito. O f\u00edgado \u00e9 um \u00f3rg\u00e3o autolimpante e o principal sistema de desintoxica\u00e7\u00e3o do corpo. Ele n\u00e3o precisa de uma bebida espec\u00edfica para ser &#8220;limpo&#8221;. A melhor maneira de apoiar a sa\u00fade do f\u00edgado \u00e9 atrav\u00e9s da hidrata\u00e7\u00e3o adequada com \u00e1gua pura e de um estilo de vida saud\u00e1vel.<\/p>\n\n\n\n<h2 class=\"wp-block-heading\">Quais s\u00e3o os benef\u00edcios nutricionais modestos que o lim\u00e3o adiciona?<\/h2>\n\n\n\n<p>Embora n\u00e3o seja uma solu\u00e7\u00e3o milagrosa, a adi\u00e7\u00e3o de suco de lim\u00e3o \u00e0 \u00e1gua oferece alguns benef\u00edcios nutricionais reais, ainda que modestos.<\/p>\n\n\n\n<h3 class=\"wp-block-heading\">Fornecimento de vitamina C<\/h3>\n\n\n\n<p>O lim\u00e3o \u00e9 uma boa fonte de <strong>vitamina C<\/strong>, um poderoso antioxidante importante para a fun\u00e7\u00e3o do sistema imunol\u00f3gico e para a s\u00edntese de col\u00e1geno, essencial para a sa\u00fade da pele.<\/p>\n\n\n\n<h3 class=\"wp-block-heading\">Fonte de flavonoides<\/h3>\n\n\n\n<p>Frutas c\u00edtricas como o lim\u00e3o cont\u00eam flavonoides, que s\u00e3o compostos vegetais com propriedades antioxidantes e anti-inflamat\u00f3rias, ben\u00e9ficas para a sa\u00fade geral.<\/p>\n\n\n\n<h3 class=\"wp-block-heading\">Potencial aux\u00edlio na preven\u00e7\u00e3o de c\u00e1lculos renais<\/h3>\n\n\n\n<p>O lim\u00e3o \u00e9 rico em <strong>citrato<\/strong>. Conforme aponta a <strong><a target=\"_blank\" rel=\"noreferrer noopener\" href=\"https:\/\/www.kidney.org\/atoz\/content\/kidneystones_prevent\">National Kidney Foundation<\/a><\/strong>, o citrato pode ajudar a prevenir a forma\u00e7\u00e3o de certos tipos de c\u00e1lculos renais (pedras de oxalato de c\u00e1lcio) ao se ligar ao c\u00e1lcio na urina.<\/p>\n\n\n\n<h3 class=\"wp-block-heading\">Melhora na absor\u00e7\u00e3o de ferro<\/h3>\n\n\n\n<p>A vitamina C presente no lim\u00e3o pode ajudar a melhorar a absor\u00e7\u00e3o do ferro de fontes vegetais (ferro n\u00e3o-heme) consumidos no caf\u00e9 da manh\u00e3.<\/p>\n\n\n\n<p>Leia tamb\u00e9m: <a href=\"https:\/\/www.correiobraziliense.com.br\/cbradar\/o-efeito-de-tomar-cha-de-hibisco-todos-os-dias-na-pressao-arterial\" target=\"_blank\" rel=\"noreferrer noopener\">O efeito de tomar ch\u00e1 de hibisco todos os dias na press\u00e3o arterial<\/a><\/p>\n\n\n\n<h2 class=\"wp-block-heading\">A \u00e1gua com lim\u00e3o pode ajudar a emagrecer?<\/h2>\n\n\n\n<p>N\u00e3o diretamente. N\u00e3o h\u00e1 evid\u00eancias cient\u00edficas de que a \u00e1gua com lim\u00e3o, por si s\u00f3, &#8220;acelere o metabolismo&#8221; ou &#8220;derreta gordura&#8221;. O benef\u00edcio para o emagrecimento \u00e9 indireto e comportamental.<\/p>\n\n\n\n<p>Ao substituir uma bebida matinal cal\u00f3rica (como um caf\u00e9 com a\u00e7\u00facar ou um suco industrializado) pela \u00e1gua com lim\u00e3o (que tem praticamente zero calorias), voc\u00ea est\u00e1 reduzindo sua ingest\u00e3o cal\u00f3rica total. Al\u00e9m disso, a hidrata\u00e7\u00e3o adequada pode aumentar a sensa\u00e7\u00e3o de saciedade, o que pode levar a um menor consumo de alimentos na primeira refei\u00e7\u00e3o do dia.<\/p>\n\n\n\n<p>Leia tamb\u00e9m: <a href=\"https:\/\/www.correiobraziliense.com.br\/cbradar\/cinco-alimentos-que-favorecem-a-desintoxicacao-natural-do-figado\" target=\"_blank\" rel=\"noreferrer noopener\">Cinco alimentos que favorecem a\u00a0desintoxica\u00e7\u00e3o natural\u00a0do f\u00edgado<\/a><\/p>\n\n\n\n<h2 class=\"wp-block-heading\">Existem riscos ao consumir \u00e1gua com lim\u00e3o todos os dias?<\/h2>\n\n\n\n<p>Sim, e eles s\u00e3o muito importantes. &#8220;Natural&#8221; n\u00e3o significa in\u00f3cuo.<\/p>\n\n\n\n<p>O principal risco do consumo di\u00e1rio de \u00e1gua com lim\u00e3o \u00e9 a <strong>eros\u00e3o do esmalte dent\u00e1rio<\/strong>. O \u00e1cido c\u00edtrico do lim\u00e3o \u00e9 altamente corrosivo para os dentes. Conforme alerta a <strong><a target=\"_blank\" rel=\"noreferrer noopener\" href=\"https:\/\/www.google.com\/search?q=https:\/\/www.ada.org\/resources\/research\/science-and-research-institute\/oral-health-topics\/erosion\">American Dental Association (ADA)<\/a><\/strong>, a exposi\u00e7\u00e3o frequente a bebidas \u00e1cidas pode levar a danos dent\u00e1rios permanentes. Para minimizar o risco, recomenda-se beber com um canudo e enxaguar a boca com \u00e1gua pura logo ap\u00f3s o consumo.<\/p>\n\n\n\n<p>Al\u00e9m disso, para pessoas que sofrem de <strong>azia, refluxo gastroesof\u00e1gico ou gastrite<\/strong>, a acidez do lim\u00e3o pode agravar os sintomas e a irrita\u00e7\u00e3o no est\u00f4mago e no es\u00f4fago. A consulta com um <strong>m\u00e9dico<\/strong> ou <strong>nutricionista<\/strong> \u00e9 fundamental antes de adotar qualquer h\u00e1bito di\u00e1rio com fins terap\u00eauticos, para garantir que ele seja seguro e apropriado para a sua condi\u00e7\u00e3o de sa\u00fade.<\/p>\n","protected":false},"excerpt":{"rendered":"<p>O ritual de iniciar o dia com um copo de \u00e1gua morna com lim\u00e3o tornou-se um dos h\u00e1bitos mais difundidos no universo do bem-estar, frequentemente promovido como uma panaceia para a sa\u00fade. \u00c9 crucial e inegoci\u00e1vel abordar este tema com uma perspectiva cient\u00edfica: embora a pr\u00e1tica possa ser parte de uma rotina matinal saud\u00e1vel, a [&hellip;]<\/p>\n","protected":false},"author":11,"featured_media":85917,"comment_status":"open","ping_status":"open","sticky":false,"template":"","format":"standard","meta":{"_yoast_wpseo_focuskw":"agua","_yoast_wpseo_title":"","_yoast_wpseo_metadesc":"Beber \u00e1gua com lim\u00e3o ao acordar pode hidratar, estimular a digest\u00e3o, favorecer a absor\u00e7\u00e3o de nutrientes e dar sensa\u00e7\u00e3o de energia logo cedo.","jnews-multi-image_gallery":[],"jnews_single_post":{"format":"standard"},"jnews_primary_category":[],"jnews_social_meta":[],"jnews_override_counter":[],"footnotes":""},"categories":[119],"tags":[1167,841,1318],"class_list":["post-97171","post","type-post","status-publish","format-standard","has-post-thumbnail","hentry","category-bem-estar","tag-agua","tag-limao","tag-saude-2"],"yoast_head":"<!-- This site is optimized with the Yoast SEO plugin v24.6 - https:\/\/yoast.com\/wordpress\/plugins\/seo\/ -->\n<title>Acordar e tomar \u00e1gua com lim\u00e3o pode mudar algo no seu corpo? - Correio Braziliense - Radar<\/title>\n<meta name=\"description\" content=\"Beber \u00e1gua com lim\u00e3o ao acordar pode hidratar, estimular a digest\u00e3o, favorecer a absor\u00e7\u00e3o de nutrientes e dar sensa\u00e7\u00e3o de energia logo cedo.\" \/>\n<meta name=\"robots\" content=\"index, follow, max-snippet:-1, max-image-preview:large, max-video-preview:-1\" \/>\n<link rel=\"canonical\" href=\"https:\/\/www.correiobraziliense.com.br\/cbradar\/acordar-e-tomar-agua-com-limao-pode-mudar-algo-no-seu-corpo\/\" \/>\n<meta property=\"og:locale\" content=\"pt_BR\" \/>\n<meta property=\"og:type\" content=\"article\" \/>\n<meta property=\"og:title\" content=\"Acordar e tomar \u00e1gua com lim\u00e3o pode mudar algo no seu corpo? - Correio Braziliense - Radar\" \/>\n<meta property=\"og:description\" content=\"Beber \u00e1gua com lim\u00e3o ao acordar pode hidratar, estimular a digest\u00e3o, favorecer a absor\u00e7\u00e3o de nutrientes e dar sensa\u00e7\u00e3o de energia logo cedo.\" \/>\n<meta property=\"og:url\" content=\"https:\/\/www.correiobraziliense.com.br\/cbradar\/acordar-e-tomar-agua-com-limao-pode-mudar-algo-no-seu-corpo\/\" \/>\n<meta property=\"og:site_name\" content=\"Correio Braziliense - Radar\" \/>\n<meta property=\"article:published_time\" content=\"2025-09-03T15:43:00+00:00\" \/>\n<meta property=\"og:image\" content=\"https:\/\/www.correiobraziliense.com.br\/cbradar\/wp-content\/uploads\/2025\/08\/refrigerante_1755086182261.jpg\" \/>\n\t<meta property=\"og:image:width\" content=\"1280\" \/>\n\t<meta property=\"og:image:height\" content=\"720\" \/>\n\t<meta property=\"og:image:type\" content=\"image\/jpeg\" \/>\n<meta name=\"author\" content=\"Paulo Custodio\" \/>\n<meta name=\"twitter:card\" content=\"summary_large_image\" \/>\n<meta name=\"twitter:label1\" content=\"Escrito por\" \/>\n\t<meta name=\"twitter:data1\" content=\"Paulo Custodio\" \/>\n\t<meta name=\"twitter:label2\" content=\"Est. tempo de leitura\" \/>\n\t<meta name=\"twitter:data2\" content=\"5 minutos\" \/>\n<!-- \/ Yoast SEO plugin. -->","yoast_head_json":{"title":"Acordar e tomar \u00e1gua com lim\u00e3o pode mudar algo no seu corpo? - Correio Braziliense - Radar","description":"Beber \u00e1gua com lim\u00e3o ao acordar pode hidratar, estimular a digest\u00e3o, favorecer a absor\u00e7\u00e3o de nutrientes e dar sensa\u00e7\u00e3o de energia logo cedo.","robots":{"index":"index","follow":"follow","max-snippet":"max-snippet:-1","max-image-preview":"max-image-preview:large","max-video-preview":"max-video-preview:-1"},"canonical":"https:\/\/www.correiobraziliense.com.br\/cbradar\/acordar-e-tomar-agua-com-limao-pode-mudar-algo-no-seu-corpo\/","og_locale":"pt_BR","og_type":"article","og_title":"Acordar e tomar \u00e1gua com lim\u00e3o pode mudar algo no seu corpo? - Correio Braziliense - Radar","og_description":"Beber \u00e1gua com lim\u00e3o ao acordar pode hidratar, estimular a digest\u00e3o, favorecer a absor\u00e7\u00e3o de nutrientes e dar sensa\u00e7\u00e3o de energia logo cedo.","og_url":"https:\/\/www.correiobraziliense.com.br\/cbradar\/acordar-e-tomar-agua-com-limao-pode-mudar-algo-no-seu-corpo\/","og_site_name":"Correio Braziliense - Radar","article_published_time":"2025-09-03T15:43:00+00:00","og_image":[{"width":1280,"height":720,"url":"https:\/\/www.correiobraziliense.com.br\/cbradar\/wp-content\/uploads\/2025\/08\/refrigerante_1755086182261.jpg","type":"image\/jpeg"}],"author":"Paulo Custodio","twitter_card":"summary_large_image","twitter_misc":{"Escrito por":"Paulo Custodio","Est. tempo de leitura":"5 minutos"},"schema":{"@context":"https:\/\/schema.org","@graph":[{"@type":"WebPage","@id":"https:\/\/www.correiobraziliense.com.br\/cbradar\/acordar-e-tomar-agua-com-limao-pode-mudar-algo-no-seu-corpo\/","url":"https:\/\/www.correiobraziliense.com.br\/cbradar\/acordar-e-tomar-agua-com-limao-pode-mudar-algo-no-seu-corpo\/","name":"Acordar e tomar \u00e1gua com lim\u00e3o pode mudar algo no seu corpo? - Correio Braziliense - Radar","isPartOf":{"@id":"https:\/\/www.correiobraziliense.com.br\/cbradar\/#website"},"primaryImageOfPage":{"@id":"https:\/\/www.correiobraziliense.com.br\/cbradar\/acordar-e-tomar-agua-com-limao-pode-mudar-algo-no-seu-corpo\/#primaryimage"},"image":{"@id":"https:\/\/www.correiobraziliense.com.br\/cbradar\/acordar-e-tomar-agua-com-limao-pode-mudar-algo-no-seu-corpo\/#primaryimage"},"thumbnailUrl":"https:\/\/www.correiobraziliense.com.br\/cbradar\/wp-content\/uploads\/2025\/08\/refrigerante_1755086182261.jpg","datePublished":"2025-09-03T15:43:00+00:00","author":{"@id":"https:\/\/www.correiobraziliense.com.br\/cbradar\/#\/schema\/person\/4cec7857301a9a1a2ef249893cd908d3"},"description":"Beber \u00e1gua com lim\u00e3o ao acordar pode hidratar, estimular a digest\u00e3o, favorecer a absor\u00e7\u00e3o de nutrientes e dar sensa\u00e7\u00e3o de energia logo cedo.","breadcrumb":{"@id":"https:\/\/www.correiobraziliense.com.br\/cbradar\/acordar-e-tomar-agua-com-limao-pode-mudar-algo-no-seu-corpo\/#breadcrumb"},"inLanguage":"pt-BR","potentialAction":[{"@type":"ReadAction","target":["https:\/\/www.correiobraziliense.com.br\/cbradar\/acordar-e-tomar-agua-com-limao-pode-mudar-algo-no-seu-corpo\/"]}]},{"@type":"ImageObject","inLanguage":"pt-BR","@id":"https:\/\/www.correiobraziliense.com.br\/cbradar\/acordar-e-tomar-agua-com-limao-pode-mudar-algo-no-seu-corpo\/#primaryimage","url":"https:\/\/www.correiobraziliense.com.br\/cbradar\/wp-content\/uploads\/2025\/08\/refrigerante_1755086182261.jpg","contentUrl":"https:\/\/www.correiobraziliense.com.br\/cbradar\/wp-content\/uploads\/2025\/08\/refrigerante_1755086182261.jpg","width":1280,"height":720,"caption":"Copo de \u00e1gua com lim\u00e3o - Cr\u00e9ditos: depositphotos.com \/ VadimVasenin"},{"@type":"BreadcrumbList","@id":"https:\/\/www.correiobraziliense.com.br\/cbradar\/acordar-e-tomar-agua-com-limao-pode-mudar-algo-no-seu-corpo\/#breadcrumb","itemListElement":[{"@type":"ListItem","position":1,"name":"In\u00edcio","item":"https:\/\/www.correiobraziliense.com.br\/cbradar\/"},{"@type":"ListItem","position":2,"name":"Acordar e tomar \u00e1gua com lim\u00e3o pode mudar algo no seu corpo?"}]},{"@type":"WebSite","@id":"https:\/\/www.correiobraziliense.com.br\/cbradar\/#website","url":"https:\/\/www.correiobraziliense.com.br\/cbradar\/","name":"Correio Braziliense - Radar","description":"Acompanhe as \u00faltimas not\u00edcias e fique bem informado sobre tudo o que acontece no Brasil e no mundo.","potentialAction":[{"@type":"SearchAction","target":{"@type":"EntryPoint","urlTemplate":"https:\/\/www.correiobraziliense.com.br\/cbradar\/?s={search_term_string}"},"query-input":{"@type":"PropertyValueSpecification","valueRequired":true,"valueName":"search_term_string"}}],"inLanguage":"pt-BR"},{"@type":"Person","@id":"https:\/\/www.correiobraziliense.com.br\/cbradar\/#\/schema\/person\/4cec7857301a9a1a2ef249893cd908d3","name":"Paulo Custodio","image":{"@type":"ImageObject","inLanguage":"pt-BR","@id":"https:\/\/www.correiobraziliense.com.br\/cbradar\/#\/schema\/person\/image\/","url":"https:\/\/secure.gravatar.com\/avatar\/bcd67168d1534e8fcf4f45c726a87cea?s=96&d=mm&r=g","contentUrl":"https:\/\/secure.gravatar.com\/avatar\/bcd67168d1534e8fcf4f45c726a87cea?s=96&d=mm&r=g","caption":"Paulo Custodio"},"sameAs":["https:\/\/www.correiobraziliense.com.br\/cbradar"],"url":"https:\/\/www.correiobraziliense.com.br\/cbradar\/author\/paulomyth\/"}]}},"_links":{"self":[{"href":"https:\/\/www.correiobraziliense.com.br\/cbradar\/wp-json\/wp\/v2\/posts\/97171","targetHints":{"allow":["GET"]}}],"collection":[{"href":"https:\/\/www.correiobraziliense.com.br\/cbradar\/wp-json\/wp\/v2\/posts"}],"about":[{"href":"https:\/\/www.correiobraziliense.com.br\/cbradar\/wp-json\/wp\/v2\/types\/post"}],"author":[{"embeddable":true,"href":"https:\/\/www.correiobraziliense.com.br\/cbradar\/wp-json\/wp\/v2\/users\/11"}],"replies":[{"embeddable":true,"href":"https:\/\/www.correiobraziliense.com.br\/cbradar\/wp-json\/wp\/v2\/comments?post=97171"}],"version-history":[{"count":1,"href":"https:\/\/www.correiobraziliense.com.br\/cbradar\/wp-json\/wp\/v2\/posts\/97171\/revisions"}],"predecessor-version":[{"id":97172,"href":"https:\/\/www.correiobraziliense.com.br\/cbradar\/wp-json\/wp\/v2\/posts\/97171\/revisions\/97172"}],"wp:featuredmedia":[{"embeddable":true,"href":"https:\/\/www.correiobraziliense.com.br\/cbradar\/wp-json\/wp\/v2\/media\/85917"}],"wp:attachment":[{"href":"https:\/\/www.correiobraziliense.com.br\/cbradar\/wp-json\/wp\/v2\/media?parent=97171"}],"wp:term":[{"taxonomy":"category","embeddable":true,"href":"https:\/\/www.correiobraziliense.com.br\/cbradar\/wp-json\/wp\/v2\/categories?post=97171"},{"taxonomy":"post_tag","embeddable":true,"href":"https:\/\/www.correiobraziliense.com.br\/cbradar\/wp-json\/wp\/v2\/tags?post=97171"}],"curies":[{"name":"wp","href":"https:\/\/api.w.org\/{rel}","templated":true}]}}