{"id":97769,"date":"2025-09-03T08:45:00","date_gmt":"2025-09-03T11:45:00","guid":{"rendered":"https:\/\/www.correiobraziliense.com.br\/cbradar\/?p=97769"},"modified":"2025-09-03T08:38:34","modified_gmt":"2025-09-03T11:38:34","slug":"15-tracos-de-personalidade-que-tornam-alguem-atraente-para-todos","status":"publish","type":"post","link":"https:\/\/www.correiobraziliense.com.br\/cbradar\/15-tracos-de-personalidade-que-tornam-alguem-atraente-para-todos\/","title":{"rendered":"15 tra\u00e7os de personalidade que tornam algu\u00e9m atraente para todos"},"content":{"rendered":"\n<p>Voc\u00ea j\u00e1 se perguntou o que torna algu\u00e9m universalmente atraente? Spoiler: n\u00e3o se trata apenas de apar\u00eancia. <strong>Tra\u00e7os de personalidade<\/strong> s\u00e3o um poderoso magnetismo que pode atrair as pessoas, e incorporar certas caracter\u00edsticas pode te tornar cativante para todos.<\/p>\n\n\n\n<ul class=\"wp-block-list\">\n<li>Como a <strong>curiosidade<\/strong> pode melhorar suas conex\u00f5es.<\/li>\n\n\n\n<li>O papel da <strong>empatia<\/strong> nas rela\u00e7\u00f5es significativas.<\/li>\n\n\n\n<li>Por que um <strong>senso de humor<\/strong> apurado aumenta sua atratividade.<\/li>\n<\/ul>\n\n\n\n<h2 class=\"wp-block-heading\">Curiosidade e atra\u00e7\u00e3o: uma conex\u00e3o surpreendente?<\/h2>\n\n\n\n<p>Ter genu\u00edno <strong>interesse por outros<\/strong> faz de voc\u00ea uma pessoa magn\u00e9tica para conversas significativas. As pessoas apreciam quando voc\u00ea escuta ativamente e faz perguntas reflexivas. Segundo o psic\u00f3logo Dr. Todd Kashdan, a curiosidade \u00e9 fundamental nas rela\u00e7\u00f5es enriquecedoras. Al\u00e9m disso, pessoas curiosas tendem a desenvolver uma comunica\u00e7\u00e3o mais emp\u00e1tica, criando pontes para amizades e relacionamentos duradouros.<\/p>\n\n\n\n<h2 class=\"wp-block-heading\">Por que empatia \u00e9 importante?<\/h2>\n\n\n\n<p>A <strong>empatia<\/strong> \u00e9 a capacidade de compreender e compartilhar sentimentos alheios. Pessoas emp\u00e1ticas criam liga\u00e7\u00f5es profundas e fazem com que os outros se sintam vistos e compreendidos. Esse tra\u00e7o atrai companheirismo e confian\u00e7a, fortalecendo la\u00e7os interpessoais. Estudos mostram que a empatia tamb\u00e9m contribui para ambientes colaborativos e para a resolu\u00e7\u00e3o de conflitos.<\/p>\n\n\n\n<h2 class=\"wp-block-heading\">Humor: um lubrificante social natural<\/h2>\n\n\n\n<p>Um bom <strong>senso de humor<\/strong> pode elevar sua atra\u00e7\u00e3o a outro n\u00edvel. O humor ajuda a quebrar o gelo, tornando intera\u00e7\u00f5es mais leves e animadas. Dr. Peter McGraw afirma que o humor facilita intera\u00e7\u00f5es sociais, tornando-as mais prazerosas. Pessoas bem-humoradas s\u00e3o vistas como mais acess\u00edveis, o que naturalmente faz com que atraiam mais amizades e parceiros.<\/p>\n\n\n\n<figure class=\"wp-block-image size-large\"><img decoding=\"async\" width=\"1024\" height=\"576\" src=\"https:\/\/www.correiobraziliense.com.br\/cbradar\/wp-content\/uploads\/2025\/09\/pessoas-conversando_1756899450767-1024x576.jpg\" alt=\"15 tra\u00e7os de personalidade que tornam algu\u00e9m atraente para todos\" class=\"wp-image-97772\" srcset=\"https:\/\/www.correiobraziliense.com.br\/cbradar\/wp-content\/uploads\/2025\/09\/pessoas-conversando_1756899450767-1024x576.jpg 1024w, https:\/\/www.correiobraziliense.com.br\/cbradar\/wp-content\/uploads\/2025\/09\/pessoas-conversando_1756899450767-300x169.jpg 300w, https:\/\/www.correiobraziliense.com.br\/cbradar\/wp-content\/uploads\/2025\/09\/pessoas-conversando_1756899450767-768x432.jpg 768w, https:\/\/www.correiobraziliense.com.br\/cbradar\/wp-content\/uploads\/2025\/09\/pessoas-conversando_1756899450767-750x422.jpg 750w, https:\/\/www.correiobraziliense.com.br\/cbradar\/wp-content\/uploads\/2025\/09\/pessoas-conversando_1756899450767-1140x641.jpg 1140w, https:\/\/www.correiobraziliense.com.br\/cbradar\/wp-content\/uploads\/2025\/09\/pessoas-conversando_1756899450767.jpg 1280w\" sizes=\"(max-width: 1024px) 100vw, 1024px\" \/><figcaption class=\"wp-element-caption\">pessoas conversando. Cr\u00e9ditos: depositphotos.com \/ AndrewLozovyi<\/figcaption><\/figure>\n\n\n\n<h2 class=\"wp-block-heading\">Confian\u00e7a: como encontrar o equil\u00edbrio?<\/h2>\n\n\n\n<p>A <strong>confian\u00e7a<\/strong> \u00e9 atraente, mas o equil\u00edbrio entre auto-confian\u00e7a e humildade \u00e9 que realmente atrai pessoas. Confian\u00e7a sinaliza que voc\u00ea est\u00e1 confort\u00e1vel consigo mesmo, enquanto a humildade mostra abertura para aprendizado e crescimento. Encontrar esse equil\u00edbrio \u00e9 essencial para n\u00e3o cair na arrog\u00e2ncia, mantendo rela\u00e7\u00f5es saud\u00e1veis.<\/p>\n\n\n\n<h2 class=\"wp-block-heading\">Generosidade: mais que dar, conectar<\/h2>\n\n\n\n<p><strong>Generosidade<\/strong> transcende doa\u00e7\u00f5es financeiras; envolve oferecer seu tempo, aten\u00e7\u00e3o e apoio. Atos de generosidade criam la\u00e7os sociais fortes e uma atmosfera de valoriza\u00e7\u00e3o e cuidado m\u00fatuo. Esse tra\u00e7o tamb\u00e9m contribui para uma imagem mais positiva perante a sociedade e no ciclo de amizades.<\/p>\n\n\n\n<h2 class=\"wp-block-heading\">Abertura para novas ideias<\/h2>\n\n\n\n<p>A <strong>mente aberta<\/strong> \u00e9 um convite para ideias flu\u00edrem livremente. Valorizar diferentes perspectivas cria um di\u00e1logo enriquecedor e respeitoso, atraindo pessoas que buscam genu\u00edna troca de experi\u00eancias. Al\u00e9m de atrair mais pessoas, essa caracter\u00edstica contribui para seu desenvolvimento pessoal cont\u00ednuo.<\/p>\n\n\n\n<h2 class=\"wp-block-heading\">Autenticidade: como ser verdadeiro atrai pessoas<\/h2>\n\n\n\n<p>Ser <strong>aut\u00eantico<\/strong> significa ser verdadeiro consigo mesmo. Pessoas s\u00e3o atra\u00eddas por sua natureza genu\u00edna e sentem que podem confiar em voc\u00ea, o que fortalece conex\u00f5es significativas. Praticar autenticidade impede desgastes emocionais originados por m\u00e1scaras sociais.<\/p>\n\n\n\n<h2 class=\"wp-block-heading\">Resili\u00eancia: o atraente poder do recome\u00e7o<\/h2>\n\n\n\n<p>A <strong>resili\u00eancia<\/strong> demonstra for\u00e7a e determina\u00e7\u00e3o. Esta atitude inspira outros e mostra que voc\u00ea n\u00e3o se deixa abater facilmente, criando admira\u00e7\u00e3o e vontade de estar por perto. A resili\u00eancia, aliada ao otimismo, permite superar desafios e transformar obst\u00e1culos em oportunidades de crescimento.<\/p>\n\n\n\n<h2 class=\"wp-block-heading\">Como o entusiasmo pela vida faz a diferen\u00e7a?<\/h2>\n\n\n\n<p>A <strong>paix\u00e3o<\/strong> por interesses cria uma aura magn\u00e9tica que motiva os outros. Vivendo com prop\u00f3sito e energia, voc\u00ea impulsiona conversas animadas e intera\u00e7\u00f5es significativas. O entusiasmo contagia e pode servir de inspira\u00e7\u00e3o para amigos, colegas e familiares.<\/p>\n\n\n\n<figure class=\"wp-block-image size-large\"><img decoding=\"async\" width=\"1024\" height=\"576\" src=\"https:\/\/www.correiobraziliense.com.br\/cbradar\/wp-content\/uploads\/2025\/09\/pessoas-conversando_1756899473006-1024x576.jpg\" alt=\"15 tra\u00e7os de personalidade que tornam algu\u00e9m atraente para todos\" class=\"wp-image-97773\" srcset=\"https:\/\/www.correiobraziliense.com.br\/cbradar\/wp-content\/uploads\/2025\/09\/pessoas-conversando_1756899473006-1024x576.jpg 1024w, https:\/\/www.correiobraziliense.com.br\/cbradar\/wp-content\/uploads\/2025\/09\/pessoas-conversando_1756899473006-300x169.jpg 300w, https:\/\/www.correiobraziliense.com.br\/cbradar\/wp-content\/uploads\/2025\/09\/pessoas-conversando_1756899473006-768x432.jpg 768w, https:\/\/www.correiobraziliense.com.br\/cbradar\/wp-content\/uploads\/2025\/09\/pessoas-conversando_1756899473006-750x422.jpg 750w, https:\/\/www.correiobraziliense.com.br\/cbradar\/wp-content\/uploads\/2025\/09\/pessoas-conversando_1756899473006-1140x641.jpg 1140w, https:\/\/www.correiobraziliense.com.br\/cbradar\/wp-content\/uploads\/2025\/09\/pessoas-conversando_1756899473006.jpg 1280w\" sizes=\"(max-width: 1024px) 100vw, 1024px\" \/><figcaption class=\"wp-element-caption\">pessoas conversando. Cr\u00e9ditos: depositphotos.com \/ AndrewLozovyi<\/figcaption><\/figure>\n\n\n\n<h2 class=\"wp-block-heading\">Adaptabilidade: a arte de navegar mudan\u00e7as<\/h2>\n\n\n\n<p><strong>Adaptar-se<\/strong> significa abra\u00e7ar mudan\u00e7as com gra\u00e7a. Essa flexibilidade inspira confian\u00e7a e proporciona crescimento pessoal, atraindo oportunidades e conex\u00f5es enriquecedoras. Pessoas adapt\u00e1veis demonstram intelig\u00eancia emocional e conseguem manter rela\u00e7\u00f5es saud\u00e1veis mesmo em situa\u00e7\u00f5es adversas.<\/p>\n\n\n\n<h2 class=\"wp-block-heading\">Gratid\u00e3o e sua influ\u00eancia positiva<\/h2>\n\n\n\n<p><strong>A gratid\u00e3o<\/strong> expressa apre\u00e7o, criando um ambiente positivo que atrai bondade e respeito. Um simples &#8220;obrigado&#8221; pode fortalecer rela\u00e7\u00f5es e aprofundar la\u00e7os. Demonstrar gratid\u00e3o no dia a dia tamb\u00e9m contribui para a sa\u00fade mental e para a felicidade.<\/p>\n\n\n\n<h2 class=\"wp-block-heading\">O poder atraente da humildade<\/h2>\n\n\n\n<p><strong>Humildade<\/strong> reflete equil\u00edbrio e auto-consci\u00eancia, promovendo respeito m\u00fatuo e aprendizado cont\u00ednuo. Crie um espa\u00e7o inclusivo e atraia conex\u00f5es significativas. Tamb\u00e9m \u00e9 essencial para lidar com cr\u00edticas e crescer continuamente.<\/p>\n\n\n\n<h2 class=\"wp-block-heading\">Positividade: como criar uma atmosfera atraente<\/h2>\n\n\n\n<p>A <strong>positividade<\/strong> cria um ambiente acolhedor que atrai pessoas. Enxergar o lado bom inspira esperan\u00e7a e resili\u00eancia, impactando positivamente suas rela\u00e7\u00f5es. Pessoas positivas auxiliam na supera\u00e7\u00e3o de desafios e promovem uma energia construtiva no conv\u00edvio social.<\/p>\n\n\n\n<h2 class=\"wp-block-heading\">Lealdade: como construir relacionamentos duradouros<\/h2>\n\n\n\n<p><strong>Lealdade<\/strong> significa confian\u00e7a e confiabilidade, sendo a base para fortes conex\u00f5es. Esta const\u00e2ncia atrai confian\u00e7a e promove o fortalecimento de la\u00e7os interpessoais. A lealdade \u00e9 um pilar para qualquer rela\u00e7\u00e3o de longo prazo, seja profissional ou pessoal.<\/p>\n\n\n\n<h2 class=\"wp-block-heading\">Como a assertividade pode impactar suas rela\u00e7\u00f5es?<\/h2>\n\n\n\n<p><strong>Assertividade<\/strong> mostra confian\u00e7a e respeito m\u00fatuo, promovendo intera\u00e7\u00f5es harmoniosas e produtivas. Comunicar-se assertivamente fomenta autoestima e crescimento pessoal. Al\u00e9m disso, ser assertivo ajuda a evitar mal-entendidos e conflitos desnecess\u00e1rios nas rela\u00e7\u00f5es.<\/p>\n","protected":false},"excerpt":{"rendered":"<p>Descubra como tra\u00e7os de personalidade podem tornar voc\u00ea mais atraente e criar conex\u00f5es significativas..<\/p>\n","protected":false},"author":3,"featured_media":97771,"comment_status":"open","ping_status":"open","sticky":false,"template":"","format":"standard","meta":{"_yoast_wpseo_focuskw":"tra\u00e7os personalidade","_yoast_wpseo_title":"%%title%%","_yoast_wpseo_metadesc":"Descubra como tra\u00e7os de personalidade podem tornar voc\u00ea mais atraente e criar conex\u00f5es significativas..","jnews-multi-image_gallery":[],"jnews_single_post":{"format":"standard"},"jnews_primary_category":[],"jnews_social_meta":[],"jnews_override_counter":[],"footnotes":""},"categories":[112],"post_tag":[144,404],"class_list":["post-97769","post","type-post","status-publish","format-standard","has-post-thumbnail","hentry","category-curiosidades","tag-curiosidades","tag-psicologia"],"yoast_head":"<!-- This site is optimized with the Yoast SEO plugin v24.6 - https:\/\/yoast.com\/wordpress\/plugins\/seo\/ -->\n<title>15 tra\u00e7os de personalidade que tornam algu\u00e9m atraente para todos<\/title>\n<meta name=\"description\" content=\"Descubra como tra\u00e7os de personalidade podem tornar voc\u00ea mais atraente e criar conex\u00f5es significativas..\" \/>\n<meta name=\"robots\" content=\"index, follow, max-snippet:-1, max-image-preview:large, max-video-preview:-1\" \/>\n<link rel=\"canonical\" href=\"https:\/\/www.correiobraziliense.com.br\/cbradar\/15-tracos-de-personalidade-que-tornam-alguem-atraente-para-todos\/\" \/>\n<meta property=\"og:locale\" content=\"pt_BR\" \/>\n<meta property=\"og:type\" content=\"article\" \/>\n<meta property=\"og:title\" content=\"15 tra\u00e7os de personalidade que tornam algu\u00e9m atraente para todos\" \/>\n<meta property=\"og:description\" content=\"Descubra como tra\u00e7os de personalidade podem tornar voc\u00ea mais atraente e criar conex\u00f5es significativas..\" \/>\n<meta property=\"og:url\" content=\"https:\/\/www.correiobraziliense.com.br\/cbradar\/15-tracos-de-personalidade-que-tornam-alguem-atraente-para-todos\/\" \/>\n<meta property=\"og:site_name\" content=\"Correio Braziliense - Radar\" \/>\n<meta property=\"article:published_time\" content=\"2025-09-03T11:45:00+00:00\" \/>\n<meta property=\"og:image\" content=\"https:\/\/www.correiobraziliense.com.br\/cbradar\/wp-content\/uploads\/2025\/09\/pessoas-conversando_1756899221711.jpg\" \/>\n\t<meta property=\"og:image:width\" content=\"1280\" \/>\n\t<meta property=\"og:image:height\" content=\"720\" \/>\n\t<meta property=\"og:image:type\" content=\"image\/jpeg\" \/>\n<meta name=\"author\" content=\"Larissa Carvalho\" \/>\n<meta name=\"twitter:card\" content=\"summary_large_image\" \/>\n<meta name=\"twitter:label1\" content=\"Escrito por\" \/>\n\t<meta name=\"twitter:data1\" content=\"Larissa Carvalho\" \/>\n\t<meta name=\"twitter:label2\" content=\"Est. tempo de leitura\" \/>\n\t<meta name=\"twitter:data2\" content=\"5 minutos\" \/>\n<!-- \/ Yoast SEO plugin. -->","yoast_head_json":{"title":"15 tra\u00e7os de personalidade que tornam algu\u00e9m atraente para todos","description":"Descubra como tra\u00e7os de personalidade podem tornar voc\u00ea mais atraente e criar conex\u00f5es significativas..","robots":{"index":"index","follow":"follow","max-snippet":"max-snippet:-1","max-image-preview":"max-image-preview:large","max-video-preview":"max-video-preview:-1"},"canonical":"https:\/\/www.correiobraziliense.com.br\/cbradar\/15-tracos-de-personalidade-que-tornam-alguem-atraente-para-todos\/","og_locale":"pt_BR","og_type":"article","og_title":"15 tra\u00e7os de personalidade que tornam algu\u00e9m atraente para todos","og_description":"Descubra como tra\u00e7os de personalidade podem tornar voc\u00ea mais atraente e criar conex\u00f5es significativas..","og_url":"https:\/\/www.correiobraziliense.com.br\/cbradar\/15-tracos-de-personalidade-que-tornam-alguem-atraente-para-todos\/","og_site_name":"Correio Braziliense - Radar","article_published_time":"2025-09-03T11:45:00+00:00","og_image":[{"width":1280,"height":720,"url":"https:\/\/www.correiobraziliense.com.br\/cbradar\/wp-content\/uploads\/2025\/09\/pessoas-conversando_1756899221711.jpg","type":"image\/jpeg"}],"author":"Larissa Carvalho","twitter_card":"summary_large_image","twitter_misc":{"Escrito por":"Larissa Carvalho","Est. tempo de leitura":"5 minutos"},"schema":{"@context":"https:\/\/schema.org","@graph":[{"@type":"WebPage","@id":"https:\/\/www.correiobraziliense.com.br\/cbradar\/15-tracos-de-personalidade-que-tornam-alguem-atraente-para-todos\/","url":"https:\/\/www.correiobraziliense.com.br\/cbradar\/15-tracos-de-personalidade-que-tornam-alguem-atraente-para-todos\/","name":"15 tra\u00e7os de personalidade que tornam algu\u00e9m atraente para todos","isPartOf":{"@id":"https:\/\/www.correiobraziliense.com.br\/cbradar\/#website"},"primaryImageOfPage":{"@id":"https:\/\/www.correiobraziliense.com.br\/cbradar\/15-tracos-de-personalidade-que-tornam-alguem-atraente-para-todos\/#primaryimage"},"image":{"@id":"https:\/\/www.correiobraziliense.com.br\/cbradar\/15-tracos-de-personalidade-que-tornam-alguem-atraente-para-todos\/#primaryimage"},"thumbnailUrl":"https:\/\/www.correiobraziliense.com.br\/cbradar\/wp-content\/uploads\/2025\/09\/pessoas-conversando_1756899221711.jpg","datePublished":"2025-09-03T11:45:00+00:00","author":{"@id":"https:\/\/www.correiobraziliense.com.br\/cbradar\/#\/schema\/person\/58422787644df994b53a19d3e56c1513"},"description":"Descubra como tra\u00e7os de personalidade podem tornar voc\u00ea mais atraente e criar conex\u00f5es significativas..","breadcrumb":{"@id":"https:\/\/www.correiobraziliense.com.br\/cbradar\/15-tracos-de-personalidade-que-tornam-alguem-atraente-para-todos\/#breadcrumb"},"inLanguage":"pt-BR","potentialAction":[{"@type":"ReadAction","target":["https:\/\/www.correiobraziliense.com.br\/cbradar\/15-tracos-de-personalidade-que-tornam-alguem-atraente-para-todos\/"]}]},{"@type":"ImageObject","inLanguage":"pt-BR","@id":"https:\/\/www.correiobraziliense.com.br\/cbradar\/15-tracos-de-personalidade-que-tornam-alguem-atraente-para-todos\/#primaryimage","url":"https:\/\/www.correiobraziliense.com.br\/cbradar\/wp-content\/uploads\/2025\/09\/pessoas-conversando_1756899221711.jpg","contentUrl":"https:\/\/www.correiobraziliense.com.br\/cbradar\/wp-content\/uploads\/2025\/09\/pessoas-conversando_1756899221711.jpg","width":1280,"height":720,"caption":"pessoas conversando. Cr\u00e9ditos: depositphotos.com \/ GaudiLab"},{"@type":"BreadcrumbList","@id":"https:\/\/www.correiobraziliense.com.br\/cbradar\/15-tracos-de-personalidade-que-tornam-alguem-atraente-para-todos\/#breadcrumb","itemListElement":[{"@type":"ListItem","position":1,"name":"In\u00edcio","item":"https:\/\/www.correiobraziliense.com.br\/cbradar\/"},{"@type":"ListItem","position":2,"name":"15 tra\u00e7os de personalidade que tornam algu\u00e9m atraente para todos"}]},{"@type":"WebSite","@id":"https:\/\/www.correiobraziliense.com.br\/cbradar\/#website","url":"https:\/\/www.correiobraziliense.com.br\/cbradar\/","name":"Correio Braziliense - Radar","description":"Acompanhe as \u00faltimas not\u00edcias e fique bem informado sobre tudo o que acontece no Brasil e no mundo.","potentialAction":[{"@type":"SearchAction","target":{"@type":"EntryPoint","urlTemplate":"https:\/\/www.correiobraziliense.com.br\/cbradar\/?s={search_term_string}"},"query-input":{"@type":"PropertyValueSpecification","valueRequired":true,"valueName":"search_term_string"}}],"inLanguage":"pt-BR"},{"@type":"Person","@id":"https:\/\/www.correiobraziliense.com.br\/cbradar\/#\/schema\/person\/58422787644df994b53a19d3e56c1513","name":"Larissa Carvalho","image":{"@type":"ImageObject","inLanguage":"pt-BR","@id":"https:\/\/www.correiobraziliense.com.br\/cbradar\/#\/schema\/person\/image\/","url":"https:\/\/secure.gravatar.com\/avatar\/fe4f91a0de32b52a838d0d612abdc1aa?s=96&d=mm&r=g","contentUrl":"https:\/\/secure.gravatar.com\/avatar\/fe4f91a0de32b52a838d0d612abdc1aa?s=96&d=mm&r=g","caption":"Larissa Carvalho"},"url":"https:\/\/www.correiobraziliense.com.br\/cbradar\/author\/larissamyth\/"}]}},"_links":{"self":[{"href":"https:\/\/www.correiobraziliense.com.br\/cbradar\/wp-json\/wp\/v2\/posts\/97769","targetHints":{"allow":["GET"]}}],"collection":[{"href":"https:\/\/www.correiobraziliense.com.br\/cbradar\/wp-json\/wp\/v2\/posts"}],"about":[{"href":"https:\/\/www.correiobraziliense.com.br\/cbradar\/wp-json\/wp\/v2\/types\/post"}],"author":[{"embeddable":true,"href":"https:\/\/www.correiobraziliense.com.br\/cbradar\/wp-json\/wp\/v2\/users\/3"}],"replies":[{"embeddable":true,"href":"https:\/\/www.correiobraziliense.com.br\/cbradar\/wp-json\/wp\/v2\/comments?post=97769"}],"version-history":[{"count":2,"href":"https:\/\/www.correiobraziliense.com.br\/cbradar\/wp-json\/wp\/v2\/posts\/97769\/revisions"}],"predecessor-version":[{"id":97774,"href":"https:\/\/www.correiobraziliense.com.br\/cbradar\/wp-json\/wp\/v2\/posts\/97769\/revisions\/97774"}],"wp:featuredmedia":[{"embeddable":true,"href":"https:\/\/www.correiobraziliense.com.br\/cbradar\/wp-json\/wp\/v2\/media\/97771"}],"wp:attachment":[{"href":"https:\/\/www.correiobraziliense.com.br\/cbradar\/wp-json\/wp\/v2\/media?parent=97769"}],"wp:term":[{"taxonomy":"category","embeddable":true,"href":"https:\/\/www.correiobraziliense.com.br\/cbradar\/wp-json\/wp\/v2\/categories?post=97769"},{"taxonomy":"post_tag","embeddable":true,"href":"https:\/\/www.correiobraziliense.com.br\/cbradar\/wp-json\/wp\/v2\/post_tag?post=97769"}],"curies":[{"name":"wp","href":"https:\/\/api.w.org\/{rel}","templated":true}]}}