{"id":97958,"date":"2025-10-23T15:09:50","date_gmt":"2025-10-23T18:09:50","guid":{"rendered":"https:\/\/www.correiobraziliense.com.br\/cbradar\/?p=97958"},"modified":"2025-10-23T15:09:53","modified_gmt":"2025-10-23T18:09:53","slug":"proibicao-das-unhas-em-gel-entrou-em-vigor-em-1-de-setembro","status":"publish","type":"post","link":"https:\/\/www.correiobraziliense.com.br\/cbradar\/proibicao-das-unhas-em-gel-entrou-em-vigor-em-1-de-setembro\/","title":{"rendered":"Proibi\u00e7\u00e3o das unhas em gel entrou em vigor em 1\u00ba de setembro"},"content":{"rendered":"\n<p>Em setembro de 2025, a Uni\u00e3o Europeia implementou novas restri\u00e7\u00f5es significativas no mercado de produtos para <strong>Unhas<\/strong>. Esta decis\u00e3o surge ap\u00f3s a identifica\u00e7\u00e3o de subst\u00e2ncias qu\u00edmicas potencialmente perigosas, nomeadamente o <strong>Trimethylbenzoyl Diphenylphosphine Oxide (TPO)<\/strong> e o Dimethyltolylamine (DMTA), ambas classificadas como CMR categoria 1B, que s\u00e3o associadas a riscos para a fertilidade e desenvolvimento fetal. Tais medidas foram formalizadas ap\u00f3s intensas investiga\u00e7\u00f5es e an\u00e1lises realizadas pela Comiss\u00e3o Europeia.<\/p>\n\n\n\n<p>A decis\u00e3o impactar\u00e1 diretamente a escolha e o uso de produtos em sal\u00f5es de beleza, pois esses compostos s\u00e3o comumente utilizados na formula\u00e7\u00e3o de esmaltes e produtos para Unhas. Para contornar os efeitos adversos na sa\u00fade associados a TPO e DMTA, consumidores e profissionais do setor s\u00e3o encorajados a optar por produtos que n\u00e3o contenham essas subst\u00e2ncias. Isso permitir\u00e1 continuar a manuten\u00e7\u00e3o de um visual sofisticado e seguro, especialmente considerando os equipamentos de secagem, como l\u00e2mpadas UV ou LEDs, que devem ser adaptados \u00e0s novas normas.<\/p>\n\n\n<div class=\"wp-block-image\">\n<figure class=\"aligncenter size-large\"><img decoding=\"async\" width=\"1024\" height=\"576\" src=\"https:\/\/www.correiobraziliense.com.br\/cbradar\/wp-content\/uploads\/2025\/09\/unhas_1756934520895-1024x576.jpg\" alt=\"\" class=\"wp-image-97966\" srcset=\"https:\/\/www.correiobraziliense.com.br\/cbradar\/wp-content\/uploads\/2025\/09\/unhas_1756934520895-1024x576.jpg 1024w, https:\/\/www.correiobraziliense.com.br\/cbradar\/wp-content\/uploads\/2025\/09\/unhas_1756934520895-300x169.jpg 300w, https:\/\/www.correiobraziliense.com.br\/cbradar\/wp-content\/uploads\/2025\/09\/unhas_1756934520895-768x432.jpg 768w, https:\/\/www.correiobraziliense.com.br\/cbradar\/wp-content\/uploads\/2025\/09\/unhas_1756934520895-750x422.jpg 750w, https:\/\/www.correiobraziliense.com.br\/cbradar\/wp-content\/uploads\/2025\/09\/unhas_1756934520895-1140x641.jpg 1140w, https:\/\/www.correiobraziliense.com.br\/cbradar\/wp-content\/uploads\/2025\/09\/unhas_1756934520895.jpg 1280w\" sizes=\"(max-width: 1024px) 100vw, 1024px\" \/><figcaption class=\"wp-element-caption\">Unhas &#8211; Cr\u00e9ditos: depositphotos.com \/ EdwardDerule<\/figcaption><\/figure><\/div>\n\n\n<h2 class=\"wp-block-heading\">Por que a mudan\u00e7a \u00e9 necess\u00e1ria na ind\u00fastria de beleza?<\/h2>\n\n\n\n<p>A introdu\u00e7\u00e3o dessas restri\u00e7\u00f5es na Uni\u00e3o Europeia sublinha uma preocupa\u00e7\u00e3o crescente com a seguran\u00e7a dos produtos cosm\u00e9ticos. O impacto potencial dessas subst\u00e2ncias qu\u00edmicas na <a href=\"https:\/\/www.gov.br\/saude\/pt-bre\" target=\"_blank\" rel=\"noreferrer noopener\">sa\u00fade <\/a>reprodutiva justifica a mudan\u00e7a. A utiliza\u00e7\u00e3o de produtos seguros tornou-se uma prioridade, e muitas empresas j\u00e1 come\u00e7aram a atualizar suas linhas para cumprir com as regulamenta\u00e7\u00f5es. Sal\u00f5es de beleza t\u00eam investido em novas tecnologias e produtos certificados para evitar quaisquer riscos para seus clientes.<\/p>\n\n\n\n<h2 class=\"wp-block-heading\">Como as grandes marcas est\u00e3o se adaptando?<\/h2>\n\n\n\n<p>V\u00e1rias marcas renomadas, como CND e OPI, est\u00e3o \u00e0 frente desta transi\u00e7\u00e3o, lan\u00e7ando linhas de produtos que seguem as novas diretrizes de seguran\u00e7a. Esses esfor\u00e7os n\u00e3o s\u00f3 atendem \u00e0s novas leis, mas tamb\u00e9m promovem alternativas seguras e eficazes para produtos tradicionais. O incentivo \u00e0 pesquisa e desenvolvimento em cosm\u00e9ticos tornou-se essencial para garantir que a ind\u00fastria da beleza consiga adaptar-se rapidamente \u00e0s regulamenta\u00e7\u00f5es emergentes.<\/p>\n\n\n\n<h2 class=\"wp-block-heading\">Qual \u00e9 a nova tend\u00eancia em 2025?<\/h2>\n\n\n\n<p>Com a proximidade do lan\u00e7amento das novas regulamenta\u00e7\u00f5es, o &#8220;Nude Look&#8221; desponta como uma tend\u00eancia dominante no ver\u00e3o de 2025. Estrelas da moda e influenciadoras, como Giulia De Lellis e Chiara Ferragni, j\u00e1 protagonizam este estilo, propondo uma paleta de tons neutros e discretos. Este movimento n\u00e3o apenas converge com as normas de seguran\u00e7a, mas tamb\u00e9m redefine a eleg\u00e2ncia e a simplicidade no mundo da moda.<\/p>\n\n\n\n<ul class=\"wp-block-list\">\n<li>Optar por produtos livres de subst\u00e2ncias nocivas.<\/li>\n\n\n\n<li>Atualizar equipamentos de secagem nos sal\u00f5es.<\/li>\n\n\n\n<li>Investir em inova\u00e7\u00e3o e desenvolvimento de produtos seguros.<\/li>\n\n\n\n<li>Adotar tend\u00eancias que promovem seguran\u00e7a e estilo.<\/li>\n<\/ul>\n\n\n\n<p>A transi\u00e7\u00e3o para esses novos padr\u00f5es representa n\u00e3o apenas um desafio log\u00edstico para a ind\u00fastria cosm\u00e9tica, mas tamb\u00e9m um passo crucial em dire\u00e7\u00e3o \u00e0 sustentabilidade e seguran\u00e7a no setor de beleza. Enquanto as restri\u00e7\u00f5es entram em vigor, sal\u00f5es e consumidores s\u00e3o incentivados a se ajustar proativamente, garantindo que a sa\u00fade e a beleza andem sempre de m\u00e3os dadas.<\/p>\n\n\n\n<p><strong>Curiosidade:<\/strong> Mesmo com a proibi\u00e7\u00e3o dos compostos Trimethylbenzoyl\u202fDiphenylphosphine\u202fOxide (TPO) e Dimethyltolylamine (DMTA) na Uni\u00e3o Europeia, o uso desses ingredientes ainda \u00e9 permitido em alguns mercados como o Brasil \u2014 o que evidencia uma lacuna entre as normas internacionais de <strong>seguran\u00e7a cosm\u00e9tica<\/strong>, a classifica\u00e7\u00e3o de subst\u00e2ncias <strong>CMR categoria 1B<\/strong> (carcin\u00f3genas, mutag\u00eanicas ou t\u00f3xicas para a reprodu\u00e7\u00e3o) e a realidade dos sal\u00f5es de beleza que utilizam l\u00e2mpadas UV\/LED para cura de esmaltes em gel.<\/p>\n\n\n\n<blockquote class=\"instagram-media\" data-instgrm-permalink=\"https:\/\/www.instagram.com\/p\/DMQHGrxN5oT\/?utm_source=ig_embed&amp;utm_campaign=loading\" data-instgrm-version=\"14\" style=\" background:#FFF; border:0; border-radius:3px; box-shadow:0 0 1px 0 rgba(0,0,0,0.5),0 1px 10px 0 rgba(0,0,0,0.15); margin: 1px; max-width:540px; min-width:326px; padding:0; width:99.375%; width:-webkit-calc(100% - 2px); width:calc(100% - 2px);\"><div style=\"padding:16px;\"> <a href=\"https:\/\/www.instagram.com\/p\/DMQHGrxN5oT\/?utm_source=ig_embed&amp;utm_campaign=loading\" style=\" background:#FFFFFF; line-height:0; padding:0 0; text-align:center; text-decoration:none; width:100%;\" target=\"_blank\"> <div style=\" display: flex; flex-direction: row; align-items: center;\"> <div style=\"background-color: #F4F4F4; border-radius: 50%; flex-grow: 0; height: 40px; margin-right: 14px; width: 40px;\"><\/div> <div style=\"display: flex; flex-direction: column; flex-grow: 1; justify-content: center;\"> <div style=\" background-color: #F4F4F4; border-radius: 4px; flex-grow: 0; height: 14px; margin-bottom: 6px; width: 100px;\"><\/div> <div style=\" background-color: #F4F4F4; border-radius: 4px; flex-grow: 0; height: 14px; width: 60px;\"><\/div><\/div><\/div><div style=\"padding: 19% 0;\"><\/div> <div style=\"display:block; height:50px; margin:0 auto 12px; width:50px;\"><svg width=\"50px\" height=\"50px\" viewBox=\"0 0 60 60\" version=\"1.1\" xmlns=\"https:\/\/www.w3.org\/2000\/svg\" xmlns:xlink=\"https:\/\/www.w3.org\/1999\/xlink\"><g stroke=\"none\" stroke-width=\"1\" fill=\"none\" fill-rule=\"evenodd\"><g transform=\"translate(-511.000000, -20.000000)\" fill=\"#000000\"><g><path d=\"M556.869,30.41 C554.814,30.41 553.148,32.076 553.148,34.131 C553.148,36.186 554.814,37.852 556.869,37.852 C558.924,37.852 560.59,36.186 560.59,34.131 C560.59,32.076 558.924,30.41 556.869,30.41 M541,60.657 C535.114,60.657 530.342,55.887 530.342,50 C530.342,44.114 535.114,39.342 541,39.342 C546.887,39.342 551.658,44.114 551.658,50 C551.658,55.887 546.887,60.657 541,60.657 M541,33.886 C532.1,33.886 524.886,41.1 524.886,50 C524.886,58.899 532.1,66.113 541,66.113 C549.9,66.113 557.115,58.899 557.115,50 C557.115,41.1 549.9,33.886 541,33.886 M565.378,62.101 C565.244,65.022 564.756,66.606 564.346,67.663 C563.803,69.06 563.154,70.057 562.106,71.106 C561.058,72.155 560.06,72.803 558.662,73.347 C557.607,73.757 556.021,74.244 553.102,74.378 C549.944,74.521 548.997,74.552 541,74.552 C533.003,74.552 532.056,74.521 528.898,74.378 C525.979,74.244 524.393,73.757 523.338,73.347 C521.94,72.803 520.942,72.155 519.894,71.106 C518.846,70.057 518.197,69.06 517.654,67.663 C517.244,66.606 516.755,65.022 516.623,62.101 C516.479,58.943 516.448,57.996 516.448,50 C516.448,42.003 516.479,41.056 516.623,37.899 C516.755,34.978 517.244,33.391 517.654,32.338 C518.197,30.938 518.846,29.942 519.894,28.894 C520.942,27.846 521.94,27.196 523.338,26.654 C524.393,26.244 525.979,25.756 528.898,25.623 C532.057,25.479 533.004,25.448 541,25.448 C548.997,25.448 549.943,25.479 553.102,25.623 C556.021,25.756 557.607,26.244 558.662,26.654 C560.06,27.196 561.058,27.846 562.106,28.894 C563.154,29.942 563.803,30.938 564.346,32.338 C564.756,33.391 565.244,34.978 565.378,37.899 C565.522,41.056 565.552,42.003 565.552,50 C565.552,57.996 565.522,58.943 565.378,62.101 M570.82,37.631 C570.674,34.438 570.167,32.258 569.425,30.349 C568.659,28.377 567.633,26.702 565.965,25.035 C564.297,23.368 562.623,22.342 560.652,21.575 C558.743,20.834 556.562,20.326 553.369,20.18 C550.169,20.033 549.148,20 541,20 C532.853,20 531.831,20.033 528.631,20.18 C525.438,20.326 523.257,20.834 521.349,21.575 C519.376,22.342 517.703,23.368 516.035,25.035 C514.368,26.702 513.342,28.377 512.574,30.349 C511.834,32.258 511.326,34.438 511.181,37.631 C511.035,40.831 511,41.851 511,50 C511,58.147 511.035,59.17 511.181,62.369 C511.326,65.562 511.834,67.743 512.574,69.651 C513.342,71.625 514.368,73.296 516.035,74.965 C517.703,76.634 519.376,77.658 521.349,78.425 C523.257,79.167 525.438,79.673 528.631,79.82 C531.831,79.965 532.853,80.001 541,80.001 C549.148,80.001 550.169,79.965 553.369,79.82 C556.562,79.673 558.743,79.167 560.652,78.425 C562.623,77.658 564.297,76.634 565.965,74.965 C567.633,73.296 568.659,71.625 569.425,69.651 C570.167,67.743 570.674,65.562 570.82,62.369 C570.966,59.17 571,58.147 571,50 C571,41.851 570.966,40.831 570.82,37.631\"><\/path><\/g><\/g><\/g><\/svg><\/div><div style=\"padding-top: 8px;\"> <div style=\" color:#3897f0; font-family:Arial,sans-serif; font-size:14px; font-style:normal; font-weight:550; line-height:18px;\">Ver essa foto no Instagram<\/div><\/div><div style=\"padding: 12.5% 0;\"><\/div> <div style=\"display: flex; flex-direction: row; margin-bottom: 14px; align-items: center;\"><div> <div style=\"background-color: #F4F4F4; border-radius: 50%; height: 12.5px; width: 12.5px; transform: translateX(0px) translateY(7px);\"><\/div> <div style=\"background-color: #F4F4F4; height: 12.5px; transform: rotate(-45deg) translateX(3px) translateY(1px); width: 12.5px; flex-grow: 0; margin-right: 14px; margin-left: 2px;\"><\/div> <div style=\"background-color: #F4F4F4; border-radius: 50%; height: 12.5px; width: 12.5px; transform: translateX(9px) translateY(-18px);\"><\/div><\/div><div style=\"margin-left: 8px;\"> <div style=\" background-color: #F4F4F4; border-radius: 50%; flex-grow: 0; height: 20px; width: 20px;\"><\/div> <div style=\" width: 0; height: 0; border-top: 2px solid transparent; border-left: 6px solid #f4f4f4; border-bottom: 2px solid transparent; transform: translateX(16px) translateY(-4px) rotate(30deg)\"><\/div><\/div><div style=\"margin-left: auto;\"> <div style=\" width: 0px; border-top: 8px solid #F4F4F4; border-right: 8px solid transparent; transform: translateY(16px);\"><\/div> <div style=\" background-color: #F4F4F4; flex-grow: 0; height: 12px; width: 16px; transform: translateY(-4px);\"><\/div> <div style=\" width: 0; height: 0; border-top: 8px solid #F4F4F4; border-left: 8px solid transparent; transform: translateY(-4px) translateX(8px);\"><\/div><\/div><\/div> <div style=\"display: flex; flex-direction: column; flex-grow: 1; justify-content: center; margin-bottom: 24px;\"> <div style=\" background-color: #F4F4F4; border-radius: 4px; flex-grow: 0; height: 14px; margin-bottom: 6px; width: 224px;\"><\/div> <div style=\" background-color: #F4F4F4; border-radius: 4px; flex-grow: 0; height: 14px; width: 144px;\"><\/div><\/div><\/a><p style=\" color:#c9c8cd; font-family:Arial,sans-serif; font-size:14px; line-height:17px; margin-bottom:0; margin-top:8px; overflow:hidden; padding:8px 0 7px; text-align:center; text-overflow:ellipsis; white-space:nowrap;\"><a href=\"https:\/\/www.instagram.com\/p\/DMQHGrxN5oT\/?utm_source=ig_embed&amp;utm_campaign=loading\" style=\" color:#c9c8cd; font-family:Arial,sans-serif; font-size:14px; font-style:normal; font-weight:normal; line-height:17px; text-decoration:none;\" target=\"_blank\">Uma publica\u00e7\u00e3o compartilhada por LCN Clinic Dermatologia e Ginecologia (@lcn.clinic)<\/a><\/p><\/div><\/blockquote>\n<script async src=\"\/\/www.instagram.com\/embed.js\"><\/script>\n","protected":false},"excerpt":{"rendered":"<p>Em setembro de 2025, a Uni\u00e3o Europeia implementou novas restri\u00e7\u00f5es significativas no mercado de produtos para Unhas. Esta decis\u00e3o surge ap\u00f3s a identifica\u00e7\u00e3o de subst\u00e2ncias qu\u00edmicas potencialmente perigosas, nomeadamente o Trimethylbenzoyl Diphenylphosphine Oxide (TPO) e o Dimethyltolylamine (DMTA), ambas classificadas como CMR categoria 1B, que s\u00e3o associadas a riscos para a fertilidade e desenvolvimento fetal. [&hellip;]<\/p>\n","protected":false},"author":14,"featured_media":97965,"comment_status":"open","ping_status":"open","sticky":false,"template":"","format":"standard","meta":{"_yoast_wpseo_focuskw":"Unhas em gel","_yoast_wpseo_title":"","_yoast_wpseo_metadesc":"Produtos para unhas com compostos nocivos ser\u00e3o proibidos em 2025 na Europa. Veja como marcas e sal\u00f5es j\u00e1 est\u00e3o se adaptando \u00e0s novas regras.","jnews-multi-image_gallery":[],"jnews_single_post":{"format":"standard"},"jnews_primary_category":[],"jnews_social_meta":[],"jnews_override_counter":[],"footnotes":""},"categories":[4404],"post_tag":[125,10018,10019],"class_list":["post-97958","post","type-post","status-publish","format-standard","has-post-thumbnail","hentry","category-saude","tag-beleza","tag-esmaltes-seguros","tag-regulamentacao-ue"],"yoast_head":"<!-- This site is optimized with the Yoast SEO plugin v24.6 - https:\/\/yoast.com\/wordpress\/plugins\/seo\/ -->\n<title>Proibi\u00e7\u00e3o das unhas em gel entrou em vigor em 1\u00ba de setembro - Correio Braziliense - Radar<\/title>\n<meta name=\"description\" content=\"Produtos para unhas com compostos nocivos ser\u00e3o proibidos em 2025 na Europa. Veja como marcas e sal\u00f5es j\u00e1 est\u00e3o se adaptando \u00e0s novas regras.\" \/>\n<meta name=\"robots\" content=\"index, follow, max-snippet:-1, max-image-preview:large, max-video-preview:-1\" \/>\n<link rel=\"canonical\" href=\"https:\/\/www.correiobraziliense.com.br\/cbradar\/proibicao-das-unhas-em-gel-entrou-em-vigor-em-1-de-setembro\/\" \/>\n<meta property=\"og:locale\" content=\"pt_BR\" \/>\n<meta property=\"og:type\" content=\"article\" \/>\n<meta property=\"og:title\" content=\"Proibi\u00e7\u00e3o das unhas em gel entrou em vigor em 1\u00ba de setembro - Correio Braziliense - Radar\" \/>\n<meta property=\"og:description\" content=\"Produtos para unhas com compostos nocivos ser\u00e3o proibidos em 2025 na Europa. Veja como marcas e sal\u00f5es j\u00e1 est\u00e3o se adaptando \u00e0s novas regras.\" \/>\n<meta property=\"og:url\" content=\"https:\/\/www.correiobraziliense.com.br\/cbradar\/proibicao-das-unhas-em-gel-entrou-em-vigor-em-1-de-setembro\/\" \/>\n<meta property=\"og:site_name\" content=\"Correio Braziliense - Radar\" \/>\n<meta property=\"article:published_time\" content=\"2025-10-23T18:09:50+00:00\" \/>\n<meta property=\"article:modified_time\" content=\"2025-10-23T18:09:53+00:00\" \/>\n<meta property=\"og:image\" content=\"https:\/\/www.correiobraziliense.com.br\/cbradar\/wp-content\/uploads\/2025\/09\/unhas_1756934492463.jpg\" \/>\n\t<meta property=\"og:image:width\" content=\"1280\" \/>\n\t<meta property=\"og:image:height\" content=\"720\" \/>\n\t<meta property=\"og:image:type\" content=\"image\/jpeg\" \/>\n<meta name=\"author\" content=\"guilherme_saude\" \/>\n<meta name=\"twitter:card\" content=\"summary_large_image\" \/>\n<meta name=\"twitter:label1\" content=\"Escrito por\" \/>\n\t<meta name=\"twitter:data1\" content=\"guilherme_saude\" \/>\n\t<meta name=\"twitter:label2\" content=\"Est. tempo de leitura\" \/>\n\t<meta name=\"twitter:data2\" content=\"4 minutos\" \/>\n<!-- \/ Yoast SEO plugin. -->","yoast_head_json":{"title":"Proibi\u00e7\u00e3o das unhas em gel entrou em vigor em 1\u00ba de setembro - Correio Braziliense - Radar","description":"Produtos para unhas com compostos nocivos ser\u00e3o proibidos em 2025 na Europa. Veja como marcas e sal\u00f5es j\u00e1 est\u00e3o se adaptando \u00e0s novas regras.","robots":{"index":"index","follow":"follow","max-snippet":"max-snippet:-1","max-image-preview":"max-image-preview:large","max-video-preview":"max-video-preview:-1"},"canonical":"https:\/\/www.correiobraziliense.com.br\/cbradar\/proibicao-das-unhas-em-gel-entrou-em-vigor-em-1-de-setembro\/","og_locale":"pt_BR","og_type":"article","og_title":"Proibi\u00e7\u00e3o das unhas em gel entrou em vigor em 1\u00ba de setembro - Correio Braziliense - Radar","og_description":"Produtos para unhas com compostos nocivos ser\u00e3o proibidos em 2025 na Europa. Veja como marcas e sal\u00f5es j\u00e1 est\u00e3o se adaptando \u00e0s novas regras.","og_url":"https:\/\/www.correiobraziliense.com.br\/cbradar\/proibicao-das-unhas-em-gel-entrou-em-vigor-em-1-de-setembro\/","og_site_name":"Correio Braziliense - Radar","article_published_time":"2025-10-23T18:09:50+00:00","article_modified_time":"2025-10-23T18:09:53+00:00","og_image":[{"width":1280,"height":720,"url":"https:\/\/www.correiobraziliense.com.br\/cbradar\/wp-content\/uploads\/2025\/09\/unhas_1756934492463.jpg","type":"image\/jpeg"}],"author":"guilherme_saude","twitter_card":"summary_large_image","twitter_misc":{"Escrito por":"guilherme_saude","Est. tempo de leitura":"4 minutos"},"schema":{"@context":"https:\/\/schema.org","@graph":[{"@type":"WebPage","@id":"https:\/\/www.correiobraziliense.com.br\/cbradar\/proibicao-das-unhas-em-gel-entrou-em-vigor-em-1-de-setembro\/","url":"https:\/\/www.correiobraziliense.com.br\/cbradar\/proibicao-das-unhas-em-gel-entrou-em-vigor-em-1-de-setembro\/","name":"Proibi\u00e7\u00e3o das unhas em gel entrou em vigor em 1\u00ba de setembro - Correio Braziliense - Radar","isPartOf":{"@id":"https:\/\/www.correiobraziliense.com.br\/cbradar\/#website"},"primaryImageOfPage":{"@id":"https:\/\/www.correiobraziliense.com.br\/cbradar\/proibicao-das-unhas-em-gel-entrou-em-vigor-em-1-de-setembro\/#primaryimage"},"image":{"@id":"https:\/\/www.correiobraziliense.com.br\/cbradar\/proibicao-das-unhas-em-gel-entrou-em-vigor-em-1-de-setembro\/#primaryimage"},"thumbnailUrl":"https:\/\/www.correiobraziliense.com.br\/cbradar\/wp-content\/uploads\/2025\/09\/unhas_1756934492463.jpg","datePublished":"2025-10-23T18:09:50+00:00","dateModified":"2025-10-23T18:09:53+00:00","author":{"@id":"https:\/\/www.correiobraziliense.com.br\/cbradar\/#\/schema\/person\/5aa4bf3c8fa699c267933611de12978b"},"description":"Produtos para unhas com compostos nocivos ser\u00e3o proibidos em 2025 na Europa. Veja como marcas e sal\u00f5es j\u00e1 est\u00e3o se adaptando \u00e0s novas regras.","breadcrumb":{"@id":"https:\/\/www.correiobraziliense.com.br\/cbradar\/proibicao-das-unhas-em-gel-entrou-em-vigor-em-1-de-setembro\/#breadcrumb"},"inLanguage":"pt-BR","potentialAction":[{"@type":"ReadAction","target":["https:\/\/www.correiobraziliense.com.br\/cbradar\/proibicao-das-unhas-em-gel-entrou-em-vigor-em-1-de-setembro\/"]}]},{"@type":"ImageObject","inLanguage":"pt-BR","@id":"https:\/\/www.correiobraziliense.com.br\/cbradar\/proibicao-das-unhas-em-gel-entrou-em-vigor-em-1-de-setembro\/#primaryimage","url":"https:\/\/www.correiobraziliense.com.br\/cbradar\/wp-content\/uploads\/2025\/09\/unhas_1756934492463.jpg","contentUrl":"https:\/\/www.correiobraziliense.com.br\/cbradar\/wp-content\/uploads\/2025\/09\/unhas_1756934492463.jpg","width":1280,"height":720,"caption":"Unhas - Cr\u00e9ditos: depositphotos.com \/ eos.ka"},{"@type":"BreadcrumbList","@id":"https:\/\/www.correiobraziliense.com.br\/cbradar\/proibicao-das-unhas-em-gel-entrou-em-vigor-em-1-de-setembro\/#breadcrumb","itemListElement":[{"@type":"ListItem","position":1,"name":"In\u00edcio","item":"https:\/\/www.correiobraziliense.com.br\/cbradar\/"},{"@type":"ListItem","position":2,"name":"Proibi\u00e7\u00e3o das unhas em gel entrou em vigor em 1\u00ba de setembro"}]},{"@type":"WebSite","@id":"https:\/\/www.correiobraziliense.com.br\/cbradar\/#website","url":"https:\/\/www.correiobraziliense.com.br\/cbradar\/","name":"Correio Braziliense - Radar","description":"Acompanhe as \u00faltimas not\u00edcias e fique bem informado sobre tudo o que acontece no Brasil e no mundo.","potentialAction":[{"@type":"SearchAction","target":{"@type":"EntryPoint","urlTemplate":"https:\/\/www.correiobraziliense.com.br\/cbradar\/?s={search_term_string}"},"query-input":{"@type":"PropertyValueSpecification","valueRequired":true,"valueName":"search_term_string"}}],"inLanguage":"pt-BR"},{"@type":"Person","@id":"https:\/\/www.correiobraziliense.com.br\/cbradar\/#\/schema\/person\/5aa4bf3c8fa699c267933611de12978b","name":"guilherme_saude","image":{"@type":"ImageObject","inLanguage":"pt-BR","@id":"https:\/\/www.correiobraziliense.com.br\/cbradar\/#\/schema\/person\/image\/","url":"https:\/\/secure.gravatar.com\/avatar\/df9adfb835d344bc0af109d41756253f?s=96&d=mm&r=g","contentUrl":"https:\/\/secure.gravatar.com\/avatar\/df9adfb835d344bc0af109d41756253f?s=96&d=mm&r=g","caption":"guilherme_saude"},"url":"https:\/\/www.correiobraziliense.com.br\/cbradar\/author\/guilherme_saude\/"}]}},"_links":{"self":[{"href":"https:\/\/www.correiobraziliense.com.br\/cbradar\/wp-json\/wp\/v2\/posts\/97958","targetHints":{"allow":["GET"]}}],"collection":[{"href":"https:\/\/www.correiobraziliense.com.br\/cbradar\/wp-json\/wp\/v2\/posts"}],"about":[{"href":"https:\/\/www.correiobraziliense.com.br\/cbradar\/wp-json\/wp\/v2\/types\/post"}],"author":[{"embeddable":true,"href":"https:\/\/www.correiobraziliense.com.br\/cbradar\/wp-json\/wp\/v2\/users\/14"}],"replies":[{"embeddable":true,"href":"https:\/\/www.correiobraziliense.com.br\/cbradar\/wp-json\/wp\/v2\/comments?post=97958"}],"version-history":[{"count":3,"href":"https:\/\/www.correiobraziliense.com.br\/cbradar\/wp-json\/wp\/v2\/posts\/97958\/revisions"}],"predecessor-version":[{"id":124201,"href":"https:\/\/www.correiobraziliense.com.br\/cbradar\/wp-json\/wp\/v2\/posts\/97958\/revisions\/124201"}],"wp:featuredmedia":[{"embeddable":true,"href":"https:\/\/www.correiobraziliense.com.br\/cbradar\/wp-json\/wp\/v2\/media\/97965"}],"wp:attachment":[{"href":"https:\/\/www.correiobraziliense.com.br\/cbradar\/wp-json\/wp\/v2\/media?parent=97958"}],"wp:term":[{"taxonomy":"category","embeddable":true,"href":"https:\/\/www.correiobraziliense.com.br\/cbradar\/wp-json\/wp\/v2\/categories?post=97958"},{"taxonomy":"post_tag","embeddable":true,"href":"https:\/\/www.correiobraziliense.com.br\/cbradar\/wp-json\/wp\/v2\/post_tag?post=97958"}],"curies":[{"name":"wp","href":"https:\/\/api.w.org\/{rel}","templated":true}]}}