{"id":98109,"date":"2025-09-05T17:23:00","date_gmt":"2025-09-05T20:23:00","guid":{"rendered":"https:\/\/www.correiobraziliense.com.br\/cbradar\/?p=98109"},"modified":"2025-09-05T12:13:00","modified_gmt":"2025-09-05T15:13:00","slug":"os-efeitos-colaterais-da-maca-e-como-aproveitar-seus-beneficios","status":"publish","type":"post","link":"https:\/\/www.correiobraziliense.com.br\/cbradar\/os-efeitos-colaterais-da-maca-e-como-aproveitar-seus-beneficios\/","title":{"rendered":"Os efeitos colaterais da ma\u00e7\u00e3 e como aproveitar seus benef\u00edcios"},"content":{"rendered":"\n<p>A <strong>ma\u00e7\u00e3<\/strong> \u00e9 amplamente considerada uma das frutas mais ben\u00e9ficas para a sa\u00fade. No entanto, \u00e9 crucial entender os <strong>efeitos colaterais<\/strong> e como maximizar seus benef\u00edcios. Abaixo, destacamos alguns pontos essenciais sobre a ma\u00e7\u00e3.<\/p>\n\n\n\n<ul class=\"wp-block-list\">\n<li>Os efeitos colaterais potenciais da ingest\u00e3o excessiva de ma\u00e7\u00e3s.<\/li>\n\n\n\n<li>Dicas sobre como consumir ma\u00e7\u00e3s de forma saud\u00e1vel.<\/li>\n\n\n\n<li>Benef\u00edcios nutricionais que a ma\u00e7\u00e3 pode oferecer.<\/li>\n<\/ul>\n\n\n\n<h2 class=\"wp-block-heading\">Quais s\u00e3o os efeitos colaterais do consumo excessivo de ma\u00e7\u00e3?<\/h2>\n\n\n\n<p>Embora a <strong>ma\u00e7\u00e3<\/strong> seja rica em nutrientes, comer demasiadas pode causar desconforto digestivo. Isso se deve principalmente ao teor de fibras e frutose.<\/p>\n\n\n\n<p>Excesso de frutose pode levar a problemas como incha\u00e7o e dores estomacais, especialmente em pessoas sens\u00edveis.<\/p>\n\n\n\n<h2 class=\"wp-block-heading\">Benef\u00edcios nutricionais da ma\u00e7\u00e3 que voc\u00ea precisa conhecer<\/h2>\n\n\n\n<p>As <strong>ma\u00e7\u00e3s<\/strong> s\u00e3o ricas em vitaminas como a vitamina C e fibras, essenciais para a sa\u00fade digestiva. Al\u00e9m disso, oferecem antioxidantes poderosos que ajudam na prote\u00e7\u00e3o contra doen\u00e7as cr\u00f4nicas.<\/p>\n\n\n\n<p>A presen\u00e7a de fibra sol\u00favel contribui para n\u00edveis saud\u00e1veis de colesterol e melhor controle glic\u00eamico.<\/p>\n\n\n\n<figure class=\"wp-block-image size-large\"><img decoding=\"async\" width=\"1024\" height=\"576\" src=\"https:\/\/www.correiobraziliense.com.br\/cbradar\/wp-content\/uploads\/2025\/09\/macas_1756941125347-1024x576.jpg\" alt=\"Os efeitos colaterais da ma\u00e7a e como aproveitar seus benef\u00edcios\" class=\"wp-image-98112\" srcset=\"https:\/\/www.correiobraziliense.com.br\/cbradar\/wp-content\/uploads\/2025\/09\/macas_1756941125347-1024x576.jpg 1024w, https:\/\/www.correiobraziliense.com.br\/cbradar\/wp-content\/uploads\/2025\/09\/macas_1756941125347-300x169.jpg 300w, https:\/\/www.correiobraziliense.com.br\/cbradar\/wp-content\/uploads\/2025\/09\/macas_1756941125347-768x432.jpg 768w, https:\/\/www.correiobraziliense.com.br\/cbradar\/wp-content\/uploads\/2025\/09\/macas_1756941125347-750x422.jpg 750w, https:\/\/www.correiobraziliense.com.br\/cbradar\/wp-content\/uploads\/2025\/09\/macas_1756941125347-1140x641.jpg 1140w, https:\/\/www.correiobraziliense.com.br\/cbradar\/wp-content\/uploads\/2025\/09\/macas_1756941125347.jpg 1280w\" sizes=\"(max-width: 1024px) 100vw, 1024px\" \/><figcaption class=\"wp-element-caption\">ma\u00e7as. Cr\u00e9ditos: depositphotos.com \/ KateNovikova<\/figcaption><\/figure>\n\n\n\n<h2 class=\"wp-block-heading\">Como consumir ma\u00e7\u00e3s de forma saud\u00e1vel?<\/h2>\n\n\n\n<p>Consuma ma\u00e7\u00e3s com casca, pois \u00e9 nela que se concentram a maioria das fibras e antioxidantes. No entanto, certifique-se de lav\u00e1-las bem para remover qualquer res\u00edduo de pesticida.<\/p>\n\n\n\n<p>Inclua ma\u00e7\u00e3s em saladas ou como complemento em refei\u00e7\u00f5es balanceadas para aumentar sua ingest\u00e3o de nutrientes de forma agrad\u00e1vel.<\/p>\n\n\n\n<p><em>Dica r\u00e1pida<\/em>: Para evitar os <strong>efeitos colaterais<\/strong>, limite-se a duas ma\u00e7\u00e3s por dia. Assim, voc\u00ea otimiza os benef\u00edcios sem comprometer o bem-estar.<\/p>\n\n\n\n<h2 class=\"wp-block-heading\">Conclus\u00e3o: Ma\u00e7\u00e3, um aliado saud\u00e1vel com modera\u00e7\u00e3o<\/h2>\n\n\n\n<ul class=\"wp-block-list\">\n<li>O consumo excessivo pode levar a problemas digestivos devido \u00e0 frutose e fibras.<\/li>\n\n\n\n<li>Ingerir ma\u00e7\u00e3s com casca maximiza os benef\u00edcios nutricionais.<\/li>\n\n\n\n<li>Modera\u00e7\u00e3o \u00e9 a chave para aproveitar ao m\u00e1ximo os benef\u00edcios sem efeitos adversos.<\/li>\n<\/ul>\n","protected":false},"excerpt":{"rendered":"<p>Descubra os efeitos colaterais do consumo excessivo de ma\u00e7\u00e3s e aprenda a aproveitar seus incr\u00edveis benef\u00edcios nutricionais.<\/p>\n","protected":false},"author":3,"featured_media":98111,"comment_status":"open","ping_status":"open","sticky":false,"template":"","format":"standard","meta":{"_yoast_wpseo_focuskw":"efeitos colaterais ma\u00e7a","_yoast_wpseo_title":"%%title%%","_yoast_wpseo_metadesc":"Descubra os efeitos colaterais do consumo excessivo de ma\u00e7\u00e3s e aprenda a aproveitar seus incr\u00edveis benef\u00edcios nutricionais.","jnews-multi-image_gallery":[],"jnews_single_post":{"format":"standard"},"jnews_primary_category":[],"jnews_social_meta":[],"jnews_override_counter":[],"footnotes":""},"categories":[112],"post_tag":[281,1423,144],"class_list":["post-98109","post","type-post","status-publish","format-standard","has-post-thumbnail","hentry","category-curiosidades","tag-alimentacao","tag-alimentos","tag-curiosidades"],"yoast_head":"<!-- This site is optimized with the Yoast SEO plugin v24.6 - https:\/\/yoast.com\/wordpress\/plugins\/seo\/ -->\n<title>Os efeitos colaterais da ma\u00e7\u00e3 e como aproveitar seus benef\u00edcios<\/title>\n<meta name=\"description\" content=\"Descubra os efeitos colaterais do consumo excessivo de ma\u00e7\u00e3s e aprenda a aproveitar seus incr\u00edveis benef\u00edcios nutricionais.\" \/>\n<meta name=\"robots\" content=\"index, follow, max-snippet:-1, max-image-preview:large, max-video-preview:-1\" \/>\n<link rel=\"canonical\" href=\"https:\/\/www.correiobraziliense.com.br\/cbradar\/os-efeitos-colaterais-da-maca-e-como-aproveitar-seus-beneficios\/\" \/>\n<meta property=\"og:locale\" content=\"pt_BR\" \/>\n<meta property=\"og:type\" content=\"article\" \/>\n<meta property=\"og:title\" content=\"Os efeitos colaterais da ma\u00e7\u00e3 e como aproveitar seus benef\u00edcios\" \/>\n<meta property=\"og:description\" content=\"Descubra os efeitos colaterais do consumo excessivo de ma\u00e7\u00e3s e aprenda a aproveitar seus incr\u00edveis benef\u00edcios nutricionais.\" \/>\n<meta property=\"og:url\" content=\"https:\/\/www.correiobraziliense.com.br\/cbradar\/os-efeitos-colaterais-da-maca-e-como-aproveitar-seus-beneficios\/\" \/>\n<meta property=\"og:site_name\" content=\"Correio Braziliense - Radar\" \/>\n<meta property=\"article:published_time\" content=\"2025-09-05T20:23:00+00:00\" \/>\n<meta property=\"og:image\" content=\"https:\/\/www.correiobraziliense.com.br\/cbradar\/wp-content\/uploads\/2025\/09\/macas_1756941054147.jpg\" \/>\n\t<meta property=\"og:image:width\" content=\"1280\" \/>\n\t<meta property=\"og:image:height\" content=\"720\" \/>\n\t<meta property=\"og:image:type\" content=\"image\/jpeg\" \/>\n<meta name=\"author\" content=\"Larissa Carvalho\" \/>\n<meta name=\"twitter:card\" content=\"summary_large_image\" \/>\n<meta name=\"twitter:label1\" content=\"Escrito por\" \/>\n\t<meta name=\"twitter:data1\" content=\"Larissa Carvalho\" \/>\n\t<meta name=\"twitter:label2\" content=\"Est. tempo de leitura\" \/>\n\t<meta name=\"twitter:data2\" content=\"2 minutos\" \/>\n<!-- \/ Yoast SEO plugin. -->","yoast_head_json":{"title":"Os efeitos colaterais da ma\u00e7\u00e3 e como aproveitar seus benef\u00edcios","description":"Descubra os efeitos colaterais do consumo excessivo de ma\u00e7\u00e3s e aprenda a aproveitar seus incr\u00edveis benef\u00edcios nutricionais.","robots":{"index":"index","follow":"follow","max-snippet":"max-snippet:-1","max-image-preview":"max-image-preview:large","max-video-preview":"max-video-preview:-1"},"canonical":"https:\/\/www.correiobraziliense.com.br\/cbradar\/os-efeitos-colaterais-da-maca-e-como-aproveitar-seus-beneficios\/","og_locale":"pt_BR","og_type":"article","og_title":"Os efeitos colaterais da ma\u00e7\u00e3 e como aproveitar seus benef\u00edcios","og_description":"Descubra os efeitos colaterais do consumo excessivo de ma\u00e7\u00e3s e aprenda a aproveitar seus incr\u00edveis benef\u00edcios nutricionais.","og_url":"https:\/\/www.correiobraziliense.com.br\/cbradar\/os-efeitos-colaterais-da-maca-e-como-aproveitar-seus-beneficios\/","og_site_name":"Correio Braziliense - Radar","article_published_time":"2025-09-05T20:23:00+00:00","og_image":[{"width":1280,"height":720,"url":"https:\/\/www.correiobraziliense.com.br\/cbradar\/wp-content\/uploads\/2025\/09\/macas_1756941054147.jpg","type":"image\/jpeg"}],"author":"Larissa Carvalho","twitter_card":"summary_large_image","twitter_misc":{"Escrito por":"Larissa Carvalho","Est. tempo de leitura":"2 minutos"},"schema":{"@context":"https:\/\/schema.org","@graph":[{"@type":"WebPage","@id":"https:\/\/www.correiobraziliense.com.br\/cbradar\/os-efeitos-colaterais-da-maca-e-como-aproveitar-seus-beneficios\/","url":"https:\/\/www.correiobraziliense.com.br\/cbradar\/os-efeitos-colaterais-da-maca-e-como-aproveitar-seus-beneficios\/","name":"Os efeitos colaterais da ma\u00e7\u00e3 e como aproveitar seus benef\u00edcios","isPartOf":{"@id":"https:\/\/www.correiobraziliense.com.br\/cbradar\/#website"},"primaryImageOfPage":{"@id":"https:\/\/www.correiobraziliense.com.br\/cbradar\/os-efeitos-colaterais-da-maca-e-como-aproveitar-seus-beneficios\/#primaryimage"},"image":{"@id":"https:\/\/www.correiobraziliense.com.br\/cbradar\/os-efeitos-colaterais-da-maca-e-como-aproveitar-seus-beneficios\/#primaryimage"},"thumbnailUrl":"https:\/\/www.correiobraziliense.com.br\/cbradar\/wp-content\/uploads\/2025\/09\/macas_1756941054147.jpg","datePublished":"2025-09-05T20:23:00+00:00","author":{"@id":"https:\/\/www.correiobraziliense.com.br\/cbradar\/#\/schema\/person\/58422787644df994b53a19d3e56c1513"},"description":"Descubra os efeitos colaterais do consumo excessivo de ma\u00e7\u00e3s e aprenda a aproveitar seus incr\u00edveis benef\u00edcios nutricionais.","breadcrumb":{"@id":"https:\/\/www.correiobraziliense.com.br\/cbradar\/os-efeitos-colaterais-da-maca-e-como-aproveitar-seus-beneficios\/#breadcrumb"},"inLanguage":"pt-BR","potentialAction":[{"@type":"ReadAction","target":["https:\/\/www.correiobraziliense.com.br\/cbradar\/os-efeitos-colaterais-da-maca-e-como-aproveitar-seus-beneficios\/"]}]},{"@type":"ImageObject","inLanguage":"pt-BR","@id":"https:\/\/www.correiobraziliense.com.br\/cbradar\/os-efeitos-colaterais-da-maca-e-como-aproveitar-seus-beneficios\/#primaryimage","url":"https:\/\/www.correiobraziliense.com.br\/cbradar\/wp-content\/uploads\/2025\/09\/macas_1756941054147.jpg","contentUrl":"https:\/\/www.correiobraziliense.com.br\/cbradar\/wp-content\/uploads\/2025\/09\/macas_1756941054147.jpg","width":1280,"height":720,"caption":"ma\u00e7as. Cr\u00e9ditos: depositphotos.com \/ AntonMatyukha"},{"@type":"BreadcrumbList","@id":"https:\/\/www.correiobraziliense.com.br\/cbradar\/os-efeitos-colaterais-da-maca-e-como-aproveitar-seus-beneficios\/#breadcrumb","itemListElement":[{"@type":"ListItem","position":1,"name":"In\u00edcio","item":"https:\/\/www.correiobraziliense.com.br\/cbradar\/"},{"@type":"ListItem","position":2,"name":"Os efeitos colaterais da ma\u00e7\u00e3 e como aproveitar seus benef\u00edcios"}]},{"@type":"WebSite","@id":"https:\/\/www.correiobraziliense.com.br\/cbradar\/#website","url":"https:\/\/www.correiobraziliense.com.br\/cbradar\/","name":"Correio Braziliense - Radar","description":"Acompanhe as \u00faltimas not\u00edcias e fique bem informado sobre tudo o que acontece no Brasil e no mundo.","potentialAction":[{"@type":"SearchAction","target":{"@type":"EntryPoint","urlTemplate":"https:\/\/www.correiobraziliense.com.br\/cbradar\/?s={search_term_string}"},"query-input":{"@type":"PropertyValueSpecification","valueRequired":true,"valueName":"search_term_string"}}],"inLanguage":"pt-BR"},{"@type":"Person","@id":"https:\/\/www.correiobraziliense.com.br\/cbradar\/#\/schema\/person\/58422787644df994b53a19d3e56c1513","name":"Larissa Carvalho","image":{"@type":"ImageObject","inLanguage":"pt-BR","@id":"https:\/\/www.correiobraziliense.com.br\/cbradar\/#\/schema\/person\/image\/","url":"https:\/\/secure.gravatar.com\/avatar\/fe4f91a0de32b52a838d0d612abdc1aa?s=96&d=mm&r=g","contentUrl":"https:\/\/secure.gravatar.com\/avatar\/fe4f91a0de32b52a838d0d612abdc1aa?s=96&d=mm&r=g","caption":"Larissa Carvalho"},"url":"https:\/\/www.correiobraziliense.com.br\/cbradar\/author\/larissamyth\/"}]}},"_links":{"self":[{"href":"https:\/\/www.correiobraziliense.com.br\/cbradar\/wp-json\/wp\/v2\/posts\/98109","targetHints":{"allow":["GET"]}}],"collection":[{"href":"https:\/\/www.correiobraziliense.com.br\/cbradar\/wp-json\/wp\/v2\/posts"}],"about":[{"href":"https:\/\/www.correiobraziliense.com.br\/cbradar\/wp-json\/wp\/v2\/types\/post"}],"author":[{"embeddable":true,"href":"https:\/\/www.correiobraziliense.com.br\/cbradar\/wp-json\/wp\/v2\/users\/3"}],"replies":[{"embeddable":true,"href":"https:\/\/www.correiobraziliense.com.br\/cbradar\/wp-json\/wp\/v2\/comments?post=98109"}],"version-history":[{"count":3,"href":"https:\/\/www.correiobraziliense.com.br\/cbradar\/wp-json\/wp\/v2\/posts\/98109\/revisions"}],"predecessor-version":[{"id":98840,"href":"https:\/\/www.correiobraziliense.com.br\/cbradar\/wp-json\/wp\/v2\/posts\/98109\/revisions\/98840"}],"wp:featuredmedia":[{"embeddable":true,"href":"https:\/\/www.correiobraziliense.com.br\/cbradar\/wp-json\/wp\/v2\/media\/98111"}],"wp:attachment":[{"href":"https:\/\/www.correiobraziliense.com.br\/cbradar\/wp-json\/wp\/v2\/media?parent=98109"}],"wp:term":[{"taxonomy":"category","embeddable":true,"href":"https:\/\/www.correiobraziliense.com.br\/cbradar\/wp-json\/wp\/v2\/categories?post=98109"},{"taxonomy":"post_tag","embeddable":true,"href":"https:\/\/www.correiobraziliense.com.br\/cbradar\/wp-json\/wp\/v2\/post_tag?post=98109"}],"curies":[{"name":"wp","href":"https:\/\/api.w.org\/{rel}","templated":true}]}}