{"id":98497,"date":"2025-09-05T19:03:00","date_gmt":"2025-09-05T22:03:00","guid":{"rendered":"https:\/\/www.correiobraziliense.com.br\/cbradar\/?p=98497"},"modified":"2025-09-04T16:59:51","modified_gmt":"2025-09-04T19:59:51","slug":"este-cha-e-mais-poderoso-para-dissolver-pedras-nos-rins","status":"publish","type":"post","link":"https:\/\/www.correiobraziliense.com.br\/cbradar\/este-cha-e-mais-poderoso-para-dissolver-pedras-nos-rins\/","title":{"rendered":"Este ch\u00e1 \u00e9 mais poderoso para dissolver pedras nos rins"},"content":{"rendered":"\n<p>A\u00a0<em>Phyllanthus niruri<\/em>, mais conhecida como <strong>Quebra-Pedra<\/strong>, \u00e9 uma erva amplamente encontrada em regi\u00f5es tropicais como Am\u00e9rica do Sul, \u00cdndia e \u00c1frica. Bastante utilizada em pr\u00e1ticas de medicina tradicional, a planta ganhou notoriedade devido \u00e0 sua fama de auxiliar na elimina\u00e7\u00e3o de pedras nos rins. Essa propriedade fez com que o Quebra-Pedra fosse adotado para tratar quest\u00f5es relacionadas ao trato urin\u00e1rio ao longo dos s\u00e9culos.<\/p>\n\n\n\n<p>Para al\u00e9m dos benef\u00edcios renais, essa planta tamb\u00e9m tem sido associada \u00e0 sa\u00fade do f\u00edgado. Com o estilo de vida moderno e o consumo de alimentos processados, o f\u00edgado frequentemente enfrenta desafios. Os compostos presentes no Quebra-Pedra, incluindo antioxidantes e agentes anti-inflamat\u00f3rios, s\u00e3o apontados como ben\u00e9ficos para minimizar os danos causados por radicais livres e promover a sa\u00fade hep\u00e1tica.<\/p>\n\n\n\n<h2 class=\"wp-block-heading\">Quebra-Pedra \u00e9 eficaz na elimina\u00e7\u00e3o de c\u00e1lculos renais?<\/h2>\n\n\n\n<p>Tradicionalmente, o Quebra-Pedra \u00e9 admirado por suas poss\u00edveis propriedades diur\u00e9ticas, que podem auxiliar na dissolu\u00e7\u00e3o de <a href=\"https:\/\/www.instagram.com\/drantoniocouceirolopes\/\" target=\"_blank\" rel=\"noreferrer noopener\">c\u00e1lculos nos rins<\/a>. Essas propriedades ajudam a aumentar o fluxo urin\u00e1rio, diluindo as subst\u00e2ncias que formam as pedras e aliviando o processo de sua elimina\u00e7\u00e3o. Consequentemente, ele pode facilitar a passagem das pedras e diminuir o desconforto associado a essa condi\u00e7\u00e3o.<\/p>\n\n\n\n<figure class=\"wp-block-image aligncenter size-large\"><img decoding=\"async\" width=\"1024\" height=\"576\" src=\"https:\/\/www.correiobraziliense.com.br\/cbradar\/wp-content\/uploads\/2025\/05\/pedra-nos-rins_1747158197400-1024x576.jpg\" alt=\"\" class=\"wp-image-36319\" srcset=\"https:\/\/www.correiobraziliense.com.br\/cbradar\/wp-content\/uploads\/2025\/05\/pedra-nos-rins_1747158197400-1024x576.jpg 1024w, https:\/\/www.correiobraziliense.com.br\/cbradar\/wp-content\/uploads\/2025\/05\/pedra-nos-rins_1747158197400-300x169.jpg 300w, https:\/\/www.correiobraziliense.com.br\/cbradar\/wp-content\/uploads\/2025\/05\/pedra-nos-rins_1747158197400-768x432.jpg 768w, https:\/\/www.correiobraziliense.com.br\/cbradar\/wp-content\/uploads\/2025\/05\/pedra-nos-rins_1747158197400-750x422.jpg 750w, https:\/\/www.correiobraziliense.com.br\/cbradar\/wp-content\/uploads\/2025\/05\/pedra-nos-rins_1747158197400-1140x641.jpg 1140w, https:\/\/www.correiobraziliense.com.br\/cbradar\/wp-content\/uploads\/2025\/05\/pedra-nos-rins_1747158197400.jpg 1280w\" sizes=\"(max-width: 1024px) 100vw, 1024px\" \/><figcaption class=\"wp-element-caption\">Sa\u00fade dos Rins &#8211; Cr\u00e9ditos: depositphotos.com \/ Milkos\n\n<\/figcaption><\/figure>\n\n\n\n<h2 class=\"wp-block-heading\">Quais s\u00e3o as vantagens antioxidantes do Quebra-Pedra?<\/h2>\n\n\n\n<p>Al\u00e9m de suas aplica\u00e7\u00f5es no trato urin\u00e1rio, o Quebra-Pedra possui atributos antioxidantes significativos. Esses antioxidantes ajudam a proteger as c\u00e9lulas do dano oxidativo causado por radicais livres, desempenhando um papel importante na <a href=\"https:\/\/www.correiobraziliense.com.br\/cbradar\/esse-temor-comum-antes-da-cirurgia-pode-ser-um-mito\/\" target=\"_blank\" rel=\"noreferrer noopener\">manuten\u00e7\u00e3o <\/a>do equil\u00edbrio celular e na redu\u00e7\u00e3o das inflama\u00e7\u00f5es. Flavonoides, presentes na planta, s\u00e3o fundamentais neste processo de prote\u00e7\u00e3o.<\/p>\n\n\n\n<h2 class=\"wp-block-heading\">O Quebra-Pedra pode influenciar a sa\u00fade cardiovascular?<\/h2>\n\n\n\n<p>As qualidades diur\u00e9ticas do Quebra-Pedra podem ter um impacto positivo na sa\u00fade cardiovascular. Ao auxiliar na remo\u00e7\u00e3o de excesso de s\u00f3dio e l\u00edquidos do corpo, ele ajuda a reduzir o volume sangu\u00edneo, o que pode resultar em menor press\u00e3o sobre os vasos sangu\u00edneos. Esse mecanismo \u00e9 ben\u00e9fico para a regula\u00e7\u00e3o da press\u00e3o arterial, contribuindo para uma melhor sa\u00fade do cora\u00e7\u00e3o.<\/p>\n\n\n\n<h2 class=\"wp-block-heading\">Quais as recomenda\u00e7\u00f5es sobre o uso do Quebra-Pedra?<\/h2>\n\n\n\n<p>Embora o Quebra-Pedra ofere\u00e7a muitos benef\u00edcios, \u00e9 essencial utiliz\u00e1-lo com cautela. A recomenda\u00e7\u00e3o \u00e9 que seu uso cont\u00ednuo n\u00e3o exceda algumas semanas, para evitar efeitos colaterais indesejados. O apoio e a orienta\u00e7\u00e3o de um profissional de sa\u00fade s\u00e3o fundamentais para garantir seu uso seguro e adequado, adaptado \u00e0s necessidades individuais de sa\u00fade.<\/p>\n\n\n\n<p>Em resumo, o Quebra-Pedra representa um aliado potente na medicina fitoter\u00e1pica, disponibilizando uma s\u00e9rie de potenciais benef\u00edcios \u00e0 sa\u00fade quando utilizado com a devida precau\u00e7\u00e3o e orienta\u00e7\u00e3o profissional.<\/p>\n\n\n<a href=\"https:\/\/www.instagram.com\/dra.annaluisabf\/\" target=\"_blank\" rel=\"noopener\" style=\"text-decoration: none; color: inherit;\">\n    <span style=\"display: inline-block; border: 1px solid #ccc; border-radius: 10px; padding: 15px; max-width: 550px; font-family: sans-serif; box-shadow: 0 2px 5px rgba(0,0,0,0.1); width: 100%;\">\n\n      <!-- T\u00edtulo -->\n      <span style=\"display: block; margin: 0 0 15px 0; font-weight: bold; color: #2c3e50; text-align: center;\">\n        Entre em contato:\n      <\/span>\n\n      <!-- Linha do perfil -->\n      <span style=\"display: flex; align-items: center; gap: 15px;\">\n        <img decoding=\"async\"\n          src=\"https:\/\/www.correiobraziliense.com.br\/cbradar\/wp-content\/uploads\/2025\/08\/dra_anna_luisa.jpeg\"\n          alt=\"Foto da Dra. Anna Lu\u00edsa\"\n          style=\"border-radius: 50%; width: 80px; height: 80px; object-fit: cover;\"\n        \/>\n        <span style=\"display: flex; flex-direction: column;\">\n          <span style=\"font-size: 18px; font-weight: 700; color: #2c3e50;\">Dra. Anna Lu\u00edsa Barbosa Fernandes<\/span>\n          <span style=\"color: #555;\">CRM-GO 33.271<\/span>\n        <\/span>\n      <\/span>\n\n      <!-- Redes -->\n      <span style=\"display: flex; align-items: center; gap: 10px; margin-top: 12px;\">\n        <img decoding=\"async\" src=\"https:\/\/cdn-icons-png.flaticon.com\/24\/1384\/1384063.png\" alt=\"Instagram\" width=\"24\" height=\"24\" \/>\n        <span style=\"text-decoration: underline; color: #2c3e50;\">@dra.annaluisabf<\/span>\n      <\/span>\n\n    <\/span>\n  <\/a>","protected":false},"excerpt":{"rendered":"<p>A\u00a0Phyllanthus niruri, mais conhecida como Quebra-Pedra, \u00e9 uma erva amplamente encontrada em regi\u00f5es tropicais como Am\u00e9rica do Sul, \u00cdndia e \u00c1frica. Bastante utilizada em pr\u00e1ticas de medicina tradicional, a planta ganhou notoriedade devido \u00e0 sua fama de auxiliar na elimina\u00e7\u00e3o de pedras nos rins. Essa propriedade fez com que o Quebra-Pedra fosse adotado para tratar [&hellip;]<\/p>\n","protected":false},"author":14,"featured_media":95616,"comment_status":"open","ping_status":"open","sticky":false,"template":"","format":"standard","meta":{"_yoast_wpseo_focuskw":"Quebra-Pedra","_yoast_wpseo_title":"","_yoast_wpseo_metadesc":"A erva Quebra-Pedra pode aliviar c\u00e1lculos renais, apoiar a sa\u00fade do f\u00edgado e ajudar na regula\u00e7\u00e3o da press\u00e3o arterial. Saiba mais.","jnews-multi-image_gallery":[],"jnews_single_post":{"format":"standard"},"jnews_primary_category":[],"jnews_social_meta":[],"jnews_override_counter":[],"footnotes":""},"categories":[4404],"tags":[120,10042,1318],"class_list":["post-98497","post","type-post","status-publish","format-standard","has-post-thumbnail","hentry","category-saude","tag-bem-estar","tag-pedra-nos-rins","tag-saude-2"],"yoast_head":"<!-- This site is optimized with the Yoast SEO plugin v24.6 - https:\/\/yoast.com\/wordpress\/plugins\/seo\/ -->\n<title>Este ch\u00e1 \u00e9 mais poderoso para dissolver pedras nos rins - Correio Braziliense - Radar<\/title>\n<meta name=\"description\" content=\"A erva Quebra-Pedra pode aliviar c\u00e1lculos renais, apoiar a sa\u00fade do f\u00edgado e ajudar na regula\u00e7\u00e3o da press\u00e3o arterial. Saiba mais.\" \/>\n<meta name=\"robots\" content=\"index, follow, max-snippet:-1, max-image-preview:large, max-video-preview:-1\" \/>\n<link rel=\"canonical\" href=\"https:\/\/www.correiobraziliense.com.br\/cbradar\/este-cha-e-mais-poderoso-para-dissolver-pedras-nos-rins\/\" \/>\n<meta property=\"og:locale\" content=\"pt_BR\" \/>\n<meta property=\"og:type\" content=\"article\" \/>\n<meta property=\"og:title\" content=\"Este ch\u00e1 \u00e9 mais poderoso para dissolver pedras nos rins - Correio Braziliense - Radar\" \/>\n<meta property=\"og:description\" content=\"A erva Quebra-Pedra pode aliviar c\u00e1lculos renais, apoiar a sa\u00fade do f\u00edgado e ajudar na regula\u00e7\u00e3o da press\u00e3o arterial. Saiba mais.\" \/>\n<meta property=\"og:url\" content=\"https:\/\/www.correiobraziliense.com.br\/cbradar\/este-cha-e-mais-poderoso-para-dissolver-pedras-nos-rins\/\" \/>\n<meta property=\"og:site_name\" content=\"Correio Braziliense - Radar\" \/>\n<meta property=\"article:published_time\" content=\"2025-09-05T22:03:00+00:00\" \/>\n<meta property=\"og:image\" content=\"https:\/\/www.correiobraziliense.com.br\/cbradar\/wp-content\/uploads\/2025\/08\/mulher-tomando-cha_1756615700542.jpg\" \/>\n\t<meta property=\"og:image:width\" content=\"1280\" \/>\n\t<meta property=\"og:image:height\" content=\"720\" \/>\n\t<meta property=\"og:image:type\" content=\"image\/jpeg\" \/>\n<meta name=\"author\" content=\"guilherme_saude\" \/>\n<meta name=\"twitter:card\" content=\"summary_large_image\" \/>\n<meta name=\"twitter:label1\" content=\"Escrito por\" \/>\n\t<meta name=\"twitter:data1\" content=\"guilherme_saude\" \/>\n\t<meta name=\"twitter:label2\" content=\"Est. tempo de leitura\" \/>\n\t<meta name=\"twitter:data2\" content=\"4 minutos\" \/>\n<!-- \/ Yoast SEO plugin. -->","yoast_head_json":{"title":"Este ch\u00e1 \u00e9 mais poderoso para dissolver pedras nos rins - Correio Braziliense - Radar","description":"A erva Quebra-Pedra pode aliviar c\u00e1lculos renais, apoiar a sa\u00fade do f\u00edgado e ajudar na regula\u00e7\u00e3o da press\u00e3o arterial. Saiba mais.","robots":{"index":"index","follow":"follow","max-snippet":"max-snippet:-1","max-image-preview":"max-image-preview:large","max-video-preview":"max-video-preview:-1"},"canonical":"https:\/\/www.correiobraziliense.com.br\/cbradar\/este-cha-e-mais-poderoso-para-dissolver-pedras-nos-rins\/","og_locale":"pt_BR","og_type":"article","og_title":"Este ch\u00e1 \u00e9 mais poderoso para dissolver pedras nos rins - Correio Braziliense - Radar","og_description":"A erva Quebra-Pedra pode aliviar c\u00e1lculos renais, apoiar a sa\u00fade do f\u00edgado e ajudar na regula\u00e7\u00e3o da press\u00e3o arterial. Saiba mais.","og_url":"https:\/\/www.correiobraziliense.com.br\/cbradar\/este-cha-e-mais-poderoso-para-dissolver-pedras-nos-rins\/","og_site_name":"Correio Braziliense - Radar","article_published_time":"2025-09-05T22:03:00+00:00","og_image":[{"width":1280,"height":720,"url":"https:\/\/www.correiobraziliense.com.br\/cbradar\/wp-content\/uploads\/2025\/08\/mulher-tomando-cha_1756615700542.jpg","type":"image\/jpeg"}],"author":"guilherme_saude","twitter_card":"summary_large_image","twitter_misc":{"Escrito por":"guilherme_saude","Est. tempo de leitura":"4 minutos"},"schema":{"@context":"https:\/\/schema.org","@graph":[{"@type":"WebPage","@id":"https:\/\/www.correiobraziliense.com.br\/cbradar\/este-cha-e-mais-poderoso-para-dissolver-pedras-nos-rins\/","url":"https:\/\/www.correiobraziliense.com.br\/cbradar\/este-cha-e-mais-poderoso-para-dissolver-pedras-nos-rins\/","name":"Este ch\u00e1 \u00e9 mais poderoso para dissolver pedras nos rins - Correio Braziliense - Radar","isPartOf":{"@id":"https:\/\/www.correiobraziliense.com.br\/cbradar\/#website"},"primaryImageOfPage":{"@id":"https:\/\/www.correiobraziliense.com.br\/cbradar\/este-cha-e-mais-poderoso-para-dissolver-pedras-nos-rins\/#primaryimage"},"image":{"@id":"https:\/\/www.correiobraziliense.com.br\/cbradar\/este-cha-e-mais-poderoso-para-dissolver-pedras-nos-rins\/#primaryimage"},"thumbnailUrl":"https:\/\/www.correiobraziliense.com.br\/cbradar\/wp-content\/uploads\/2025\/08\/mulher-tomando-cha_1756615700542.jpg","datePublished":"2025-09-05T22:03:00+00:00","author":{"@id":"https:\/\/www.correiobraziliense.com.br\/cbradar\/#\/schema\/person\/5aa4bf3c8fa699c267933611de12978b"},"description":"A erva Quebra-Pedra pode aliviar c\u00e1lculos renais, apoiar a sa\u00fade do f\u00edgado e ajudar na regula\u00e7\u00e3o da press\u00e3o arterial. Saiba mais.","breadcrumb":{"@id":"https:\/\/www.correiobraziliense.com.br\/cbradar\/este-cha-e-mais-poderoso-para-dissolver-pedras-nos-rins\/#breadcrumb"},"inLanguage":"pt-BR","potentialAction":[{"@type":"ReadAction","target":["https:\/\/www.correiobraziliense.com.br\/cbradar\/este-cha-e-mais-poderoso-para-dissolver-pedras-nos-rins\/"]}]},{"@type":"ImageObject","inLanguage":"pt-BR","@id":"https:\/\/www.correiobraziliense.com.br\/cbradar\/este-cha-e-mais-poderoso-para-dissolver-pedras-nos-rins\/#primaryimage","url":"https:\/\/www.correiobraziliense.com.br\/cbradar\/wp-content\/uploads\/2025\/08\/mulher-tomando-cha_1756615700542.jpg","contentUrl":"https:\/\/www.correiobraziliense.com.br\/cbradar\/wp-content\/uploads\/2025\/08\/mulher-tomando-cha_1756615700542.jpg","width":1280,"height":720,"caption":"Ch\u00e1 - Cr\u00e9ditos: depositphotos.com \/ DragonImages"},{"@type":"BreadcrumbList","@id":"https:\/\/www.correiobraziliense.com.br\/cbradar\/este-cha-e-mais-poderoso-para-dissolver-pedras-nos-rins\/#breadcrumb","itemListElement":[{"@type":"ListItem","position":1,"name":"In\u00edcio","item":"https:\/\/www.correiobraziliense.com.br\/cbradar\/"},{"@type":"ListItem","position":2,"name":"Este ch\u00e1 \u00e9 mais poderoso para dissolver pedras nos rins"}]},{"@type":"WebSite","@id":"https:\/\/www.correiobraziliense.com.br\/cbradar\/#website","url":"https:\/\/www.correiobraziliense.com.br\/cbradar\/","name":"Correio Braziliense - Radar","description":"Acompanhe as \u00faltimas not\u00edcias e fique bem informado sobre tudo o que acontece no Brasil e no mundo.","potentialAction":[{"@type":"SearchAction","target":{"@type":"EntryPoint","urlTemplate":"https:\/\/www.correiobraziliense.com.br\/cbradar\/?s={search_term_string}"},"query-input":{"@type":"PropertyValueSpecification","valueRequired":true,"valueName":"search_term_string"}}],"inLanguage":"pt-BR"},{"@type":"Person","@id":"https:\/\/www.correiobraziliense.com.br\/cbradar\/#\/schema\/person\/5aa4bf3c8fa699c267933611de12978b","name":"guilherme_saude","image":{"@type":"ImageObject","inLanguage":"pt-BR","@id":"https:\/\/www.correiobraziliense.com.br\/cbradar\/#\/schema\/person\/image\/","url":"https:\/\/secure.gravatar.com\/avatar\/df9adfb835d344bc0af109d41756253f?s=96&d=mm&r=g","contentUrl":"https:\/\/secure.gravatar.com\/avatar\/df9adfb835d344bc0af109d41756253f?s=96&d=mm&r=g","caption":"guilherme_saude"},"url":"https:\/\/www.correiobraziliense.com.br\/cbradar\/author\/guilherme_saude\/"}]}},"_links":{"self":[{"href":"https:\/\/www.correiobraziliense.com.br\/cbradar\/wp-json\/wp\/v2\/posts\/98497","targetHints":{"allow":["GET"]}}],"collection":[{"href":"https:\/\/www.correiobraziliense.com.br\/cbradar\/wp-json\/wp\/v2\/posts"}],"about":[{"href":"https:\/\/www.correiobraziliense.com.br\/cbradar\/wp-json\/wp\/v2\/types\/post"}],"author":[{"embeddable":true,"href":"https:\/\/www.correiobraziliense.com.br\/cbradar\/wp-json\/wp\/v2\/users\/14"}],"replies":[{"embeddable":true,"href":"https:\/\/www.correiobraziliense.com.br\/cbradar\/wp-json\/wp\/v2\/comments?post=98497"}],"version-history":[{"count":1,"href":"https:\/\/www.correiobraziliense.com.br\/cbradar\/wp-json\/wp\/v2\/posts\/98497\/revisions"}],"predecessor-version":[{"id":98506,"href":"https:\/\/www.correiobraziliense.com.br\/cbradar\/wp-json\/wp\/v2\/posts\/98497\/revisions\/98506"}],"wp:featuredmedia":[{"embeddable":true,"href":"https:\/\/www.correiobraziliense.com.br\/cbradar\/wp-json\/wp\/v2\/media\/95616"}],"wp:attachment":[{"href":"https:\/\/www.correiobraziliense.com.br\/cbradar\/wp-json\/wp\/v2\/media?parent=98497"}],"wp:term":[{"taxonomy":"category","embeddable":true,"href":"https:\/\/www.correiobraziliense.com.br\/cbradar\/wp-json\/wp\/v2\/categories?post=98497"},{"taxonomy":"post_tag","embeddable":true,"href":"https:\/\/www.correiobraziliense.com.br\/cbradar\/wp-json\/wp\/v2\/tags?post=98497"}],"curies":[{"name":"wp","href":"https:\/\/api.w.org\/{rel}","templated":true}]}}