{"id":98647,"date":"2025-09-06T20:33:00","date_gmt":"2025-09-06T23:33:00","guid":{"rendered":"https:\/\/www.correiobraziliense.com.br\/cbradar\/?p=98647"},"modified":"2025-09-05T07:53:03","modified_gmt":"2025-09-05T10:53:03","slug":"o-que-a-psicologia-diz-sobre-quem-evita-contato-visual-ao-conversar","status":"publish","type":"post","link":"https:\/\/www.correiobraziliense.com.br\/cbradar\/o-que-a-psicologia-diz-sobre-quem-evita-contato-visual-ao-conversar\/","title":{"rendered":"O que a psicologia diz sobre quem evita contato visual ao conversar"},"content":{"rendered":"\n<p>A <strong>linguagem n\u00e3o verbal<\/strong> \u00e9 essencial para <strong>expressar sinais<\/strong> ocultos que complementam nossa comunica\u00e7\u00e3o verbal. Estima-se que grande parte das informa\u00e7\u00f5es que transmitimos prov\u00e9m de sinais n\u00e3o verbais, como o contato visual.<\/p>\n\n\n\n<ul class=\"wp-block-list\">\n<li>Import\u00e2ncia do <strong>contato visual<\/strong> na comunica\u00e7\u00e3o.<\/li>\n\n\n\n<li>Interpreta\u00e7\u00e3o dos olhares segundo a <strong>Psicologia<\/strong>.<\/li>\n\n\n\n<li>Significados de evitar o contato visual e seu impacto.<\/li>\n<\/ul>\n\n\n\n<h2 class=\"wp-block-heading\">Por que o contato visual \u00e9 crucial?<\/h2>\n\n\n\n<p>O <strong>contato visual<\/strong> \u00e9 vital para captar a aten\u00e7\u00e3o do interlocutor e demonstrar que desejamos comunicar algo. Esse gesto sinaliza o momento de fala em uma conversa.<\/p>\n\n\n\n<p>Em uma conversa fluida, o contato visual costuma ser mantido entre 40% e 60% do tempo. Isso n\u00e3o s\u00f3 favorece a compreens\u00e3o, mas tamb\u00e9m regula o fluxo do di\u00e1logo.<\/p>\n\n\n\n<h2 class=\"wp-block-heading\">Interpreta\u00e7\u00e3o psicol\u00f3gica: O que revelam seus olhares?<\/h2>\n\n\n\n<p>De acordo com estudos em Psicologia, nossos olhares s\u00e3o fundamentais para revelar pensamentos subjacentes. Por exemplo:<\/p>\n\n\n\n<ul class=\"wp-block-list\">\n<li>Desviar o olhar pode indicar que estamos tentando lembrar ou at\u00e9 mesmo inventando algo.<\/li>\n\n\n\n<li>O lado para o qual olhamos ao mentir ou recordar pode depender da nossa lateralidade cerebral.<\/li>\n<\/ul>\n\n\n\n<p>Esse comportamento \u00e9 conhecido em diversos campos, como em interrogat\u00f3rios policiais e entrevistas de emprego.<\/p>\n\n\n\n<figure class=\"wp-block-image size-large\"><img decoding=\"async\" width=\"1024\" height=\"576\" src=\"https:\/\/www.correiobraziliense.com.br\/cbradar\/wp-content\/uploads\/2025\/09\/pessoas-conversando_1757069567469-1024x576.jpg\" alt=\"O que a psicologia diz sobre quem evita contato visual ao conversar\" class=\"wp-image-98650\" srcset=\"https:\/\/www.correiobraziliense.com.br\/cbradar\/wp-content\/uploads\/2025\/09\/pessoas-conversando_1757069567469-1024x576.jpg 1024w, https:\/\/www.correiobraziliense.com.br\/cbradar\/wp-content\/uploads\/2025\/09\/pessoas-conversando_1757069567469-300x169.jpg 300w, https:\/\/www.correiobraziliense.com.br\/cbradar\/wp-content\/uploads\/2025\/09\/pessoas-conversando_1757069567469-768x432.jpg 768w, https:\/\/www.correiobraziliense.com.br\/cbradar\/wp-content\/uploads\/2025\/09\/pessoas-conversando_1757069567469-750x422.jpg 750w, https:\/\/www.correiobraziliense.com.br\/cbradar\/wp-content\/uploads\/2025\/09\/pessoas-conversando_1757069567469-1140x641.jpg 1140w, https:\/\/www.correiobraziliense.com.br\/cbradar\/wp-content\/uploads\/2025\/09\/pessoas-conversando_1757069567469.jpg 1280w\" sizes=\"(max-width: 1024px) 100vw, 1024px\" \/><figcaption class=\"wp-element-caption\">pessoas conversando. Cr\u00e9ditos: depositphotos.com \/ VitalikRadko<\/figcaption><\/figure>\n\n\n\n<h2 class=\"wp-block-heading\">Olhar esquivado: Inseguran\u00e7a ou vergonha?<\/h2>\n\n\n\n<p>O olhar esquivo \u00e9 comum no nosso dia a dia. Segundo especialistas, evitar o contato visual pode indicar amea\u00e7a, <strong>inseguran\u00e7a<\/strong> ou <strong>vergonha<\/strong>.<\/p>\n\n\n\n<p>Paula Mart\u00ednez, especialista em Neuroci\u00eancia, destaca que essas nuances do olhar fornecem pistas valiosas sobre o estado emocional de uma pessoa. Al\u00e9m disso, fatores culturais tamb\u00e9m podem influenciar o significado do contato visual, j\u00e1 que em algumas culturas evitar o olhar direto \u00e9 sinal de respeito ou humildade.<\/p>\n\n\n\n<h2 class=\"wp-block-heading\">Conclus\u00f5es principais sobre o contato visual<\/h2>\n\n\n\n<ul class=\"wp-block-list\">\n<li>O contato visual estabelece um canal direto de <strong>comunica\u00e7\u00e3o<\/strong> e regula\u00e7\u00e3o da conversa.<\/li>\n\n\n\n<li>Nossos olhares revelam informa\u00e7\u00f5es subliminares sobre inten\u00e7\u00f5es e emo\u00e7\u00f5es.<\/li>\n\n\n\n<li>Evitar o contato visual pode ser um sinal de inseguran\u00e7a ou mecanismos de defesa.<\/li>\n\n\n\n<li>\u00c9 importante considerar o contexto cultural ao interpretar olhares e gestos n\u00e3o verbais.<\/li>\n<\/ul>\n","protected":false},"excerpt":{"rendered":"<p>Aprenda sobre o poder do contato visual na comunica\u00e7\u00e3o humana e sua interpreta\u00e7\u00e3o segundo a psicologia. Descubra por que ele \u00e9 crucial e como ele revela nossas emo\u00e7\u00f5es.<\/p>\n","protected":false},"author":3,"featured_media":98649,"comment_status":"open","ping_status":"open","sticky":false,"template":"","format":"standard","meta":{"_yoast_wpseo_focuskw":"evita contato visual","_yoast_wpseo_title":"%%title%%","_yoast_wpseo_metadesc":"Aprenda sobre o poder do contato visual na comunica\u00e7\u00e3o humana e sua interpreta\u00e7\u00e3o segundo a psicologia. Descubra por que ele \u00e9 crucial e como ele revela nossas emo\u00e7\u00f5es.","jnews-multi-image_gallery":[],"jnews_single_post":{"format":"standard"},"jnews_primary_category":[],"jnews_social_meta":[],"jnews_override_counter":[],"footnotes":""},"categories":[112],"post_tag":[144,404],"class_list":["post-98647","post","type-post","status-publish","format-standard","has-post-thumbnail","hentry","category-curiosidades","tag-curiosidades","tag-psicologia"],"yoast_head":"<!-- This site is optimized with the Yoast SEO plugin v24.6 - https:\/\/yoast.com\/wordpress\/plugins\/seo\/ -->\n<title>O que a psicologia diz sobre quem evita contato visual ao conversar<\/title>\n<meta name=\"description\" content=\"Aprenda sobre o poder do contato visual na comunica\u00e7\u00e3o humana e sua interpreta\u00e7\u00e3o segundo a psicologia. Descubra por que ele \u00e9 crucial e como ele revela nossas emo\u00e7\u00f5es.\" \/>\n<meta name=\"robots\" content=\"index, follow, max-snippet:-1, max-image-preview:large, max-video-preview:-1\" \/>\n<link rel=\"canonical\" href=\"https:\/\/www.correiobraziliense.com.br\/cbradar\/o-que-a-psicologia-diz-sobre-quem-evita-contato-visual-ao-conversar\/\" \/>\n<meta property=\"og:locale\" content=\"pt_BR\" \/>\n<meta property=\"og:type\" content=\"article\" \/>\n<meta property=\"og:title\" content=\"O que a psicologia diz sobre quem evita contato visual ao conversar\" \/>\n<meta property=\"og:description\" content=\"Aprenda sobre o poder do contato visual na comunica\u00e7\u00e3o humana e sua interpreta\u00e7\u00e3o segundo a psicologia. Descubra por que ele \u00e9 crucial e como ele revela nossas emo\u00e7\u00f5es.\" \/>\n<meta property=\"og:url\" content=\"https:\/\/www.correiobraziliense.com.br\/cbradar\/o-que-a-psicologia-diz-sobre-quem-evita-contato-visual-ao-conversar\/\" \/>\n<meta property=\"og:site_name\" content=\"Correio Braziliense - Radar\" \/>\n<meta property=\"article:published_time\" content=\"2025-09-06T23:33:00+00:00\" \/>\n<meta property=\"og:image\" content=\"https:\/\/www.correiobraziliense.com.br\/cbradar\/wp-content\/uploads\/2025\/09\/pessoas-conversando_1757069535013.jpg\" \/>\n\t<meta property=\"og:image:width\" content=\"1280\" \/>\n\t<meta property=\"og:image:height\" content=\"720\" \/>\n\t<meta property=\"og:image:type\" content=\"image\/jpeg\" \/>\n<meta name=\"author\" content=\"Larissa Carvalho\" \/>\n<meta name=\"twitter:card\" content=\"summary_large_image\" \/>\n<meta name=\"twitter:label1\" content=\"Escrito por\" \/>\n\t<meta name=\"twitter:data1\" content=\"Larissa Carvalho\" \/>\n\t<meta name=\"twitter:label2\" content=\"Est. tempo de leitura\" \/>\n\t<meta name=\"twitter:data2\" content=\"3 minutos\" \/>\n<!-- \/ Yoast SEO plugin. -->","yoast_head_json":{"title":"O que a psicologia diz sobre quem evita contato visual ao conversar","description":"Aprenda sobre o poder do contato visual na comunica\u00e7\u00e3o humana e sua interpreta\u00e7\u00e3o segundo a psicologia. Descubra por que ele \u00e9 crucial e como ele revela nossas emo\u00e7\u00f5es.","robots":{"index":"index","follow":"follow","max-snippet":"max-snippet:-1","max-image-preview":"max-image-preview:large","max-video-preview":"max-video-preview:-1"},"canonical":"https:\/\/www.correiobraziliense.com.br\/cbradar\/o-que-a-psicologia-diz-sobre-quem-evita-contato-visual-ao-conversar\/","og_locale":"pt_BR","og_type":"article","og_title":"O que a psicologia diz sobre quem evita contato visual ao conversar","og_description":"Aprenda sobre o poder do contato visual na comunica\u00e7\u00e3o humana e sua interpreta\u00e7\u00e3o segundo a psicologia. Descubra por que ele \u00e9 crucial e como ele revela nossas emo\u00e7\u00f5es.","og_url":"https:\/\/www.correiobraziliense.com.br\/cbradar\/o-que-a-psicologia-diz-sobre-quem-evita-contato-visual-ao-conversar\/","og_site_name":"Correio Braziliense - Radar","article_published_time":"2025-09-06T23:33:00+00:00","og_image":[{"width":1280,"height":720,"url":"https:\/\/www.correiobraziliense.com.br\/cbradar\/wp-content\/uploads\/2025\/09\/pessoas-conversando_1757069535013.jpg","type":"image\/jpeg"}],"author":"Larissa Carvalho","twitter_card":"summary_large_image","twitter_misc":{"Escrito por":"Larissa Carvalho","Est. tempo de leitura":"3 minutos"},"schema":{"@context":"https:\/\/schema.org","@graph":[{"@type":"WebPage","@id":"https:\/\/www.correiobraziliense.com.br\/cbradar\/o-que-a-psicologia-diz-sobre-quem-evita-contato-visual-ao-conversar\/","url":"https:\/\/www.correiobraziliense.com.br\/cbradar\/o-que-a-psicologia-diz-sobre-quem-evita-contato-visual-ao-conversar\/","name":"O que a psicologia diz sobre quem evita contato visual ao conversar","isPartOf":{"@id":"https:\/\/www.correiobraziliense.com.br\/cbradar\/#website"},"primaryImageOfPage":{"@id":"https:\/\/www.correiobraziliense.com.br\/cbradar\/o-que-a-psicologia-diz-sobre-quem-evita-contato-visual-ao-conversar\/#primaryimage"},"image":{"@id":"https:\/\/www.correiobraziliense.com.br\/cbradar\/o-que-a-psicologia-diz-sobre-quem-evita-contato-visual-ao-conversar\/#primaryimage"},"thumbnailUrl":"https:\/\/www.correiobraziliense.com.br\/cbradar\/wp-content\/uploads\/2025\/09\/pessoas-conversando_1757069535013.jpg","datePublished":"2025-09-06T23:33:00+00:00","author":{"@id":"https:\/\/www.correiobraziliense.com.br\/cbradar\/#\/schema\/person\/58422787644df994b53a19d3e56c1513"},"description":"Aprenda sobre o poder do contato visual na comunica\u00e7\u00e3o humana e sua interpreta\u00e7\u00e3o segundo a psicologia. Descubra por que ele \u00e9 crucial e como ele revela nossas emo\u00e7\u00f5es.","breadcrumb":{"@id":"https:\/\/www.correiobraziliense.com.br\/cbradar\/o-que-a-psicologia-diz-sobre-quem-evita-contato-visual-ao-conversar\/#breadcrumb"},"inLanguage":"pt-BR","potentialAction":[{"@type":"ReadAction","target":["https:\/\/www.correiobraziliense.com.br\/cbradar\/o-que-a-psicologia-diz-sobre-quem-evita-contato-visual-ao-conversar\/"]}]},{"@type":"ImageObject","inLanguage":"pt-BR","@id":"https:\/\/www.correiobraziliense.com.br\/cbradar\/o-que-a-psicologia-diz-sobre-quem-evita-contato-visual-ao-conversar\/#primaryimage","url":"https:\/\/www.correiobraziliense.com.br\/cbradar\/wp-content\/uploads\/2025\/09\/pessoas-conversando_1757069535013.jpg","contentUrl":"https:\/\/www.correiobraziliense.com.br\/cbradar\/wp-content\/uploads\/2025\/09\/pessoas-conversando_1757069535013.jpg","width":1280,"height":720,"caption":"pessoas conversando. Cr\u00e9ditos: depositphotos.com \/ AndrewLozovyi"},{"@type":"BreadcrumbList","@id":"https:\/\/www.correiobraziliense.com.br\/cbradar\/o-que-a-psicologia-diz-sobre-quem-evita-contato-visual-ao-conversar\/#breadcrumb","itemListElement":[{"@type":"ListItem","position":1,"name":"In\u00edcio","item":"https:\/\/www.correiobraziliense.com.br\/cbradar\/"},{"@type":"ListItem","position":2,"name":"O que a psicologia diz sobre quem evita contato visual ao conversar"}]},{"@type":"WebSite","@id":"https:\/\/www.correiobraziliense.com.br\/cbradar\/#website","url":"https:\/\/www.correiobraziliense.com.br\/cbradar\/","name":"Correio Braziliense - Radar","description":"Acompanhe as \u00faltimas not\u00edcias e fique bem informado sobre tudo o que acontece no Brasil e no mundo.","potentialAction":[{"@type":"SearchAction","target":{"@type":"EntryPoint","urlTemplate":"https:\/\/www.correiobraziliense.com.br\/cbradar\/?s={search_term_string}"},"query-input":{"@type":"PropertyValueSpecification","valueRequired":true,"valueName":"search_term_string"}}],"inLanguage":"pt-BR"},{"@type":"Person","@id":"https:\/\/www.correiobraziliense.com.br\/cbradar\/#\/schema\/person\/58422787644df994b53a19d3e56c1513","name":"Larissa Carvalho","image":{"@type":"ImageObject","inLanguage":"pt-BR","@id":"https:\/\/www.correiobraziliense.com.br\/cbradar\/#\/schema\/person\/image\/","url":"https:\/\/secure.gravatar.com\/avatar\/fe4f91a0de32b52a838d0d612abdc1aa?s=96&d=mm&r=g","contentUrl":"https:\/\/secure.gravatar.com\/avatar\/fe4f91a0de32b52a838d0d612abdc1aa?s=96&d=mm&r=g","caption":"Larissa Carvalho"},"url":"https:\/\/www.correiobraziliense.com.br\/cbradar\/author\/larissamyth\/"}]}},"_links":{"self":[{"href":"https:\/\/www.correiobraziliense.com.br\/cbradar\/wp-json\/wp\/v2\/posts\/98647","targetHints":{"allow":["GET"]}}],"collection":[{"href":"https:\/\/www.correiobraziliense.com.br\/cbradar\/wp-json\/wp\/v2\/posts"}],"about":[{"href":"https:\/\/www.correiobraziliense.com.br\/cbradar\/wp-json\/wp\/v2\/types\/post"}],"author":[{"embeddable":true,"href":"https:\/\/www.correiobraziliense.com.br\/cbradar\/wp-json\/wp\/v2\/users\/3"}],"replies":[{"embeddable":true,"href":"https:\/\/www.correiobraziliense.com.br\/cbradar\/wp-json\/wp\/v2\/comments?post=98647"}],"version-history":[{"count":2,"href":"https:\/\/www.correiobraziliense.com.br\/cbradar\/wp-json\/wp\/v2\/posts\/98647\/revisions"}],"predecessor-version":[{"id":98651,"href":"https:\/\/www.correiobraziliense.com.br\/cbradar\/wp-json\/wp\/v2\/posts\/98647\/revisions\/98651"}],"wp:featuredmedia":[{"embeddable":true,"href":"https:\/\/www.correiobraziliense.com.br\/cbradar\/wp-json\/wp\/v2\/media\/98649"}],"wp:attachment":[{"href":"https:\/\/www.correiobraziliense.com.br\/cbradar\/wp-json\/wp\/v2\/media?parent=98647"}],"wp:term":[{"taxonomy":"category","embeddable":true,"href":"https:\/\/www.correiobraziliense.com.br\/cbradar\/wp-json\/wp\/v2\/categories?post=98647"},{"taxonomy":"post_tag","embeddable":true,"href":"https:\/\/www.correiobraziliense.com.br\/cbradar\/wp-json\/wp\/v2\/post_tag?post=98647"}],"curies":[{"name":"wp","href":"https:\/\/api.w.org\/{rel}","templated":true}]}}