{"id":99499,"date":"2025-09-07T16:03:00","date_gmt":"2025-09-07T19:03:00","guid":{"rendered":"https:\/\/www.correiobraziliense.com.br\/cbradar\/?p=99499"},"modified":"2025-09-06T19:50:11","modified_gmt":"2025-09-06T22:50:11","slug":"impacto-de-meteorito-ha-um-bilhao-de-anos-pode-ter-mudado-a-evolucao-da-vida-na-terra","status":"publish","type":"post","link":"https:\/\/www.correiobraziliense.com.br\/cbradar\/impacto-de-meteorito-ha-um-bilhao-de-anos-pode-ter-mudado-a-evolucao-da-vida-na-terra\/","title":{"rendered":"Impacto de meteorito h\u00e1 um bilh\u00e3o de anos pode ter mudado a evolu\u00e7\u00e3o da vida na Terra"},"content":{"rendered":"\n<p>Uma nova pesquisa ajusta a data de impacto de um meteoro na Esc\u00f3cia de 1.2 bilh\u00f5es de anos para aproximadamente 990 milh\u00f5es de anos. Essa descoberta redefine uma etapa chave na hist\u00f3ria da Terra e reavalia quando a vida complexa come\u00e7ou a se espalhar al\u00e9m dos oceanos. O impacto deixou suas marcas em uma por\u00e7\u00e3o de rocha no noroeste da Esc\u00f3cia, conhecida como Stac Fada Member, que cont\u00e9m pequenos cristais capazes de registrar eventos passados com precis\u00e3o. Este projeto foi liderado por Chris Kirkland da Curtin University e incluiu colaboradores de diversas institui\u00e7\u00f5es, como o Johnson Space Center da NASA.<\/p>\n\n\n\n<ul class=\"wp-block-list\">\n<li>Os cristais de <strong>zirc\u00e3o<\/strong> registram o momento exato de impacto, vital para datar eventos passados.<\/li>\n\n\n\n<li>A <strong>presen\u00e7a de reidite<\/strong> confirma press\u00f5es extremas t\u00edpicas de impactos de meteoro.<\/li>\n\n\n\n<li>A nova data revela a interse\u00e7\u00e3o entre o impacto e a evolu\u00e7\u00e3o de <strong>eucariotos de \u00e1gua doce<\/strong>.<\/li>\n<\/ul>\n\n\n\n<h2 class=\"wp-block-heading\">Como a geologia registrou este impacto?<\/h2>\n\n\n\n<p>O <strong>Stac Fada Member<\/strong> \u00e9 uma forma\u00e7\u00e3o geol\u00f3gica rica em sinais de impacto, composta por rochas despeda\u00e7adas e esf\u00e9rulas. Seus zirc\u00f5es s\u00e3o como rel\u00f3gios at\u00f4micos que, quando formados, capturam \u00e1tomos de ur\u00e2nio. O decaimento do ur\u00e2nio em chumbo permite determinar a idade do cristal com <strong>data\u00e7\u00e3o U-Pb<\/strong>.<\/p>\n\n\n\n<p>Um resultado surpreendente \u00e9 que o impacto gerou reidites, uma forma de <strong>zirc\u00e3o<\/strong> transformada sob alta press\u00e3o. Al\u00e9m disso, estudos anteriores apontaram uma data\u00e7\u00e3o de 1.177 milh\u00f5es de anos, mas esse trabalho mais recente indica que esse m\u00e9todo pode ter analisado minerais detritais ou alterados, em vez do verdadeiro produto do impacto.<\/p>\n\n\n\n<h2 class=\"wp-block-heading\">Quais s\u00e3o os efeitos para a vida na Terra?<\/h2>\n\n\n\n<p>A nova data vincula o impacto a uma \u00e9poca em que a vida estava evoluindo rapidamente em terra. A introdu\u00e7\u00e3o de complexos <strong>eucariotos de \u00e1gua doce<\/strong> pr\u00f3ximos no tempo ao evento sugere potenciais correla\u00e7\u00f5es. Este contexto abre novas discuss\u00f5es sobre como impactos podem ter alterado lagos, solos e atmosferas que afetaram ecossistemas emergentes.<\/p>\n\n\n\n<p>A aus\u00eancia de um crater remanescente continua sendo um mist\u00e9rio. Os sinais de impacto s\u00e3o claros, mas a localiza\u00e7\u00e3o da estrutura ainda \u00e9 evasiva. Com a nova data, podemos direcionar sondagens geof\u00edsicas e mapeamentos refinados para poss\u00edveis candidatos a crateras.<\/p>\n\n\n\n<figure class=\"wp-block-image size-large\"><img decoding=\"async\" width=\"1024\" height=\"576\" src=\"https:\/\/www.correiobraziliense.com.br\/cbradar\/wp-content\/uploads\/2025\/09\/meteorito_1757198986914-1024x576.jpg\" alt=\"Impacto de meteorito h\u00e1 um bilh\u00e3o de anos pode ter mudado a evolu\u00e7\u00e3o da vida na Terra\" class=\"wp-image-99505\" srcset=\"https:\/\/www.correiobraziliense.com.br\/cbradar\/wp-content\/uploads\/2025\/09\/meteorito_1757198986914-1024x576.jpg 1024w, https:\/\/www.correiobraziliense.com.br\/cbradar\/wp-content\/uploads\/2025\/09\/meteorito_1757198986914-300x169.jpg 300w, https:\/\/www.correiobraziliense.com.br\/cbradar\/wp-content\/uploads\/2025\/09\/meteorito_1757198986914-768x432.jpg 768w, https:\/\/www.correiobraziliense.com.br\/cbradar\/wp-content\/uploads\/2025\/09\/meteorito_1757198986914-750x422.jpg 750w, https:\/\/www.correiobraziliense.com.br\/cbradar\/wp-content\/uploads\/2025\/09\/meteorito_1757198986914-1140x641.jpg 1140w, https:\/\/www.correiobraziliense.com.br\/cbradar\/wp-content\/uploads\/2025\/09\/meteorito_1757198986914.jpg 1280w\" sizes=\"(max-width: 1024px) 100vw, 1024px\" \/><figcaption class=\"wp-element-caption\">meteorito. Cr\u00e9ditos: depositphotos.com \/ Cinefootage<\/figcaption><\/figure>\n\n\n\n<h2 class=\"wp-block-heading\">O que isso significa para estudos futuros?<\/h2>\n\n\n\n<p>Datando com maior precis\u00e3o, a ci\u00eancia pode relacionar impactos a eventos biol\u00f3gicos e ambientais sem especula\u00e7\u00e3o. A correspond\u00eancia entre o tempo do impacto escoc\u00eas e a ascens\u00e3o de organismos eucari\u00f3ticos em \u00e1gua doce alinha diversos dados de f\u00f3sseis encontrados em habitats aqu\u00e1ticos e terrestres marginais. Isso suporta um contexto onde a vida complexa estava ganhando espa\u00e7o em terra.<\/p>\n\n\n\n<p>Al\u00e9m disso, modelos de <strong>recupera\u00e7\u00e3o da Terra<\/strong> ap\u00f3s grandes dist\u00farbios ajudam desde modelos clim\u00e1ticos at\u00e9 a habitabilidade planet\u00e1ria a longo prazo. Os esfor\u00e7os para encontrar a cratera e aprimorar os m\u00e9todos laboratoriais prosseguem com novas ferramentas e uma base de tempo mais precisa.<\/p>\n\n\n\n<h2 class=\"wp-block-heading\">Principais descobertas e aprendizados<\/h2>\n\n\n\n<ul class=\"wp-block-list\">\n<li>A <strong>data\u00e7\u00e3o mais precisa<\/strong> ajuda a conectar impactos a eventos biol\u00f3gicos e ambientais de forma mais confi\u00e1vel.<\/li>\n\n\n\n<li>A descoberta de <strong>eucariotos de \u00e1gua doce<\/strong> coincide com o impacto, sugerindo novos \u00e2ngulos de pesquisa sobre a vida.<\/li>\n\n\n\n<li>O trabalho cont\u00ednuo em campo e laborat\u00f3rio promete novas revela\u00e7\u00f5es sobre o impacto na hist\u00f3ria da Terra.<\/li>\n<\/ul>\n","protected":false},"excerpt":{"rendered":"<p>Nova pesquisa ajusta a data de um impacto de meteoro na Esc\u00f3cia, revelando conex\u00f5es com a evolu\u00e7\u00e3o da vida complexa.<\/p>\n","protected":false},"author":3,"featured_media":99504,"comment_status":"open","ping_status":"open","sticky":false,"template":"","format":"standard","meta":{"_yoast_wpseo_focuskw":"meteorito evolu\u00e7\u00e3o","_yoast_wpseo_title":"%%title%%","_yoast_wpseo_metadesc":"Nova pesquisa ajusta a data de um impacto de meteoro na Esc\u00f3cia, revelando conex\u00f5es com a evolu\u00e7\u00e3o da vida complexa.","jnews-multi-image_gallery":[],"jnews_single_post":{"format":"standard"},"jnews_primary_category":[],"jnews_social_meta":[],"jnews_override_counter":[],"footnotes":""},"categories":[112],"post_tag":[179,736,144,10075,1269],"class_list":["post-99499","post","type-post","status-publish","format-standard","has-post-thumbnail","hentry","category-curiosidades","tag-astronomia","tag-ciencia","tag-curiosidades","tag-meteorito","tag-meteoro"],"yoast_head":"<!-- This site is optimized with the Yoast SEO plugin v24.6 - https:\/\/yoast.com\/wordpress\/plugins\/seo\/ -->\n<title>Impacto de meteorito h\u00e1 um bilh\u00e3o de anos pode ter mudado a evolu\u00e7\u00e3o da vida na Terra<\/title>\n<meta name=\"description\" content=\"Nova pesquisa ajusta a data de um impacto de meteoro na Esc\u00f3cia, revelando conex\u00f5es com a evolu\u00e7\u00e3o da vida complexa.\" \/>\n<meta name=\"robots\" content=\"index, follow, max-snippet:-1, max-image-preview:large, max-video-preview:-1\" \/>\n<link rel=\"canonical\" href=\"https:\/\/www.correiobraziliense.com.br\/cbradar\/impacto-de-meteorito-ha-um-bilhao-de-anos-pode-ter-mudado-a-evolucao-da-vida-na-terra\/\" \/>\n<meta property=\"og:locale\" content=\"pt_BR\" \/>\n<meta property=\"og:type\" content=\"article\" \/>\n<meta property=\"og:title\" content=\"Impacto de meteorito h\u00e1 um bilh\u00e3o de anos pode ter mudado a evolu\u00e7\u00e3o da vida na Terra\" \/>\n<meta property=\"og:description\" content=\"Nova pesquisa ajusta a data de um impacto de meteoro na Esc\u00f3cia, revelando conex\u00f5es com a evolu\u00e7\u00e3o da vida complexa.\" \/>\n<meta property=\"og:url\" content=\"https:\/\/www.correiobraziliense.com.br\/cbradar\/impacto-de-meteorito-ha-um-bilhao-de-anos-pode-ter-mudado-a-evolucao-da-vida-na-terra\/\" \/>\n<meta property=\"og:site_name\" content=\"Correio Braziliense - Radar\" \/>\n<meta property=\"article:published_time\" content=\"2025-09-07T19:03:00+00:00\" \/>\n<meta property=\"og:image\" content=\"https:\/\/www.correiobraziliense.com.br\/cbradar\/wp-content\/uploads\/2025\/09\/meteorito_1757198737754.jpg\" \/>\n\t<meta property=\"og:image:width\" content=\"1279\" \/>\n\t<meta property=\"og:image:height\" content=\"720\" \/>\n\t<meta property=\"og:image:type\" content=\"image\/jpeg\" \/>\n<meta name=\"author\" content=\"Larissa Carvalho\" \/>\n<meta name=\"twitter:card\" content=\"summary_large_image\" \/>\n<meta name=\"twitter:label1\" content=\"Escrito por\" \/>\n\t<meta name=\"twitter:data1\" content=\"Larissa Carvalho\" \/>\n\t<meta name=\"twitter:label2\" content=\"Est. tempo de leitura\" \/>\n\t<meta name=\"twitter:data2\" content=\"4 minutos\" \/>\n<!-- \/ Yoast SEO plugin. -->","yoast_head_json":{"title":"Impacto de meteorito h\u00e1 um bilh\u00e3o de anos pode ter mudado a evolu\u00e7\u00e3o da vida na Terra","description":"Nova pesquisa ajusta a data de um impacto de meteoro na Esc\u00f3cia, revelando conex\u00f5es com a evolu\u00e7\u00e3o da vida complexa.","robots":{"index":"index","follow":"follow","max-snippet":"max-snippet:-1","max-image-preview":"max-image-preview:large","max-video-preview":"max-video-preview:-1"},"canonical":"https:\/\/www.correiobraziliense.com.br\/cbradar\/impacto-de-meteorito-ha-um-bilhao-de-anos-pode-ter-mudado-a-evolucao-da-vida-na-terra\/","og_locale":"pt_BR","og_type":"article","og_title":"Impacto de meteorito h\u00e1 um bilh\u00e3o de anos pode ter mudado a evolu\u00e7\u00e3o da vida na Terra","og_description":"Nova pesquisa ajusta a data de um impacto de meteoro na Esc\u00f3cia, revelando conex\u00f5es com a evolu\u00e7\u00e3o da vida complexa.","og_url":"https:\/\/www.correiobraziliense.com.br\/cbradar\/impacto-de-meteorito-ha-um-bilhao-de-anos-pode-ter-mudado-a-evolucao-da-vida-na-terra\/","og_site_name":"Correio Braziliense - Radar","article_published_time":"2025-09-07T19:03:00+00:00","og_image":[{"width":1279,"height":720,"url":"https:\/\/www.correiobraziliense.com.br\/cbradar\/wp-content\/uploads\/2025\/09\/meteorito_1757198737754.jpg","type":"image\/jpeg"}],"author":"Larissa Carvalho","twitter_card":"summary_large_image","twitter_misc":{"Escrito por":"Larissa Carvalho","Est. tempo de leitura":"4 minutos"},"schema":{"@context":"https:\/\/schema.org","@graph":[{"@type":"WebPage","@id":"https:\/\/www.correiobraziliense.com.br\/cbradar\/impacto-de-meteorito-ha-um-bilhao-de-anos-pode-ter-mudado-a-evolucao-da-vida-na-terra\/","url":"https:\/\/www.correiobraziliense.com.br\/cbradar\/impacto-de-meteorito-ha-um-bilhao-de-anos-pode-ter-mudado-a-evolucao-da-vida-na-terra\/","name":"Impacto de meteorito h\u00e1 um bilh\u00e3o de anos pode ter mudado a evolu\u00e7\u00e3o da vida na Terra","isPartOf":{"@id":"https:\/\/www.correiobraziliense.com.br\/cbradar\/#website"},"primaryImageOfPage":{"@id":"https:\/\/www.correiobraziliense.com.br\/cbradar\/impacto-de-meteorito-ha-um-bilhao-de-anos-pode-ter-mudado-a-evolucao-da-vida-na-terra\/#primaryimage"},"image":{"@id":"https:\/\/www.correiobraziliense.com.br\/cbradar\/impacto-de-meteorito-ha-um-bilhao-de-anos-pode-ter-mudado-a-evolucao-da-vida-na-terra\/#primaryimage"},"thumbnailUrl":"https:\/\/www.correiobraziliense.com.br\/cbradar\/wp-content\/uploads\/2025\/09\/meteorito_1757198737754.jpg","datePublished":"2025-09-07T19:03:00+00:00","author":{"@id":"https:\/\/www.correiobraziliense.com.br\/cbradar\/#\/schema\/person\/58422787644df994b53a19d3e56c1513"},"description":"Nova pesquisa ajusta a data de um impacto de meteoro na Esc\u00f3cia, revelando conex\u00f5es com a evolu\u00e7\u00e3o da vida complexa.","breadcrumb":{"@id":"https:\/\/www.correiobraziliense.com.br\/cbradar\/impacto-de-meteorito-ha-um-bilhao-de-anos-pode-ter-mudado-a-evolucao-da-vida-na-terra\/#breadcrumb"},"inLanguage":"pt-BR","potentialAction":[{"@type":"ReadAction","target":["https:\/\/www.correiobraziliense.com.br\/cbradar\/impacto-de-meteorito-ha-um-bilhao-de-anos-pode-ter-mudado-a-evolucao-da-vida-na-terra\/"]}]},{"@type":"ImageObject","inLanguage":"pt-BR","@id":"https:\/\/www.correiobraziliense.com.br\/cbradar\/impacto-de-meteorito-ha-um-bilhao-de-anos-pode-ter-mudado-a-evolucao-da-vida-na-terra\/#primaryimage","url":"https:\/\/www.correiobraziliense.com.br\/cbradar\/wp-content\/uploads\/2025\/09\/meteorito_1757198737754.jpg","contentUrl":"https:\/\/www.correiobraziliense.com.br\/cbradar\/wp-content\/uploads\/2025\/09\/meteorito_1757198737754.jpg","width":1279,"height":720,"caption":"meteorito. Cr\u00e9ditos: depositphotos.com \/ paulfleet"},{"@type":"BreadcrumbList","@id":"https:\/\/www.correiobraziliense.com.br\/cbradar\/impacto-de-meteorito-ha-um-bilhao-de-anos-pode-ter-mudado-a-evolucao-da-vida-na-terra\/#breadcrumb","itemListElement":[{"@type":"ListItem","position":1,"name":"In\u00edcio","item":"https:\/\/www.correiobraziliense.com.br\/cbradar\/"},{"@type":"ListItem","position":2,"name":"Impacto de meteorito h\u00e1 um bilh\u00e3o de anos pode ter mudado a evolu\u00e7\u00e3o da vida na Terra"}]},{"@type":"WebSite","@id":"https:\/\/www.correiobraziliense.com.br\/cbradar\/#website","url":"https:\/\/www.correiobraziliense.com.br\/cbradar\/","name":"Correio Braziliense - Radar","description":"Acompanhe as \u00faltimas not\u00edcias e fique bem informado sobre tudo o que acontece no Brasil e no mundo.","potentialAction":[{"@type":"SearchAction","target":{"@type":"EntryPoint","urlTemplate":"https:\/\/www.correiobraziliense.com.br\/cbradar\/?s={search_term_string}"},"query-input":{"@type":"PropertyValueSpecification","valueRequired":true,"valueName":"search_term_string"}}],"inLanguage":"pt-BR"},{"@type":"Person","@id":"https:\/\/www.correiobraziliense.com.br\/cbradar\/#\/schema\/person\/58422787644df994b53a19d3e56c1513","name":"Larissa Carvalho","image":{"@type":"ImageObject","inLanguage":"pt-BR","@id":"https:\/\/www.correiobraziliense.com.br\/cbradar\/#\/schema\/person\/image\/","url":"https:\/\/secure.gravatar.com\/avatar\/fe4f91a0de32b52a838d0d612abdc1aa?s=96&d=mm&r=g","contentUrl":"https:\/\/secure.gravatar.com\/avatar\/fe4f91a0de32b52a838d0d612abdc1aa?s=96&d=mm&r=g","caption":"Larissa Carvalho"},"url":"https:\/\/www.correiobraziliense.com.br\/cbradar\/author\/larissamyth\/"}]}},"_links":{"self":[{"href":"https:\/\/www.correiobraziliense.com.br\/cbradar\/wp-json\/wp\/v2\/posts\/99499","targetHints":{"allow":["GET"]}}],"collection":[{"href":"https:\/\/www.correiobraziliense.com.br\/cbradar\/wp-json\/wp\/v2\/posts"}],"about":[{"href":"https:\/\/www.correiobraziliense.com.br\/cbradar\/wp-json\/wp\/v2\/types\/post"}],"author":[{"embeddable":true,"href":"https:\/\/www.correiobraziliense.com.br\/cbradar\/wp-json\/wp\/v2\/users\/3"}],"replies":[{"embeddable":true,"href":"https:\/\/www.correiobraziliense.com.br\/cbradar\/wp-json\/wp\/v2\/comments?post=99499"}],"version-history":[{"count":2,"href":"https:\/\/www.correiobraziliense.com.br\/cbradar\/wp-json\/wp\/v2\/posts\/99499\/revisions"}],"predecessor-version":[{"id":99506,"href":"https:\/\/www.correiobraziliense.com.br\/cbradar\/wp-json\/wp\/v2\/posts\/99499\/revisions\/99506"}],"wp:featuredmedia":[{"embeddable":true,"href":"https:\/\/www.correiobraziliense.com.br\/cbradar\/wp-json\/wp\/v2\/media\/99504"}],"wp:attachment":[{"href":"https:\/\/www.correiobraziliense.com.br\/cbradar\/wp-json\/wp\/v2\/media?parent=99499"}],"wp:term":[{"taxonomy":"category","embeddable":true,"href":"https:\/\/www.correiobraziliense.com.br\/cbradar\/wp-json\/wp\/v2\/categories?post=99499"},{"taxonomy":"post_tag","embeddable":true,"href":"https:\/\/www.correiobraziliense.com.br\/cbradar\/wp-json\/wp\/v2\/post_tag?post=99499"}],"curies":[{"name":"wp","href":"https:\/\/api.w.org\/{rel}","templated":true}]}}