{"id":99767,"date":"2025-09-07T08:03:00","date_gmt":"2025-09-07T11:03:00","guid":{"rendered":"https:\/\/www.correiobraziliense.com.br\/cbradar\/?p=99767"},"modified":"2025-09-06T23:58:56","modified_gmt":"2025-09-07T02:58:56","slug":"remedios-caseiros-que-estimulam-o-crescimento-capilar-rapidamente","status":"publish","type":"post","link":"https:\/\/www.correiobraziliense.com.br\/cbradar\/remedios-caseiros-que-estimulam-o-crescimento-capilar-rapidamente\/","title":{"rendered":"Rem\u00e9dios caseiros que estimulam o crescimento capilar rapidamente"},"content":{"rendered":"\n<p>Buscar cabelos longos e fortes \u00e9 um desejo compartilhado por muitos, mas a realiza\u00e7\u00e3o desse objetivo parece estar fora de alcance para alguns. No entanto, com algumas modifica\u00e7\u00f5es na rotina di\u00e1ria e no regime alimentar, \u00e9 poss\u00edvel promover o crescimento <a href=\"https:\/\/www.correiobraziliense.com.br\/cbradar\/dra-najla-smaili-dermatologista-labios-mais-bonitos-com-preenchimento-labial\/\" target=\"_blank\" rel=\"noreferrer noopener\">saud\u00e1vel <\/a>dos fios. Este artigo explora pr\u00e1ticas e h\u00e1bitos que contribuem para fortalecer e alongar o cabelo de maneira eficiente.<\/p>\n\n\n\n<p>Os cuidados capilares n\u00e3o precisam ser complexos ou onerosos. Ajustes simples no cotidiano, juntamente com a inclus\u00e3o de alimentos que nutrem o cabelo internamente, podem transformar significativamente a sa\u00fade capilar. Este texto aborda diversas estrat\u00e9gias para alcan\u00e7ar essa transforma\u00e7\u00e3o.<\/p>\n\n\n\n<h2 class=\"wp-block-heading\">Como a alimenta\u00e7\u00e3o influencia a sa\u00fade capilar?<\/h2>\n\n\n\n<figure class=\"wp-block-image aligncenter size-large\"><img decoding=\"async\" width=\"1024\" height=\"576\" src=\"https:\/\/www.correiobraziliense.com.br\/cbradar\/wp-content\/uploads\/2025\/05\/crescimento-capilar_1747683660757-1024x576.jpg\" alt=\"\" class=\"wp-image-39636\" srcset=\"https:\/\/www.correiobraziliense.com.br\/cbradar\/wp-content\/uploads\/2025\/05\/crescimento-capilar_1747683660757-1024x576.jpg 1024w, https:\/\/www.correiobraziliense.com.br\/cbradar\/wp-content\/uploads\/2025\/05\/crescimento-capilar_1747683660757-300x169.jpg 300w, https:\/\/www.correiobraziliense.com.br\/cbradar\/wp-content\/uploads\/2025\/05\/crescimento-capilar_1747683660757-768x432.jpg 768w, https:\/\/www.correiobraziliense.com.br\/cbradar\/wp-content\/uploads\/2025\/05\/crescimento-capilar_1747683660757-750x422.jpg 750w, https:\/\/www.correiobraziliense.com.br\/cbradar\/wp-content\/uploads\/2025\/05\/crescimento-capilar_1747683660757-1140x641.jpg 1140w, https:\/\/www.correiobraziliense.com.br\/cbradar\/wp-content\/uploads\/2025\/05\/crescimento-capilar_1747683660757.jpg 1280w\" sizes=\"(max-width: 1024px) 100vw, 1024px\" \/><figcaption class=\"wp-element-caption\">este h\u00e1bito simples pode mudar a sa\u00fade do seu cabelo &#8211; Cr\u00e9ditos: depositphotos.com \/ serezniy\n\n<\/figcaption><\/figure>\n\n\n\n<p>A dieta desempenha um papel crucial na sa\u00fade dos cabelos. Consumir os nutrientes apropriados contribui para o fortalecimento dos fios e potencializa seu crescimento. Entre os nutrientes essenciais que precisam fazer parte da dieta est\u00e3o:<\/p>\n\n\n\n<ul class=\"wp-block-list\">\n<li><strong>Prote\u00ednas:<\/strong>\u00a0Constituinte b\u00e1sico dos fios, essencial para a estrutura capilar.<\/li>\n\n\n\n<li><strong>Ferro:<\/strong>\u00a0Vital para o fornecimento de oxig\u00eanio aos fol\u00edculos capilares.<\/li>\n\n\n\n<li><strong>\u00d4mega-3:<\/strong>\u00a0Promove umidade e elasticidade aos cabelos.<\/li>\n\n\n\n<li><strong>Vitaminas A e C:<\/strong>\u00a0Ajudam na produ\u00e7\u00e3o de sebo e melhoram a sa\u00fade capilar.<\/li>\n<\/ul>\n\n\n\n<h2 class=\"wp-block-heading\">Quais cuidados di\u00e1rios ajudam no crescimento saud\u00e1vel dos cabelos?<\/h2>\n\n\n\n<p>Al\u00e9m de uma dieta adequada, \u00e9 crucial manter cuidados di\u00e1rios apropriados para preservar a sa\u00fade do cabelo. A escolha de produtos que atendam \u00e0s necessidades espec\u00edficas dos fios e pr\u00e1ticas que reduzam danos s\u00e3o fundamentais para o seu crescimento. Evitar o uso excessivo de calor e qu\u00edmicas agressivas pode prevenir a quebra e manter o cabelo forte.<\/p>\n\n\n\n<h2 class=\"wp-block-heading\">Quais h\u00e1bitos devem ser evitados para proteger o cabelo?<\/h2>\n\n\n\n<p>Certos h\u00e1bitos cotidianos podem comprometer a sa\u00fade capilar e limitar o crescimento. Ajustar algumas pr\u00e1ticas di\u00e1rias pode ter um impacto ben\u00e9fico significativo. Por exemplo, minimizar o uso de ferramentas de calor, como secadores e chapinhas, e proteger o cabelo dos raios solares s\u00e3o passos importantes para prevenir danos. Adotar estilos que n\u00e3o causem tens\u00e3o excessiva nos fios tamb\u00e9m \u00e9 recomendado.<\/p>\n\n\n\n<h2 class=\"wp-block-heading\">Rem\u00e9dios caseiros podem ajudar no Crescimento Capilar?<\/h2>\n\n\n\n<p>Para al\u00e9m de uma alimenta\u00e7\u00e3o balanceada e cuidados rotineiros, alguns rem\u00e9dios caseiros se mostram eficazes no est\u00edmulo ao<strong> Crescimento Capilar<\/strong>. M\u00e9todos como m\u00e1scaras de\u00a0<em>aloe vera<\/em>\u00a0e \u00f3leo de r\u00edcino s\u00e3o acess\u00edveis e f\u00e1ceis de incorporar \u00e0 rotina capilar. No entanto, \u00e9 prudente consultar um dermatologista antes de adotar qualquer tratamento caseiro para evitar poss\u00edveis rea\u00e7\u00f5es al\u00e9rgicas.<\/p>\n\n\n\n<p>Para alcan\u00e7ar cabelos longos e saud\u00e1veis, \u00e9 indispens\u00e1vel manter uma dieta rica em nutrientes, cuidar dos cabelos diariamente com os produtos adequados e adotar h\u00e1bitos saud\u00e1veis. M\u00e9todos caseiros, como o uso de m\u00e1scaras que proporcionam hidrata\u00e7\u00e3o e nutri\u00e7\u00e3o aos fios, podem ser aliados valiosos. Ademais, a ingest\u00e3o adequada de \u00e1gua e o gerenciamento do estresse s\u00e3o igualmente importantes. No caso de persist\u00eancia da queda de cabelo, \u00e9 recomendado buscar a orienta\u00e7\u00e3o de um <a href=\"https:\/\/www.instagram.com\/lcn.clinic\" target=\"_blank\" rel=\"noreferrer noopener\">dermatologista<\/a>.<\/p>\n\n\n<a href=\"https:\/\/www.instagram.com\/dra.annaluisabf\/\" target=\"_blank\" rel=\"noopener\" style=\"text-decoration: none; color: inherit;\">\n    <span style=\"display: inline-block; border: 1px solid #ccc; border-radius: 10px; padding: 15px; max-width: 550px; font-family: sans-serif; box-shadow: 0 2px 5px rgba(0,0,0,0.1); width: 100%;\">\n\n      <!-- T\u00edtulo -->\n      <span style=\"display: block; margin: 0 0 15px 0; font-weight: bold; color: #2c3e50; text-align: center;\">\n        Entre em contato:\n      <\/span>\n\n      <!-- Linha do perfil -->\n      <span style=\"display: flex; align-items: center; gap: 15px;\">\n        <img decoding=\"async\"\n          src=\"https:\/\/www.correiobraziliense.com.br\/cbradar\/wp-content\/uploads\/2025\/08\/dra_anna_luisa.jpeg\"\n          alt=\"Foto da Dra. Anna Lu\u00edsa\"\n          style=\"border-radius: 50%; width: 80px; height: 80px; object-fit: cover;\"\n        \/>\n        <span style=\"display: flex; flex-direction: column;\">\n          <span style=\"font-size: 18px; font-weight: 700; color: #2c3e50;\">Dra. Anna Lu\u00edsa Barbosa Fernandes<\/span>\n          <span style=\"color: #555;\">CRM-GO 33.271<\/span>\n        <\/span>\n      <\/span>\n\n      <!-- Redes -->\n      <span style=\"display: flex; align-items: center; gap: 10px; margin-top: 12px;\">\n        <img decoding=\"async\" src=\"https:\/\/cdn-icons-png.flaticon.com\/24\/1384\/1384063.png\" alt=\"Instagram\" width=\"24\" height=\"24\" \/>\n        <span style=\"text-decoration: underline; color: #2c3e50;\">@dra.annaluisabf<\/span>\n      <\/span>\n\n    <\/span>\n  <\/a>","protected":false},"excerpt":{"rendered":"<p>Buscar cabelos longos e fortes \u00e9 um desejo compartilhado por muitos, mas a realiza\u00e7\u00e3o desse objetivo parece estar fora de alcance para alguns. No entanto, com algumas modifica\u00e7\u00f5es na rotina di\u00e1ria e no regime alimentar, \u00e9 poss\u00edvel promover o crescimento saud\u00e1vel dos fios. Este artigo explora pr\u00e1ticas e h\u00e1bitos que contribuem para fortalecer e alongar [&hellip;]<\/p>\n","protected":false},"author":14,"featured_media":45722,"comment_status":"open","ping_status":"open","sticky":false,"template":"","format":"standard","meta":{"_yoast_wpseo_focuskw":"crescimento capilar","_yoast_wpseo_title":"","_yoast_wpseo_metadesc":"Cabelos quebradi\u00e7os? Veja h\u00e1bitos e alimentos que ajudam no crescimento capilar, al\u00e9m de dicas para manter os fios fortes e saud\u00e1veis.","jnews-multi-image_gallery":[],"jnews_single_post":{"format":"standard"},"jnews_primary_category":[],"jnews_social_meta":[],"jnews_override_counter":[],"footnotes":""},"categories":[4404],"tags":[120,3155,1318],"class_list":["post-99767","post","type-post","status-publish","format-standard","has-post-thumbnail","hentry","category-saude","tag-bem-estar","tag-cabelos","tag-saude-2"],"yoast_head":"<!-- This site is optimized with the Yoast SEO plugin v24.6 - https:\/\/yoast.com\/wordpress\/plugins\/seo\/ -->\n<title>Rem\u00e9dios caseiros que estimulam o crescimento capilar rapidamente - Correio Braziliense - Radar<\/title>\n<meta name=\"description\" content=\"Cabelos quebradi\u00e7os? Veja h\u00e1bitos e alimentos que ajudam no crescimento capilar, al\u00e9m de dicas para manter os fios fortes e saud\u00e1veis.\" \/>\n<meta name=\"robots\" content=\"index, follow, max-snippet:-1, max-image-preview:large, max-video-preview:-1\" \/>\n<link rel=\"canonical\" href=\"https:\/\/www.correiobraziliense.com.br\/cbradar\/remedios-caseiros-que-estimulam-o-crescimento-capilar-rapidamente\/\" \/>\n<meta property=\"og:locale\" content=\"pt_BR\" \/>\n<meta property=\"og:type\" content=\"article\" \/>\n<meta property=\"og:title\" content=\"Rem\u00e9dios caseiros que estimulam o crescimento capilar rapidamente - Correio Braziliense - Radar\" \/>\n<meta property=\"og:description\" content=\"Cabelos quebradi\u00e7os? Veja h\u00e1bitos e alimentos que ajudam no crescimento capilar, al\u00e9m de dicas para manter os fios fortes e saud\u00e1veis.\" \/>\n<meta property=\"og:url\" content=\"https:\/\/www.correiobraziliense.com.br\/cbradar\/remedios-caseiros-que-estimulam-o-crescimento-capilar-rapidamente\/\" \/>\n<meta property=\"og:site_name\" content=\"Correio Braziliense - Radar\" \/>\n<meta property=\"article:published_time\" content=\"2025-09-07T11:03:00+00:00\" \/>\n<meta property=\"og:image\" content=\"https:\/\/www.correiobraziliense.com.br\/cbradar\/wp-content\/uploads\/2025\/05\/crescimento-capilar_1748710522893.jpg\" \/>\n\t<meta property=\"og:image:width\" content=\"1280\" \/>\n\t<meta property=\"og:image:height\" content=\"720\" \/>\n\t<meta property=\"og:image:type\" content=\"image\/jpeg\" \/>\n<meta name=\"author\" content=\"guilherme_saude\" \/>\n<meta name=\"twitter:card\" content=\"summary_large_image\" \/>\n<meta name=\"twitter:label1\" content=\"Escrito por\" \/>\n\t<meta name=\"twitter:data1\" content=\"guilherme_saude\" \/>\n\t<meta name=\"twitter:label2\" content=\"Est. tempo de leitura\" \/>\n\t<meta name=\"twitter:data2\" content=\"4 minutos\" \/>\n<!-- \/ Yoast SEO plugin. -->","yoast_head_json":{"title":"Rem\u00e9dios caseiros que estimulam o crescimento capilar rapidamente - Correio Braziliense - Radar","description":"Cabelos quebradi\u00e7os? Veja h\u00e1bitos e alimentos que ajudam no crescimento capilar, al\u00e9m de dicas para manter os fios fortes e saud\u00e1veis.","robots":{"index":"index","follow":"follow","max-snippet":"max-snippet:-1","max-image-preview":"max-image-preview:large","max-video-preview":"max-video-preview:-1"},"canonical":"https:\/\/www.correiobraziliense.com.br\/cbradar\/remedios-caseiros-que-estimulam-o-crescimento-capilar-rapidamente\/","og_locale":"pt_BR","og_type":"article","og_title":"Rem\u00e9dios caseiros que estimulam o crescimento capilar rapidamente - Correio Braziliense - Radar","og_description":"Cabelos quebradi\u00e7os? Veja h\u00e1bitos e alimentos que ajudam no crescimento capilar, al\u00e9m de dicas para manter os fios fortes e saud\u00e1veis.","og_url":"https:\/\/www.correiobraziliense.com.br\/cbradar\/remedios-caseiros-que-estimulam-o-crescimento-capilar-rapidamente\/","og_site_name":"Correio Braziliense - Radar","article_published_time":"2025-09-07T11:03:00+00:00","og_image":[{"width":1280,"height":720,"url":"https:\/\/www.correiobraziliense.com.br\/cbradar\/wp-content\/uploads\/2025\/05\/crescimento-capilar_1748710522893.jpg","type":"image\/jpeg"}],"author":"guilherme_saude","twitter_card":"summary_large_image","twitter_misc":{"Escrito por":"guilherme_saude","Est. tempo de leitura":"4 minutos"},"schema":{"@context":"https:\/\/schema.org","@graph":[{"@type":"WebPage","@id":"https:\/\/www.correiobraziliense.com.br\/cbradar\/remedios-caseiros-que-estimulam-o-crescimento-capilar-rapidamente\/","url":"https:\/\/www.correiobraziliense.com.br\/cbradar\/remedios-caseiros-que-estimulam-o-crescimento-capilar-rapidamente\/","name":"Rem\u00e9dios caseiros que estimulam o crescimento capilar rapidamente - Correio Braziliense - Radar","isPartOf":{"@id":"https:\/\/www.correiobraziliense.com.br\/cbradar\/#website"},"primaryImageOfPage":{"@id":"https:\/\/www.correiobraziliense.com.br\/cbradar\/remedios-caseiros-que-estimulam-o-crescimento-capilar-rapidamente\/#primaryimage"},"image":{"@id":"https:\/\/www.correiobraziliense.com.br\/cbradar\/remedios-caseiros-que-estimulam-o-crescimento-capilar-rapidamente\/#primaryimage"},"thumbnailUrl":"https:\/\/www.correiobraziliense.com.br\/cbradar\/wp-content\/uploads\/2025\/05\/crescimento-capilar_1748710522893.jpg","datePublished":"2025-09-07T11:03:00+00:00","author":{"@id":"https:\/\/www.correiobraziliense.com.br\/cbradar\/#\/schema\/person\/5aa4bf3c8fa699c267933611de12978b"},"description":"Cabelos quebradi\u00e7os? Veja h\u00e1bitos e alimentos que ajudam no crescimento capilar, al\u00e9m de dicas para manter os fios fortes e saud\u00e1veis.","breadcrumb":{"@id":"https:\/\/www.correiobraziliense.com.br\/cbradar\/remedios-caseiros-que-estimulam-o-crescimento-capilar-rapidamente\/#breadcrumb"},"inLanguage":"pt-BR","potentialAction":[{"@type":"ReadAction","target":["https:\/\/www.correiobraziliense.com.br\/cbradar\/remedios-caseiros-que-estimulam-o-crescimento-capilar-rapidamente\/"]}]},{"@type":"ImageObject","inLanguage":"pt-BR","@id":"https:\/\/www.correiobraziliense.com.br\/cbradar\/remedios-caseiros-que-estimulam-o-crescimento-capilar-rapidamente\/#primaryimage","url":"https:\/\/www.correiobraziliense.com.br\/cbradar\/wp-content\/uploads\/2025\/05\/crescimento-capilar_1748710522893.jpg","contentUrl":"https:\/\/www.correiobraziliense.com.br\/cbradar\/wp-content\/uploads\/2025\/05\/crescimento-capilar_1748710522893.jpg","width":1280,"height":720,"caption":"Cabelo - Cr\u00e9ditos: depositphotos.com \/ ruigsantos"},{"@type":"BreadcrumbList","@id":"https:\/\/www.correiobraziliense.com.br\/cbradar\/remedios-caseiros-que-estimulam-o-crescimento-capilar-rapidamente\/#breadcrumb","itemListElement":[{"@type":"ListItem","position":1,"name":"In\u00edcio","item":"https:\/\/www.correiobraziliense.com.br\/cbradar\/"},{"@type":"ListItem","position":2,"name":"Rem\u00e9dios caseiros que estimulam o crescimento capilar rapidamente"}]},{"@type":"WebSite","@id":"https:\/\/www.correiobraziliense.com.br\/cbradar\/#website","url":"https:\/\/www.correiobraziliense.com.br\/cbradar\/","name":"Correio Braziliense - Radar","description":"Acompanhe as \u00faltimas not\u00edcias e fique bem informado sobre tudo o que acontece no Brasil e no mundo.","potentialAction":[{"@type":"SearchAction","target":{"@type":"EntryPoint","urlTemplate":"https:\/\/www.correiobraziliense.com.br\/cbradar\/?s={search_term_string}"},"query-input":{"@type":"PropertyValueSpecification","valueRequired":true,"valueName":"search_term_string"}}],"inLanguage":"pt-BR"},{"@type":"Person","@id":"https:\/\/www.correiobraziliense.com.br\/cbradar\/#\/schema\/person\/5aa4bf3c8fa699c267933611de12978b","name":"guilherme_saude","image":{"@type":"ImageObject","inLanguage":"pt-BR","@id":"https:\/\/www.correiobraziliense.com.br\/cbradar\/#\/schema\/person\/image\/","url":"https:\/\/secure.gravatar.com\/avatar\/df9adfb835d344bc0af109d41756253f?s=96&d=mm&r=g","contentUrl":"https:\/\/secure.gravatar.com\/avatar\/df9adfb835d344bc0af109d41756253f?s=96&d=mm&r=g","caption":"guilherme_saude"},"url":"https:\/\/www.correiobraziliense.com.br\/cbradar\/author\/guilherme_saude\/"}]}},"_links":{"self":[{"href":"https:\/\/www.correiobraziliense.com.br\/cbradar\/wp-json\/wp\/v2\/posts\/99767","targetHints":{"allow":["GET"]}}],"collection":[{"href":"https:\/\/www.correiobraziliense.com.br\/cbradar\/wp-json\/wp\/v2\/posts"}],"about":[{"href":"https:\/\/www.correiobraziliense.com.br\/cbradar\/wp-json\/wp\/v2\/types\/post"}],"author":[{"embeddable":true,"href":"https:\/\/www.correiobraziliense.com.br\/cbradar\/wp-json\/wp\/v2\/users\/14"}],"replies":[{"embeddable":true,"href":"https:\/\/www.correiobraziliense.com.br\/cbradar\/wp-json\/wp\/v2\/comments?post=99767"}],"version-history":[{"count":1,"href":"https:\/\/www.correiobraziliense.com.br\/cbradar\/wp-json\/wp\/v2\/posts\/99767\/revisions"}],"predecessor-version":[{"id":99773,"href":"https:\/\/www.correiobraziliense.com.br\/cbradar\/wp-json\/wp\/v2\/posts\/99767\/revisions\/99773"}],"wp:featuredmedia":[{"embeddable":true,"href":"https:\/\/www.correiobraziliense.com.br\/cbradar\/wp-json\/wp\/v2\/media\/45722"}],"wp:attachment":[{"href":"https:\/\/www.correiobraziliense.com.br\/cbradar\/wp-json\/wp\/v2\/media?parent=99767"}],"wp:term":[{"taxonomy":"category","embeddable":true,"href":"https:\/\/www.correiobraziliense.com.br\/cbradar\/wp-json\/wp\/v2\/categories?post=99767"},{"taxonomy":"post_tag","embeddable":true,"href":"https:\/\/www.correiobraziliense.com.br\/cbradar\/wp-json\/wp\/v2\/tags?post=99767"}],"curies":[{"name":"wp","href":"https:\/\/api.w.org\/{rel}","templated":true}]}}