{"id":9997,"date":"2025-03-10T09:23:00","date_gmt":"2025-03-10T12:23:00","guid":{"rendered":"https:\/\/www.correiobraziliense.com.br\/cbradar\/?p=9997"},"modified":"2025-03-07T02:24:50","modified_gmt":"2025-03-07T05:24:50","slug":"consumir-essa-bebida-aumenta-57-chance-de-calvicie-nos-homens","status":"publish","type":"post","link":"https:\/\/www.correiobraziliense.com.br\/cbradar\/consumir-essa-bebida-aumenta-57-chance-de-calvicie-nos-homens\/","title":{"rendered":"Consumir essa bebida aumenta 57% chance de calv\u00edcie nos homens"},"content":{"rendered":"\n<p>Um estudo recente realizado na <strong><a href=\"https:\/\/www.correiobraziliense.com.br\/cbradar\/o-que-impede-a-china-de-liderar-a-todo-vapor-no-boom-das-ias\/\" target=\"_blank\" rel=\"noreferrer noopener\">China <\/a><\/strong>trouxe \u00e0 tona preocupa\u00e7\u00f5es sobre o consumo di\u00e1rio de bebidas a\u00e7ucaradas e seu impacto na sa\u00fade capilar dos homens. Pesquisadores da<strong> <a href=\"https:\/\/www.tsinghua.edu.cn\/en\/\" target=\"_blank\" rel=\"noreferrer noopener\">Universidade de Tsinghua<\/a><\/strong>, em <strong>Pequim<\/strong>, descobriram que a ingest\u00e3o regular de refrigerantes e outras bebidas com alto teor de a\u00e7\u00facar pode aumentar significativamente o risco de queda de cabelo. A pesquisa foi publicada na revista cient\u00edfica <strong>Nutrients <\/strong>e analisou a rela\u00e7\u00e3o entre o consumo de a\u00e7\u00facar e a sa\u00fade dos fol\u00edculos capilares.<\/p>\n\n\n\n<p>Os cientistas conduziram uma pesquisa com <strong>1.028 homens<\/strong>, com idades entre <strong>18 e 45 anos<\/strong>, para investigar a liga\u00e7\u00e3o entre a ingest\u00e3o de bebidas doces e a calv\u00edcie. Os participantes responderam a perguntas sobre seus h\u00e1bitos alimentares, sa\u00fade mental e hist\u00f3rico de queda de cabelo. Os resultados indicaram que o consumo di\u00e1rio de bebidas a\u00e7ucaradas pode aumentar o risco de queda de cabelo em at\u00e9 <strong>57%.<\/strong><\/p>\n\n\n\n<h2 class=\"wp-block-heading\"><strong>Como o a\u00e7\u00facar afeta a sa\u00fade capilar?<\/strong><\/h2>\n\n\n\n<p>O estudo sugere que o consumo excessivo de a\u00e7\u00facar pode levar \u00e0 resist\u00eancia \u00e0 insulina, um fator que pode prejudicar a circula\u00e7\u00e3o sangu\u00ednea e, consequentemente, danificar os fol\u00edculos pilosos. Isso ocorre porque a resist\u00eancia \u00e0 insulina dificulta a entrega de nutrientes essenciais ao couro cabeludo, comprometendo a sa\u00fade capilar. Al\u00e9m disso, o a\u00e7\u00facar pode desencadear inflama\u00e7\u00f5es que afetam negativamente o crescimento dos fios.<\/p>\n\n\n\n<p>Outro ponto levantado pelos pesquisadores \u00e9 a rela\u00e7\u00e3o entre o consumo de a\u00e7\u00facar e a sa\u00fade mental. O estudo identificou que homens que consumiam tr\u00eas refrigerantes por dia tinham um risco <strong>25% <\/strong>maior de desenvolver depress\u00e3o. A ansiedade tamb\u00e9m foi associada ao consumo elevado de a\u00e7\u00facares simples, o que pode agravar a queda de cabelo, j\u00e1 que o estresse \u00e9 um conhecido fator contribuinte para a calv\u00edcie.<\/p>\n\n\n<div class=\"wp-block-image\">\n<figure class=\"aligncenter size-large\"><img decoding=\"async\" width=\"1024\" height=\"576\" src=\"https:\/\/www.correiobraziliense.com.br\/cbradar\/wp-content\/uploads\/2025\/03\/alopecia_1741324873802-1024x576.jpg\" alt=\"Consumir essa bebida aumenta 57% chance de calv\u00edcie nos homens\" class=\"wp-image-10112\" srcset=\"https:\/\/www.correiobraziliense.com.br\/cbradar\/wp-content\/uploads\/2025\/03\/alopecia_1741324873802-1024x576.jpg 1024w, https:\/\/www.correiobraziliense.com.br\/cbradar\/wp-content\/uploads\/2025\/03\/alopecia_1741324873802-300x169.jpg 300w, https:\/\/www.correiobraziliense.com.br\/cbradar\/wp-content\/uploads\/2025\/03\/alopecia_1741324873802-768x432.jpg 768w, https:\/\/www.correiobraziliense.com.br\/cbradar\/wp-content\/uploads\/2025\/03\/alopecia_1741324873802-750x422.jpg 750w, https:\/\/www.correiobraziliense.com.br\/cbradar\/wp-content\/uploads\/2025\/03\/alopecia_1741324873802-1140x641.jpg 1140w, https:\/\/www.correiobraziliense.com.br\/cbradar\/wp-content\/uploads\/2025\/03\/alopecia_1741324873802.jpg 1280w\" sizes=\"(max-width: 1024px) 100vw, 1024px\" \/><figcaption class=\"wp-element-caption\">Cr\u00e9ditos: depositphotos.com \/ AndrewLozovyi<\/figcaption><\/figure><\/div>\n\n\n<h2 class=\"wp-block-heading\"><strong>Quais s\u00e3o as implica\u00e7\u00f5es para a sa\u00fade mental?<\/strong><\/h2>\n\n\n\n<p>A pesquisa destacou uma poss\u00edvel correla\u00e7\u00e3o entre o consumo de bebidas a\u00e7ucaradas e problemas de sa\u00fade mental, como depress\u00e3o e ansiedade. Embora a rela\u00e7\u00e3o entre a\u00e7\u00facar e sa\u00fade mental ainda precise de mais estudos para ser completamente compreendida, os dados sugerem que o consumo excessivo de a\u00e7\u00facar pode ter efeitos negativos n\u00e3o apenas na sa\u00fade f\u00edsica, mas tamb\u00e9m no bem-estar psicol\u00f3gico.<\/p>\n\n\n\n<p>Os autores do estudo alertam que a satisfa\u00e7\u00e3o imediata proporcionada pelas bebidas a\u00e7ucaradas pode ter um custo elevado a longo prazo, tanto para a sa\u00fade capilar quanto para a sa\u00fade mental. Portanto, reduzir o consumo de a\u00e7\u00facar pode ser uma estrat\u00e9gia eficaz para melhorar a sa\u00fade geral e prevenir a queda de cabelo.<\/p>\n\n\n\n<h2 class=\"wp-block-heading\"><strong>Como prevenir a queda de cabelo?<\/strong><\/h2>\n\n\n\n<p>A preven\u00e7\u00e3o da queda de cabelo envolve uma abordagem multifacetada, que inclui a ado\u00e7\u00e3o de h\u00e1bitos alimentares saud\u00e1veis e a redu\u00e7\u00e3o do consumo de a\u00e7\u00facar. Al\u00e9m disso, \u00e9 importante considerar fatores gen\u00e9ticos e buscar orienta\u00e7\u00e3o m\u00e9dica para identificar poss\u00edveis defici\u00eancias nutricionais ou condi\u00e7\u00f5es de sa\u00fade subjacentes que possam estar contribuindo para a perda de cabelo.<\/p>\n\n\n\n<p>Para aqueles que j\u00e1 enfrentam a queda de cabelo, tratamentos como suplementa\u00e7\u00e3o vitam\u00ednica, medicamentos ou at\u00e9 mesmo transplantes capilares podem ser op\u00e7\u00f5es vi\u00e1veis, dependendo da causa subjacente. Consultar um profissional de sa\u00fade \u00e9 essencial para determinar o tratamento mais adequado.<\/p>\n\n\n\n<p>O estudo realizado na China lan\u00e7a luz sobre a import\u00e2ncia de moderar o consumo de bebidas a\u00e7ucaradas para preservar a sa\u00fade capilar e mental. Embora mais pesquisas sejam necess\u00e1rias para entender completamente a rela\u00e7\u00e3o entre a\u00e7\u00facar e queda de cabelo, os dados atuais sugerem que mudan\u00e7as no estilo de vida podem ter um impacto positivo significativo. Adotar uma dieta equilibrada e cuidar da sa\u00fade mental s\u00e3o passos fundamentais para manter os cabelos saud\u00e1veis e prevenir a calv\u00edcie.<\/p>\n","protected":false},"excerpt":{"rendered":"<p>Um estudo recente realizado na China trouxe \u00e0 tona preocupa\u00e7\u00f5es sobre o consumo di\u00e1rio de bebidas a\u00e7ucaradas e seu impacto na sa\u00fade capilar dos homens. Pesquisadores da Universidade de Tsinghua, em Pequim, descobriram que a ingest\u00e3o regular de refrigerantes e outras bebidas com alto teor de a\u00e7\u00facar pode aumentar significativamente o risco de queda de [&hellip;]<\/p>\n","protected":false},"author":8,"featured_media":10111,"comment_status":"open","ping_status":"open","sticky":false,"template":"","format":"standard","meta":{"_yoast_wpseo_focuskw":"homens","_yoast_wpseo_title":"","_yoast_wpseo_metadesc":"Descubra como o consumo dessa bebida pode aumentar em 57% o risco de calv\u00edcie nos homens, segundo estudos recentes.","jnews-multi-image_gallery":[],"jnews_single_post":{"format":"standard"},"jnews_primary_category":[],"jnews_social_meta":[],"jnews_override_counter":[],"footnotes":""},"categories":[119,169],"tags":[1632,1633,565],"class_list":["post-9997","post","type-post","status-publish","format-standard","has-post-thumbnail","hentry","category-bem-estar","category-noticias","tag-calvicie","tag-homens","tag-saude"],"yoast_head":"<!-- This site is optimized with the Yoast SEO plugin v24.6 - https:\/\/yoast.com\/wordpress\/plugins\/seo\/ -->\n<title>Consumir essa bebida aumenta 57% chance de calv\u00edcie nos homens - Correio Braziliense - Radar<\/title>\n<meta name=\"description\" content=\"Descubra como o consumo dessa bebida pode aumentar em 57% o risco de calv\u00edcie nos homens, segundo estudos recentes.\" \/>\n<meta name=\"robots\" content=\"index, follow, max-snippet:-1, max-image-preview:large, max-video-preview:-1\" \/>\n<link rel=\"canonical\" href=\"https:\/\/www.correiobraziliense.com.br\/cbradar\/consumir-essa-bebida-aumenta-57-chance-de-calvicie-nos-homens\/\" \/>\n<meta property=\"og:locale\" content=\"pt_BR\" \/>\n<meta property=\"og:type\" content=\"article\" \/>\n<meta property=\"og:title\" content=\"Consumir essa bebida aumenta 57% chance de calv\u00edcie nos homens - Correio Braziliense - Radar\" \/>\n<meta property=\"og:description\" content=\"Descubra como o consumo dessa bebida pode aumentar em 57% o risco de calv\u00edcie nos homens, segundo estudos recentes.\" \/>\n<meta property=\"og:url\" content=\"https:\/\/www.correiobraziliense.com.br\/cbradar\/consumir-essa-bebida-aumenta-57-chance-de-calvicie-nos-homens\/\" \/>\n<meta property=\"og:site_name\" content=\"Correio Braziliense - Radar\" \/>\n<meta property=\"article:published_time\" content=\"2025-03-10T12:23:00+00:00\" \/>\n<meta property=\"og:image\" content=\"https:\/\/www.correiobraziliense.com.br\/cbradar\/wp-content\/uploads\/2025\/03\/alopecia_1741324855184.jpg\" \/>\n\t<meta property=\"og:image:width\" content=\"1280\" \/>\n\t<meta property=\"og:image:height\" content=\"720\" \/>\n\t<meta property=\"og:image:type\" content=\"image\/jpeg\" \/>\n<meta name=\"author\" content=\"Maura Pereira\" \/>\n<meta name=\"twitter:card\" content=\"summary_large_image\" \/>\n<meta name=\"twitter:label1\" content=\"Escrito por\" \/>\n\t<meta name=\"twitter:data1\" content=\"Maura Pereira\" \/>\n\t<meta name=\"twitter:label2\" content=\"Est. tempo de leitura\" \/>\n\t<meta name=\"twitter:data2\" content=\"4 minutos\" \/>\n<!-- \/ Yoast SEO plugin. -->","yoast_head_json":{"title":"Consumir essa bebida aumenta 57% chance de calv\u00edcie nos homens - Correio Braziliense - Radar","description":"Descubra como o consumo dessa bebida pode aumentar em 57% o risco de calv\u00edcie nos homens, segundo estudos recentes.","robots":{"index":"index","follow":"follow","max-snippet":"max-snippet:-1","max-image-preview":"max-image-preview:large","max-video-preview":"max-video-preview:-1"},"canonical":"https:\/\/www.correiobraziliense.com.br\/cbradar\/consumir-essa-bebida-aumenta-57-chance-de-calvicie-nos-homens\/","og_locale":"pt_BR","og_type":"article","og_title":"Consumir essa bebida aumenta 57% chance de calv\u00edcie nos homens - Correio Braziliense - Radar","og_description":"Descubra como o consumo dessa bebida pode aumentar em 57% o risco de calv\u00edcie nos homens, segundo estudos recentes.","og_url":"https:\/\/www.correiobraziliense.com.br\/cbradar\/consumir-essa-bebida-aumenta-57-chance-de-calvicie-nos-homens\/","og_site_name":"Correio Braziliense - Radar","article_published_time":"2025-03-10T12:23:00+00:00","og_image":[{"width":1280,"height":720,"url":"https:\/\/www.correiobraziliense.com.br\/cbradar\/wp-content\/uploads\/2025\/03\/alopecia_1741324855184.jpg","type":"image\/jpeg"}],"author":"Maura Pereira","twitter_card":"summary_large_image","twitter_misc":{"Escrito por":"Maura Pereira","Est. tempo de leitura":"4 minutos"},"schema":{"@context":"https:\/\/schema.org","@graph":[{"@type":"WebPage","@id":"https:\/\/www.correiobraziliense.com.br\/cbradar\/consumir-essa-bebida-aumenta-57-chance-de-calvicie-nos-homens\/","url":"https:\/\/www.correiobraziliense.com.br\/cbradar\/consumir-essa-bebida-aumenta-57-chance-de-calvicie-nos-homens\/","name":"Consumir essa bebida aumenta 57% chance de calv\u00edcie nos homens - Correio Braziliense - Radar","isPartOf":{"@id":"https:\/\/www.correiobraziliense.com.br\/cbradar\/#website"},"primaryImageOfPage":{"@id":"https:\/\/www.correiobraziliense.com.br\/cbradar\/consumir-essa-bebida-aumenta-57-chance-de-calvicie-nos-homens\/#primaryimage"},"image":{"@id":"https:\/\/www.correiobraziliense.com.br\/cbradar\/consumir-essa-bebida-aumenta-57-chance-de-calvicie-nos-homens\/#primaryimage"},"thumbnailUrl":"https:\/\/www.correiobraziliense.com.br\/cbradar\/wp-content\/uploads\/2025\/03\/alopecia_1741324855184.jpg","datePublished":"2025-03-10T12:23:00+00:00","author":{"@id":"https:\/\/www.correiobraziliense.com.br\/cbradar\/#\/schema\/person\/4053c651a9bfc785afc6f4cbc9032fd3"},"description":"Descubra como o consumo dessa bebida pode aumentar em 57% o risco de calv\u00edcie nos homens, segundo estudos recentes.","breadcrumb":{"@id":"https:\/\/www.correiobraziliense.com.br\/cbradar\/consumir-essa-bebida-aumenta-57-chance-de-calvicie-nos-homens\/#breadcrumb"},"inLanguage":"pt-BR","potentialAction":[{"@type":"ReadAction","target":["https:\/\/www.correiobraziliense.com.br\/cbradar\/consumir-essa-bebida-aumenta-57-chance-de-calvicie-nos-homens\/"]}]},{"@type":"ImageObject","inLanguage":"pt-BR","@id":"https:\/\/www.correiobraziliense.com.br\/cbradar\/consumir-essa-bebida-aumenta-57-chance-de-calvicie-nos-homens\/#primaryimage","url":"https:\/\/www.correiobraziliense.com.br\/cbradar\/wp-content\/uploads\/2025\/03\/alopecia_1741324855184.jpg","contentUrl":"https:\/\/www.correiobraziliense.com.br\/cbradar\/wp-content\/uploads\/2025\/03\/alopecia_1741324855184.jpg","width":1280,"height":720,"caption":"Estresse e ansiedade podem causar ou agravar alopecia areata, al\u00e9m da calv\u00edcie androgen\u00e9tica. \/\/ Cr\u00e9ditos: depositphotos.com \/ PippiLongstocking"},{"@type":"BreadcrumbList","@id":"https:\/\/www.correiobraziliense.com.br\/cbradar\/consumir-essa-bebida-aumenta-57-chance-de-calvicie-nos-homens\/#breadcrumb","itemListElement":[{"@type":"ListItem","position":1,"name":"In\u00edcio","item":"https:\/\/www.correiobraziliense.com.br\/cbradar\/"},{"@type":"ListItem","position":2,"name":"Consumir essa bebida aumenta 57% chance de calv\u00edcie nos homens"}]},{"@type":"WebSite","@id":"https:\/\/www.correiobraziliense.com.br\/cbradar\/#website","url":"https:\/\/www.correiobraziliense.com.br\/cbradar\/","name":"Correio Braziliense - Radar","description":"Acompanhe as \u00faltimas not\u00edcias e fique bem informado sobre tudo o que acontece no Brasil e no mundo.","potentialAction":[{"@type":"SearchAction","target":{"@type":"EntryPoint","urlTemplate":"https:\/\/www.correiobraziliense.com.br\/cbradar\/?s={search_term_string}"},"query-input":{"@type":"PropertyValueSpecification","valueRequired":true,"valueName":"search_term_string"}}],"inLanguage":"pt-BR"},{"@type":"Person","@id":"https:\/\/www.correiobraziliense.com.br\/cbradar\/#\/schema\/person\/4053c651a9bfc785afc6f4cbc9032fd3","name":"Maura Pereira","image":{"@type":"ImageObject","inLanguage":"pt-BR","@id":"https:\/\/www.correiobraziliense.com.br\/cbradar\/#\/schema\/person\/image\/","url":"https:\/\/secure.gravatar.com\/avatar\/3effd6bdadfa447f15089c7f7144eaa6?s=96&d=mm&r=g","contentUrl":"https:\/\/secure.gravatar.com\/avatar\/3effd6bdadfa447f15089c7f7144eaa6?s=96&d=mm&r=g","caption":"Maura Pereira"},"sameAs":["https:\/\/www.correiobraziliense.com.br\/"],"url":"https:\/\/www.correiobraziliense.com.br\/cbradar\/author\/mauramyth\/"}]}},"_links":{"self":[{"href":"https:\/\/www.correiobraziliense.com.br\/cbradar\/wp-json\/wp\/v2\/posts\/9997","targetHints":{"allow":["GET"]}}],"collection":[{"href":"https:\/\/www.correiobraziliense.com.br\/cbradar\/wp-json\/wp\/v2\/posts"}],"about":[{"href":"https:\/\/www.correiobraziliense.com.br\/cbradar\/wp-json\/wp\/v2\/types\/post"}],"author":[{"embeddable":true,"href":"https:\/\/www.correiobraziliense.com.br\/cbradar\/wp-json\/wp\/v2\/users\/8"}],"replies":[{"embeddable":true,"href":"https:\/\/www.correiobraziliense.com.br\/cbradar\/wp-json\/wp\/v2\/comments?post=9997"}],"version-history":[{"count":9,"href":"https:\/\/www.correiobraziliense.com.br\/cbradar\/wp-json\/wp\/v2\/posts\/9997\/revisions"}],"predecessor-version":[{"id":10115,"href":"https:\/\/www.correiobraziliense.com.br\/cbradar\/wp-json\/wp\/v2\/posts\/9997\/revisions\/10115"}],"wp:featuredmedia":[{"embeddable":true,"href":"https:\/\/www.correiobraziliense.com.br\/cbradar\/wp-json\/wp\/v2\/media\/10111"}],"wp:attachment":[{"href":"https:\/\/www.correiobraziliense.com.br\/cbradar\/wp-json\/wp\/v2\/media?parent=9997"}],"wp:term":[{"taxonomy":"category","embeddable":true,"href":"https:\/\/www.correiobraziliense.com.br\/cbradar\/wp-json\/wp\/v2\/categories?post=9997"},{"taxonomy":"post_tag","embeddable":true,"href":"https:\/\/www.correiobraziliense.com.br\/cbradar\/wp-json\/wp\/v2\/tags?post=9997"}],"curies":[{"name":"wp","href":"https:\/\/api.w.org\/{rel}","templated":true}]}}